{"id":22424,"date":"2014-02-10T10:15:16","date_gmt":"2014-02-10T07:15:16","guid":{"rendered":"https:\/\/www.enerjigazetesi.ist\/?p=22424"},"modified":"2014-02-10T11:10:16","modified_gmt":"2014-02-10T08:10:16","slug":"iran-petrol-sozlesmelerini-iyilestirecek","status":"publish","type":"post","link":"https:\/\/www.enerjigazetesi.ist\/en\/iran-petrol-sozlesmelerini-iyilestirecek\/","title":{"rendered":"(Turkish) \u0130ran, Petrol S\u00f6zle\u015fmelerini \u0130yile\u015ftirecek!"},"content":{"rendered":"<p class=\"qtranxs-available-languages-message qtranxs-available-languages-message-en\">Sorry, this entry is only available in <a href=\"https:\/\/www.enerjigazetesi.ist\/tr\/wp-json\/wp\/v2\/posts\/22424\" class=\"qtranxs-available-language-link qtranxs-available-language-link-tr\" title=\"Turkish\">Turkish<\/a>. For the sake of viewer convenience, the content is shown below in the alternative language. You may click the link to switch the active language.<\/p><p><strong>\u0130ran, yapt\u0131r\u0131mlar\u0131n kald\u0131r\u0131lmaya ba\u015flanmas\u0131n\u0131n ard\u0131ndan olu\u015facak yeni ko\u015fullara uyum sa\u011flamak ve uluslararas\u0131 yat\u0131r\u0131mlar\u0131 \u00e7ekmek i\u00e7in petrol s\u00f6zle\u015fmelerinde iyile\u015ftirmeye gidiyor. Petrol S\u00f6zle\u015fmeleri Rezivyon Komitesi Ba\u015fkan\u0131 Mehdi H\u00fcseyni, \u0130ran\u2019\u0131n yeni petrol s\u00f6zle\u015fmesinin Temmuz ay\u0131nda Londra\u2019da d\u00fczenlenecek uluslararas\u0131 bir konferansta a\u00e7\u0131klanaca\u011f\u0131n\u0131 belirtti. \u0130ran Petrol Bakan\u0131 Bicen Zengene\u2019nin talimat\u0131yla kurulan Petrol S\u00f6zle\u015fmeleri Revizyon Komitesi, yapt\u0131r\u0131mlar\u0131n kald\u0131r\u0131lmas\u0131n\u0131n ard\u0131ndan olu\u015facak yeni pazar \u015fartlar\u0131nda \u00fclkeye daha fazla yabanc\u0131 sermaye ve uluslararas\u0131 petrol \u015firketini \u00e7ekmek i\u00e7in mevcut petrol anla\u015fmalar\u0131nda revize etmekle g\u00f6revlendirildi.<\/strong><\/p>\n<p>Komitenin kurulma amac\u0131n\u0131 yeni h\u00fck\u00fcmet ile gelen de\u011fi\u015fimler ve yapt\u0131r\u0131mlar\u0131n kald\u0131r\u0131lmas\u0131n\u0131n ard\u0131ndan petrol sekt\u00f6r\u00fcnde olu\u015facak yeni ortama haz\u0131rlanmak olarak tan\u0131mlayan H\u00fcseyni, d\u00fczenledi\u011fi bas\u0131n toplant\u0131s\u0131nda yeni petrol s\u00f6zle\u015fmesi hakk\u0131nda bilgi verdi. Petrol sat\u0131\u015flar\u0131na uygulanan yapt\u0131r\u0131mlardan sadece \u0130ran\u2019\u0131n de\u011fil d\u00fcnya petrol sekt\u00f6r\u00fcn\u00fcn zarar g\u00f6rd\u00fc\u011f\u00fcn\u00fc ifade eden H\u00fcseyni, \u201cD\u00fcnya genelinde g\u00fcn ge\u00e7ti<a href=\"https:\/\/www.enerjigazetesi.ist\/wp-content\/uploads\/2014\/02\/iran-petrol-sozlesmelerini-iyilestirecek.jpg\"><img loading=\"lazy\" class=\"alignleft size-medium wp-image-22428\" title=\"iran-petrol-sozlesmelerini-iyilestirecek\" src=\"https:\/\/www.enerjigazetesi.ist\/wp-content\/uploads\/2014\/02\/iran-petrol-sozlesmelerini-iyilestirecek-300x224.jpg\" alt=\"\" width=\"300\" height=\"224\" srcset=\"https:\/\/www.enerjigazetesi.ist\/wp-content\/uploads\/2014\/02\/iran-petrol-sozlesmelerini-iyilestirecek-300x224.jpg 300w, https:\/\/www.enerjigazetesi.ist\/wp-content\/uploads\/2014\/02\/iran-petrol-sozlesmelerini-iyilestirecek-66x50.jpg 66w, https:\/\/www.enerjigazetesi.ist\/wp-content\/uploads\/2014\/02\/iran-petrol-sozlesmelerini-iyilestirecek.jpg 500w\" sizes=\"(max-width: 300px) 100vw, 300px\" \/><\/a>k\u00e7e artan enerji ihtiyac\u0131 ve bu ihtiyac\u0131 kar\u015f\u0131lamak konusundaki kapasitenin yetersiz kalmas\u0131ndan duyulan endi\u015fe g\u00f6ze al\u0131nd\u0131\u011f\u0131nda s\u00fcreci engelleyen t\u00fcm etkenler uluslararas\u0131 talepler ve insanl\u0131\u011f\u0131n ihtiya\u00e7lar\u0131na kar\u015f\u0131 i\u015flenen su\u00e7tur\u201d a\u00e7\u0131klamas\u0131nda bulundu.<\/p>\n<p>\u0130ran\u2019\u0131n petrol sekt\u00f6r\u00fc i\u00e7in 150 milyar dolarl\u0131k yat\u0131r\u0131ma ihtiya\u00e7 duydu\u011funu belirten H\u00fcseyni, hem \u00fclkenin milli menfaatlerini hem de ayn\u0131 oranda rezerv ke\u015fiflerini artt\u0131rmay\u0131 hedeflediklerini ifade etti.<\/p>\n<p>\u00d6zel sekt\u00f6r\u00fcn petrol sekt\u00f6r\u00fcn\u00fcn gelece\u011fini belirleyece\u011fine inand\u0131klar\u0131n\u0131, bu nedenle yeni s\u00f6zle\u015fme format\u0131 ile uluslararas\u0131 \u015firketler i\u00e7in cazip \u015fartlar olu\u015fturulaca\u011f\u0131n\u0131 dile getiren H\u00fcseyni, \u015funlar\u0131 kaydetti:<\/p>\n<p>\u201cHi\u00e7bir \u00fclke yeni rezerv ke\u015ffi gibi risk ta\u015f\u0131yan projelerde i\u00e7 kaynaklar\u0131n\u0131 kullanmaz. \u0130ran\u2019da hen\u00fcz bu projeler i\u00e7in gerekli olan teknolojiye sahip de\u011filiz. Rezervlerin ke\u015ffedilmesi ve \u00fcretimin artt\u0131r\u0131lmas\u0131 i\u00e7in gerekli teknolojiyi ve yat\u0131r\u0131mlar\u0131 cazip bir ortam olu\u015fturmal\u0131y\u0131z. Ancak yine de hala yapt\u0131r\u0131mlar\u0131 s\u00fcrd\u00fcrmeye devam ederlerse \u00fclke i\u00e7indeki mali ve insan kaynaklar\u0131m\u0131zla \u00fcretimi artt\u0131rmaya devam edece\u011fiz.\u201d<\/p>\n<p>\u201cBy back s\u00f6zle\u015fmelerinin tek tarafl\u0131 olarak \u0130ran\u2019\u0131n \u00e7\u0131karlar\u0131n\u0131 korudu\u011funu ve yabanc\u0131 yat\u0131r\u0131mc\u0131lar\u0131n bu durumdan \u015fikayet\u00e7i oldu\u011fu ger\u00e7e\u011fini kabul etmeliyiz\u201d diyen H\u00fcseyni, yeni s\u00f6zle\u015fmede kazan-kazan esas\u0131na sad\u0131k kal\u0131narak uluslararas\u0131 normlara yakla\u015f\u0131ld\u0131\u011f\u0131n\u0131 belirtti.<\/p>\n<p>Yabanc\u0131 yat\u0131r\u0131mc\u0131lar\u0131n uzun s\u00fcreli ortakl\u0131k ve i\u015fbirli\u011finden yana oldu\u011funu dile getiren H\u00fcseyni, \u0130ran\u2019da bug\u00fcne kadar yabanc\u0131 petrol \u015firketlerine m\u00fcteahhit \u015firketlere uygulanan yasalar\u0131n dayat\u0131ld\u0131\u011f\u0131n\u0131 ve bunun de\u011fi\u015ftirilmesi gerekti\u011fini s\u00f6yledi. H\u00fcseyni, bunun yerli \u015firketler i\u00e7in tehdit de\u011fil f\u0131rsata d\u00f6n\u00fc\u015fece\u011fini ve yeni s\u00f6zle\u015fme modelinin hem yerli hem de yabanc\u0131 \u015firketler i\u00e7in bir\u00e7ok esneklik sa\u011flayaca\u011f\u0131n\u0131 kaydetti.<\/p>\n<p>H\u00fcseyni, mevcut yasalar gere\u011fi yat\u0131r\u0131mc\u0131lar\u0131n \u0130ranl\u0131 m\u00fcteahhitlerle \u00e7al\u0131\u015fma zorunlulu\u011fu oldu\u011funu ancak yeni d\u00fczenleme \u0130ranl\u0131 \u015firketlerin hisse oranlar\u0131na Petrol Bakanl\u0131\u011f\u0131n\u0131n karar verece\u011fini s\u00f6yledi.<\/p>\n<p>\u201c100 y\u0131ld\u0131r petrol\u00fcm\u00fcz var ancak bir tane bile \u00f6zel petrol \u015firketimiz yok\u201d ele\u015ftirisinde bulunan H\u00fcseyni, yeni d\u00fczenlemeler sayesinde birka\u00e7 y\u0131l i\u00e7erisinde \u0130ranl\u0131 \u015firketlerin uluslararas\u0131 \u015firketler seviyesine gelece\u011fini ifade etti.<\/p>\n<p>Yeni petrol s\u00f6zle\u015fmesinin nihai halinin a\u00e7\u0131klanaca\u011f\u0131 Londra semineri \u00f6ncesinde bu ay \u0130ran\u2019da seminer d\u00fczenleyeceklerini s\u00f6yleyen H\u00fcseyni, seminere kat\u0131lmak i\u00e7in Avrupa ve Asya\u2019dan bir\u00e7ok \u015firketten talep geldi\u011fini ekledi.<\/p>\n<p>H\u00fcseyni, son haftalarda \u00f6zellikle Avrupal\u0131 \u015firketler taraf\u0131ndan \u0130ran\u2019a ger\u00e7ekle\u015ftirilen ziyaret trafi\u011fi hakk\u0131nda, \u201cZiyaretler hemen yar\u0131n anla\u015fma imzalayaca\u011f\u0131m\u0131z anlam\u0131na gelmiyor. Enerji \u015firketlerinin hi\u00e7biri \u0130ran\u2019a uygulanan yapt\u0131r\u0131mlardan ho\u015fnut de\u011fildi. \u015eimdi yapt\u0131r\u0131mlar\u0131n kald\u0131r\u0131lmaya ba\u015flamas\u0131yla g\u00f6r\u00fc\u015fmelere tekrar ba\u015fland\u0131 ancak bu zaman alacak bir s\u00fcre\u00e7\u201d diye konu\u015ftu.<\/p>\n<p>Kaynak: <a href=\"http:\/\/ekonomi.haber7.com\/dunya-ekonomisi\/haber\/1125796-iran-petrol-sozlesmelerini-iyilestiriyor\" target=\"_blank\">Haber 7<\/a><\/p>","protected":false},"excerpt":{"rendered":"<p>Sorry, this entry is only available in Turkish. For the sake of viewer convenience, the content is shown below in the alternative language. You may click the link to switch the active language.\u0130ran, yapt\u0131r\u0131mlar\u0131n kald\u0131r\u0131lmaya ba\u015flanmas\u0131n\u0131n ard\u0131ndan olu\u015facak yeni ko\u015fullara uyum sa\u011flamak ve uluslararas\u0131 yat\u0131r\u0131mlar\u0131 \u00e7ekmek i\u00e7in petrol s\u00f6zle\u015fmelerinde iyile\u015ftirmeye gidiyor. Petrol S\u00f6zle\u015fmeleri Rezivyon Komitesi [&hellip;]<\/p>\n","protected":false},"author":1,"featured_media":22428,"comment_status":"open","ping_status":"open","sticky":false,"template":"","format":"standard","meta":[],"categories":[53,44],"tags":[63,67,1009,165,1333,11591,12737,59,79,2522,12736,12738],"views":518,"_links":{"self":[{"href":"https:\/\/www.enerjigazetesi.ist\/en\/wp-json\/wp\/v2\/posts\/22424"}],"collection":[{"href":"https:\/\/www.enerjigazetesi.ist\/en\/wp-json\/wp\/v2\/posts"}],"about":[{"href":"https:\/\/www.enerjigazetesi.ist\/en\/wp-json\/wp\/v2\/types\/post"}],"author":[{"embeddable":true,"href":"https:\/\/www.enerjigazetesi.ist\/en\/wp-json\/wp\/v2\/users\/1"}],"replies":[{"embeddable":true,"href":"https:\/\/www.enerjigazetesi.ist\/en\/wp-json\/wp\/v2\/comments?post=22424"}],"version-history":[{"count":5,"href":"https:\/\/www.enerjigazetesi.ist\/en\/wp-json\/wp\/v2\/posts\/22424\/revisions"}],"predecessor-version":[{"id":22431,"href":"https:\/\/www.enerjigazetesi.ist\/en\/wp-json\/wp\/v2\/posts\/22424\/revisions\/22431"}],"wp:featuredmedia":[{"embeddable":true,"href":"https:\/\/www.enerjigazetesi.ist\/en\/wp-json\/wp\/v2\/media\/22428"}],"wp:attachment":[{"href":"https:\/\/www.enerjigazetesi.ist\/en\/wp-json\/wp\/v2\/media?parent=22424"}],"wp:term":[{"taxonomy":"category","embeddable":true,"href":"https:\/\/www.enerjigazetesi.ist\/en\/wp-json\/wp\/v2\/categories?post=22424"},{"taxonomy":"post_tag","embeddable":true,"href":"https:\/\/www.enerjigazetesi.ist\/en\/wp-json\/wp\/v2\/tags?post=22424"}],"curies":[{"name":"wp","href":"https:\/\/api.w.org\/{rel}","templated":true}]}}