{"id":22377,"date":"2014-02-09T15:07:39","date_gmt":"2014-02-09T12:07:39","guid":{"rendered":"https:\/\/www.enerjigazetesi.ist\/?p=22377"},"modified":"2014-02-09T15:12:26","modified_gmt":"2014-02-09T12:12:26","slug":"yildiz-enerji-verimliligi-desteklerinde-petrol-ve-dogalgaz-aramalari-da-yararlanacak","status":"publish","type":"post","link":"https:\/\/www.enerjigazetesi.ist\/en\/yildiz-enerji-verimliligi-desteklerinde-petrol-ve-dogalgaz-aramalari-da-yararlanacak\/","title":{"rendered":"(Turkish) Enerji Verimlili\u011fi Desteklerinde Petrol ve Do\u011falgaz&#8230;"},"content":{"rendered":"<p class=\"qtranxs-available-languages-message qtranxs-available-languages-message-en\">Sorry, this entry is only available in <a href=\"https:\/\/www.enerjigazetesi.ist\/tr\/wp-json\/wp\/v2\/posts\/22377\" class=\"qtranxs-available-language-link qtranxs-available-language-link-tr\" title=\"Turkish\">Turkish<\/a>. For the sake of viewer convenience, the content is shown below in the alternative language. You may click the link to switch the active language.<\/p><p><strong>Enerji ve Tabii Kaynaklar Bakan\u0131 Taner Y\u0131ld\u0131z, Greenpeace ve t\u00fcm \u00e7evreci sivil toplum kurulu\u015flar\u0131n\u0131, enerjinin etkin kullan\u0131m\u0131 ve enerji verimlili\u011fini art\u0131rmaya y\u00f6nelik \u00e7al\u0131\u015fmalara destek olmaya \u00e7a\u011f\u0131rd\u0131. Y\u0131ld\u0131z, enerji verimlili\u011fi desteklerinden, petrol ve do\u011falgaz arama yat\u0131r\u0131mlar\u0131n\u0131n da yararlanaca\u011f\u0131n\u0131 a\u00e7\u0131klad\u0131.<\/strong><\/p>\n<p>&#8220;G\u00fc\u00e7l\u00fc Sanayi Verimli Enerji&#8221; slogan\u0131yla yola \u00e7\u0131k\u0131lan &#8220;Enerji Verimli Sanayi&#8221; projesi kapsam\u0131nda Gebze`de bir toplant\u0131 d\u00fczenlendi. Projeyle, sanayi kurulu\u015flar\u0131nda belirlenen 13 kategorideki enerji verimlili\u011fi projeleriyle on y\u0131lda 65 milyar TL de\u011ferinde enerji tasarrufu sa\u011flanmas\u0131 hedefleniyor. Bu hedef kapsam\u0131nda H\u00fck\u00fcmet, enerji verimlili\u011fine yat\u0131r\u0131m yapan sanayicileri, yat\u0131r\u0131m\u0131n yap\u0131ld\u0131\u011f\u0131 b\u00f6lgeye bak\u0131lmaks\u0131z\u0131n 5. b\u00f6lgeye yap\u0131lan yat\u0131r\u0131mlardan faydaland\u0131racak.<\/p>\n<p><strong>KAL\u0130TEY\u0130 D\u00dc\u015e\u00dcRMEDEN ETK\u0130N ENERJ\u0130 KULLANIMI<a href=\"https:\/\/www.enerjigazetesi.ist\/wp-content\/uploads\/2014\/02\/yildiz-petrol-ve-dogalgaz-aramalari-tesvik-edilecek.jpg\"><img loading=\"lazy\" class=\"alignright size-medium wp-image-22378\" title=\"yildiz-petrol-ve-dogalgaz-aramalari-tesvik-edilecek\" src=\"https:\/\/www.enerjigazetesi.ist\/wp-content\/uploads\/2014\/02\/yildiz-petrol-ve-dogalgaz-aramalari-tesvik-edilecek-300x204.jpg\" alt=\"\" width=\"300\" height=\"204\" srcset=\"https:\/\/www.enerjigazetesi.ist\/wp-content\/uploads\/2014\/02\/yildiz-petrol-ve-dogalgaz-aramalari-tesvik-edilecek-300x204.jpg 300w, https:\/\/www.enerjigazetesi.ist\/wp-content\/uploads\/2014\/02\/yildiz-petrol-ve-dogalgaz-aramalari-tesvik-edilecek-73x50.jpg 73w, https:\/\/www.enerjigazetesi.ist\/wp-content\/uploads\/2014\/02\/yildiz-petrol-ve-dogalgaz-aramalari-tesvik-edilecek.jpg 448w\" sizes=\"(max-width: 300px) 100vw, 300px\" \/><\/a><\/strong><br \/>\nEnerji ve Tabii Kaynaklar Bakan\u0131 Taner Y\u0131ld\u0131z, enerji verimli sanayi projesi kapsam\u0131ndaki toplant\u0131da yapt\u0131\u011f\u0131 konu\u015fmada, konutlarda, sanayide, ula\u015ft\u0131rmada, tar\u0131mda ve daha bir\u00e7ok alanda kaliteyi d\u00fc\u015f\u00fcrmeden enerjiyi en etkin \u015fekilde kullanmay\u0131 ve T\u00fcrkiye i\u00e7in \u00f6nemli kazan\u0131mlar sa\u011flamay\u0131 hedeflediklerini vurgulad\u0131. Y\u0131ld\u0131z, &#8220;Bug\u00fcn ba\u015flatt\u0131\u011f\u0131m\u0131z proje kapsam\u0131nda da hedefimiz; sanayicilerimizin enerji faturas\u0131n\u0131 en az y\u00fczde 30 azaltmak ve parasal olarak 10 y\u0131lda 65 milyar TL tasarruf etmek&#8221; diye konu\u015ftu.<\/p>\n<p><strong>PETROL VE GAZ DEPOLAMA TES\u0130SLER\u0130 DE YARARLANACAK<\/strong><br \/>\nHazine, Ekonomi Bakanl\u0131\u011f\u0131m\u0131z ve Enerji Bakanl\u0131\u011f\u0131 bir te\u015fvik i\u00e7in ortak \u00e7al\u0131\u015f\u0131yoruz. Bunun yak\u0131nda y\u00fcr\u00fcrl\u00fc\u011fe girece\u011fini en k\u0131sa s\u00fcrede g\u00f6rece\u011fiz. Bu te\u015fvik kapsam\u0131nda belli bir ton e\u015fde\u011fer petrolde kadar geri d\u00f6n\u00fc\u015f s\u00fcresi olan, azami be\u015f y\u0131lda yat\u0131r\u0131m\u0131 kendini amorte edecek enerji verimlili\u011fi yat\u0131r\u0131mlar\u0131 i\u00e7in bir d\u00fczenlememiz olacak. At\u0131k \u0131s\u0131dan elektrik elde edecek tesislerde, petrol ve do\u011falgaz aramalar\u0131, enerji terminal i\u015fletme tesisleri, do\u011falgaz depolama tesisleri de bu te\u015fvikler kapsam\u0131nda yer alacak.<\/p>\n<p><strong>GREENPEACE`E DESTEK \u00c7A\u011eRISI YAPTI<\/strong><br \/>\nBakan Taner Y\u0131ld\u0131z, toplant\u0131da s\u0131ras\u0131nda Greenpeace ve t\u00fcm \u00e7evreci sivil toplum kurulu\u015flara seslenerek, enerji verimlili\u011fi ve enerjinin etkin kullan\u0131m\u0131na ili\u015fkin \u00e7al\u0131\u015fmalara destek istedi. Bakan Y\u0131ld\u0131z, &#8220;Yerli enerji kaynaklar\u0131m\u0131z ve enerji verimlili\u011fi i\u00e7in tencere tava ile tan\u0131t\u0131m yapmak da serbest&#8221; dedi.<\/p>\n<p>Kaynak: <a href=\"http:\/\/www.enerjigunlugu.net\/yildiz:-petrol-ve-dogalgaz-aramalari-tesvik-edilec_7011.html\" target=\"_blank\">Enerji G\u00fcnl\u00fc\u011f\u00fc<\/a><\/p>","protected":false},"excerpt":{"rendered":"<p>Sorry, this entry is only available in Turkish. For the sake of viewer convenience, the content is shown below in the alternative language. You may click the link to switch the active language.Enerji ve Tabii Kaynaklar Bakan\u0131 Taner Y\u0131ld\u0131z, Greenpeace ve t\u00fcm \u00e7evreci sivil toplum kurulu\u015flar\u0131n\u0131, enerjinin etkin kullan\u0131m\u0131 ve enerji verimlili\u011fini art\u0131rmaya y\u00f6nelik \u00e7al\u0131\u015fmalara [&hellip;]<\/p>\n","protected":false},"author":1,"featured_media":22378,"comment_status":"open","ping_status":"open","sticky":false,"template":"","format":"standard","meta":[],"categories":[46,53,52,44],"tags":[710,92,226,63,67,1009,165,1412,12,614,12723,12722,12400,59,79,667],"views":737,"_links":{"self":[{"href":"https:\/\/www.enerjigazetesi.ist\/en\/wp-json\/wp\/v2\/posts\/22377"}],"collection":[{"href":"https:\/\/www.enerjigazetesi.ist\/en\/wp-json\/wp\/v2\/posts"}],"about":[{"href":"https:\/\/www.enerjigazetesi.ist\/en\/wp-json\/wp\/v2\/types\/post"}],"author":[{"embeddable":true,"href":"https:\/\/www.enerjigazetesi.ist\/en\/wp-json\/wp\/v2\/users\/1"}],"replies":[{"embeddable":true,"href":"https:\/\/www.enerjigazetesi.ist\/en\/wp-json\/wp\/v2\/comments?post=22377"}],"version-history":[{"count":9,"href":"https:\/\/www.enerjigazetesi.ist\/en\/wp-json\/wp\/v2\/posts\/22377\/revisions"}],"predecessor-version":[{"id":22380,"href":"https:\/\/www.enerjigazetesi.ist\/en\/wp-json\/wp\/v2\/posts\/22377\/revisions\/22380"}],"wp:featuredmedia":[{"embeddable":true,"href":"https:\/\/www.enerjigazetesi.ist\/en\/wp-json\/wp\/v2\/media\/22378"}],"wp:attachment":[{"href":"https:\/\/www.enerjigazetesi.ist\/en\/wp-json\/wp\/v2\/media?parent=22377"}],"wp:term":[{"taxonomy":"category","embeddable":true,"href":"https:\/\/www.enerjigazetesi.ist\/en\/wp-json\/wp\/v2\/categories?post=22377"},{"taxonomy":"post_tag","embeddable":true,"href":"https:\/\/www.enerjigazetesi.ist\/en\/wp-json\/wp\/v2\/tags?post=22377"}],"curies":[{"name":"wp","href":"https:\/\/api.w.org\/{rel}","templated":true}]}}