{"id":22367,"date":"2014-02-09T14:42:04","date_gmt":"2014-02-09T11:42:04","guid":{"rendered":"https:\/\/www.enerjigazetesi.ist\/?p=22367"},"modified":"2014-02-09T14:42:04","modified_gmt":"2014-02-09T11:42:04","slug":"almanyanin-gunes-enerjisi-kapasitesi-gecen-yil-yari-yariya-dustu","status":"publish","type":"post","link":"https:\/\/www.enerjigazetesi.ist\/en\/almanyanin-gunes-enerjisi-kapasitesi-gecen-yil-yari-yariya-dustu\/","title":{"rendered":"(Turkish) Almanya\u2019n\u0131n G\u00fcne\u015f Enerjisi Kapasitesi Ge\u00e7en Y\u0131l Yar\u0131 Yar\u0131ya D\u00fc\u015ft\u00fc&#8230;"},"content":{"rendered":"<p class=\"qtranxs-available-languages-message qtranxs-available-languages-message-en\">Sorry, this entry is only available in <a href=\"https:\/\/www.enerjigazetesi.ist\/tr\/wp-json\/wp\/v2\/posts\/22367\" class=\"qtranxs-available-language-link qtranxs-available-language-link-tr\" title=\"Turkish\">Turkish<\/a>. For the sake of viewer convenience, the content is shown below in the alternative language. You may click the link to switch the active language.<\/p><p><strong>Almanya\u2019da 2013 y\u0131l\u0131 toplam kurulu g\u00fcne\u015f enerjisi kapasitesi bir \u00f6nceki y\u0131la g\u00f6re yar\u0131 yar\u0131ya bir d\u00fc\u015f\u00fc\u015fle 3.3 GW olarak ger\u00e7ekle\u015fti. Almanya Federal Network Ajans\u0131 Bundesnetzagentur\u2019un yeni verilerine g\u00f6re Almanya`n\u0131n 2013 y\u0131l\u0131nda toplam kurulu g\u00fcne\u015f enerjisi kapasitesi 3.3<a href=\"https:\/\/www.enerjigazetesi.ist\/wp-content\/uploads\/2014\/02\/almanyanin-gunes-enerjisi-kapasitesi-gecen-yil-yari-yariya-dustu.jpg\"><img loading=\"lazy\" class=\"alignleft size-medium wp-image-22368\" title=\"almanyanin-gunes-enerjisi-kapasitesi-gecen-yil-yari-yariya-dustu\" src=\"https:\/\/www.enerjigazetesi.ist\/wp-content\/uploads\/2014\/02\/almanyanin-gunes-enerjisi-kapasitesi-gecen-yil-yari-yariya-dustu-300x200.jpg\" alt=\"\" width=\"300\" height=\"200\" srcset=\"https:\/\/www.enerjigazetesi.ist\/wp-content\/uploads\/2014\/02\/almanyanin-gunes-enerjisi-kapasitesi-gecen-yil-yari-yariya-dustu-300x200.jpg 300w, https:\/\/www.enerjigazetesi.ist\/wp-content\/uploads\/2014\/02\/almanyanin-gunes-enerjisi-kapasitesi-gecen-yil-yari-yariya-dustu-500x333.jpg 500w, https:\/\/www.enerjigazetesi.ist\/wp-content\/uploads\/2014\/02\/almanyanin-gunes-enerjisi-kapasitesi-gecen-yil-yari-yariya-dustu-75x50.jpg 75w, https:\/\/www.enerjigazetesi.ist\/wp-content\/uploads\/2014\/02\/almanyanin-gunes-enerjisi-kapasitesi-gecen-yil-yari-yariya-dustu.jpg 900w\" sizes=\"(max-width: 300px) 100vw, 300px\" \/><\/a> GW oldu. Bir \u00f6nceki y\u0131l toplam g\u00fcne\u015f enerjisi kapasitesi 7.6 GW idi.<\/strong><\/p>\n<p>2012 y\u0131l\u0131nda pazar ara\u015ft\u0131rma \u015firketi EuPD \u00fclkenin g\u00fcne\u015f enerjisi kapasitesini 2013 y\u0131l\u0131 i\u00e7in 3.9 GW olarak tahmin etmi\u015fti.<\/p>\n<p>Aral\u0131k ay\u0131n\u0131n kurulu kapasitesi \u00fclkenin destek plan\u0131n\u0131n alt\u0131nda ger\u00e7ekle\u015ferek 166 MW oldu.<\/p>\n<p>Yeni Alman koalisyon h\u00fck\u00fcmeti yaz\u0131n y\u00fcr\u00fcrl\u00fc\u011fe koymay\u0131 umdu\u011fu yeni enerji yasalar\u0131nda g\u00fcne\u015f enerjisi i\u00e7in 2.5 GW kapasite hedefi koymay\u0131 istiyor. H\u00fck\u00fcmet ayn\u0131 zamanda kendi enerjisini t\u00fcketenlerden vergi alma planlar\u0131 nedeniyle de ele\u015ftiriliyor.<\/p>\n<p>Alman g\u00fcne\u015f enerjisi ticaret grubu BSW-Solar\u2019\u0131n ba\u015fkan\u0131 G\u00fcnther H\u00e4ckl, durumu \u00e7ift\u00e7ileri te\u015fvik amac\u0131yla kendi bah\u00e7esinde yiyecek yeti\u015ftiren insanlardan vergi almaya benzeterek, \u201c \u0130klim dostu g\u00fcne\u015f enerjisi \u00fcreticilerin cezaland\u0131rmak sapk\u0131nca ve amaca ters d\u00fc\u015fen bir durum\u201d dedi.<\/p>\n<p>B\u00f6ylesi bir vergilendirmenin ayn\u0131 zamanda 900 bin ki\u015finin i\u015fini riske ataca\u011f\u0131 uyar\u0131s\u0131 da yap\u0131l\u0131yor.<\/p>\n<p>Kaynak: <a href=\"http:\/\/www.enerjigunlugu.net\/almanyanin-gunes-enerjisi-kapasitesi-gecen-yil-yar_6983.html\" target=\"_blank\">Enerji G\u00fcnl\u00fc\u011f\u00fc<\/a><\/p>","protected":false},"excerpt":{"rendered":"<p>Sorry, this entry is only available in Turkish. For the sake of viewer convenience, the content is shown below in the alternative language. You may click the link to switch the active language.Almanya\u2019da 2013 y\u0131l\u0131 toplam kurulu g\u00fcne\u015f enerjisi kapasitesi bir \u00f6nceki y\u0131la g\u00f6re yar\u0131 yar\u0131ya bir d\u00fc\u015f\u00fc\u015fle 3.3 GW olarak ger\u00e7ekle\u015fti. Almanya Federal Network [&hellip;]<\/p>\n","protected":false},"author":1,"featured_media":22368,"comment_status":"open","ping_status":"open","sticky":false,"template":"","format":"standard","meta":[],"categories":[53,49],"tags":[929,63,67,1009,165,227,13],"views":892,"_links":{"self":[{"href":"https:\/\/www.enerjigazetesi.ist\/en\/wp-json\/wp\/v2\/posts\/22367"}],"collection":[{"href":"https:\/\/www.enerjigazetesi.ist\/en\/wp-json\/wp\/v2\/posts"}],"about":[{"href":"https:\/\/www.enerjigazetesi.ist\/en\/wp-json\/wp\/v2\/types\/post"}],"author":[{"embeddable":true,"href":"https:\/\/www.enerjigazetesi.ist\/en\/wp-json\/wp\/v2\/users\/1"}],"replies":[{"embeddable":true,"href":"https:\/\/www.enerjigazetesi.ist\/en\/wp-json\/wp\/v2\/comments?post=22367"}],"version-history":[{"count":1,"href":"https:\/\/www.enerjigazetesi.ist\/en\/wp-json\/wp\/v2\/posts\/22367\/revisions"}],"predecessor-version":[{"id":22369,"href":"https:\/\/www.enerjigazetesi.ist\/en\/wp-json\/wp\/v2\/posts\/22367\/revisions\/22369"}],"wp:featuredmedia":[{"embeddable":true,"href":"https:\/\/www.enerjigazetesi.ist\/en\/wp-json\/wp\/v2\/media\/22368"}],"wp:attachment":[{"href":"https:\/\/www.enerjigazetesi.ist\/en\/wp-json\/wp\/v2\/media?parent=22367"}],"wp:term":[{"taxonomy":"category","embeddable":true,"href":"https:\/\/www.enerjigazetesi.ist\/en\/wp-json\/wp\/v2\/categories?post=22367"},{"taxonomy":"post_tag","embeddable":true,"href":"https:\/\/www.enerjigazetesi.ist\/en\/wp-json\/wp\/v2\/tags?post=22367"}],"curies":[{"name":"wp","href":"https:\/\/api.w.org\/{rel}","templated":true}]}}