{"id":22355,"date":"2014-02-09T13:56:03","date_gmt":"2014-02-09T10:56:03","guid":{"rendered":"https:\/\/www.enerjigazetesi.ist\/?p=22355"},"modified":"2014-02-09T13:56:39","modified_gmt":"2014-02-09T10:56:39","slug":"diyarbakirda-kaya-gazi-icin-gelecek-ay-catlama-asamasina-gecilecek","status":"publish","type":"post","link":"https:\/\/www.enerjigazetesi.ist\/en\/diyarbakirda-kaya-gazi-icin-gelecek-ay-catlama-asamasina-gecilecek\/","title":{"rendered":"(Turkish) Diyarbak\u0131r\u2019da Kaya Gaz\u0131 \u0130\u00e7in Gelecek Ay \u00c7atlama A\u015famas\u0131na Ge\u00e7ilecek!"},"content":{"rendered":"<p class=\"qtranxs-available-languages-message qtranxs-available-languages-message-en\">Sorry, this entry is only available in <a href=\"https:\/\/www.enerjigazetesi.ist\/tr\/wp-json\/wp\/v2\/posts\/22355\" class=\"qtranxs-available-language-link qtranxs-available-language-link-tr\" title=\"Turkish\">Turkish<\/a>. For the sake of viewer convenience, the content is shown below in the alternative language. You may click the link to switch the active language.<\/p><p><strong>Enerji kaynaklar\u0131n\u0131 \u00e7e\u015fitlendirme ve yerli \u00fcretimi art\u0131rmay\u0131 hedefleyen ekonomi y\u00f6netimi kaya gaz\u0131na y\u00f6nelik \u00e7al\u0131\u015fmalar\u0131n\u0131 h\u0131zland\u0131rd\u0131. Star Gazetesi\u2019nden Ercan Baysal\u2019\u0131n haberine g\u00f6re, ge\u00e7en y\u0131l sondaj\u0131n ba\u015flad\u0131\u011f\u0131 Diyarbak\u0131r\u2019daki Sar\u0131bu\u011fday-1 kuyusunda \u00f6n\u00fcm\u00fczdeki ay su pompalama i\u015flemi ile \u00e7atlatma a\u015famas\u0131na ge\u00e7iliyor. 3 bin 930 metreye inilen ve yatay olarak 1 kilometre gidilen \u00e7al\u0131\u015fmalarda \u00e7atlatman\u0131n yap\u0131lmas\u0131n\u0131n ard\u0131ndan gaz gelmesi beklenecek.<\/strong><\/p>\n<p>Genellikle \u00e7atlatman\u0131n ard\u0131ndan \u00fc\u00e7 ay sonra gaz gelmeye ba\u015flad\u0131\u011f\u0131n\u0131 ifade eden Enerji ve Tabii Kaynaklar Bakanl\u0131\u011f\u0131 yetkilileri, bu kuyunun ard\u0131ndan yeni sondajlar\u0131n ba\u015flayaca\u011f\u0131 m\u00fcjdesini verdi. \u00d6ncelikli olarak T\u00fcrkiye Petrolleri Anonim Ortakl\u0131\u011f\u0131 (TPAO) ile birlik<a href=\"https:\/\/www.enerjigazetesi.ist\/wp-content\/uploads\/2014\/02\/diyarbakirda-kaya-gazi-icin-gelecek-ay-catlama-asamasina-gecilecek.jpg\"><img loading=\"lazy\" class=\"alignright size-medium wp-image-22357\" title=\"diyarbakirda-kaya-gazi-icin-gelecek-ay-catlama-asamasina-gecilecek\" src=\"https:\/\/www.enerjigazetesi.ist\/wp-content\/uploads\/2014\/02\/diyarbakirda-kaya-gazi-icin-gelecek-ay-catlama-asamasina-gecilecek-300x212.jpg\" alt=\"\" width=\"300\" height=\"212\" srcset=\"https:\/\/www.enerjigazetesi.ist\/wp-content\/uploads\/2014\/02\/diyarbakirda-kaya-gazi-icin-gelecek-ay-catlama-asamasina-gecilecek-300x212.jpg 300w, https:\/\/www.enerjigazetesi.ist\/wp-content\/uploads\/2014\/02\/diyarbakirda-kaya-gazi-icin-gelecek-ay-catlama-asamasina-gecilecek-70x50.jpg 70w, https:\/\/www.enerjigazetesi.ist\/wp-content\/uploads\/2014\/02\/diyarbakirda-kaya-gazi-icin-gelecek-ay-catlama-asamasina-gecilecek.jpg 441w\" sizes=\"(max-width: 300px) 100vw, 300px\" \/><\/a>te Diyarbak\u0131r\u2019daki sondaj \u00e7al\u0131\u015fmas\u0131nda ortakl\u0131k yapan Shell firmas\u0131 kulesini 20 km ilerideki bir ba\u015fka kuyuya ta\u015f\u0131yarak yeni bir \u00e7al\u0131\u015fmaya ba\u015flayacak. G\u00fcneydo\u011fu Anadolu B\u00f6lgesi ba\u015fta olmak \u00fczere Trakya Havzas\u0131\u2019ndaki arama faaliyetleri de 2014 y\u0131l\u0131nda h\u0131z kazanm\u0131\u015f olacak.<\/p>\n<p>Yap\u0131lan ara\u015ft\u0131rmalara g\u00f6re her iki b\u00f6lgede de \u00f6nemli miktarda kaya gaz\u0131 potansiyeli bulundu\u011fu ifade ediliyor. Amerika\u2019n\u0131n \u00fcretim hamlesi ile d\u00fcnyan\u0131n dikkatini \u00e7ekmeye ba\u015flayan kaya gaz\u0131na, petrol ve do\u011falgazda \u00f6nemli oranda d\u0131\u015fa ba\u011f\u0131ml\u0131 olan T\u00fcrkiye\u2019de \u00f6zel \u00f6nem veriliyor. Uzmanlara g\u00f6re T\u00fcrkiye\u2019nin \u00fcretilebilir kaya gaz\u0131 rezervi 1.8 trilyon metrek\u00fcp olarak hesaplan\u0131yor. S\u00f6z konusu miktarla T\u00fcrkiye\u2019nin 40 y\u0131ll\u0131k gaz ihtiyac\u0131n kar\u015f\u0131lanabilece\u011fi ifade ediliyor. ABD de \u00f6nemli miktarda kaya gaz\u0131 \u00e7\u0131kar\u0131lmas\u0131n\u0131n ard\u0131ndan do\u011falgaz fiyatlar\u0131nda da b\u00fcy\u00fck d\u00fc\u015f\u00fc\u015fler meydana gelmi\u015fti.<\/p>\n<p>Diyarbak\u0131r Sar\u0131bu\u011fday-1 kuyusunda yap\u0131lan sondajda 3 bin 930 metreye inilirken buradaki \u00e7al\u0131\u015fmalar\u0131n 2014 y\u0131l\u0131nda tamamlanmas\u0131 planlan\u0131yor. G\u00fcneydo\u011fu Anadolu ve Trakya B\u00f6lgeleri\u2019nin yan\u0131 s\u0131ra Karadeniz, Do\u011fu Anadolu, Tuz G\u00f6l\u00fc civar\u0131 ve Toroslar, T\u00fcrkiye\u2019de kaya gaz\u0131 oldu\u011fu d\u00fc\u015f\u00fcn\u00fclen di\u011fer alanlar olarak \u00f6n plana \u00e7\u0131k\u0131yor.<\/p>\n<p>Kaynak: <a href=\"http:\/\/haber.stargazete.com\/sondakika\/diyarbakirin-kayasinda-gaz-kokusu-var\/haber-839822\" target=\"_blank\">Star Gazetesi<\/a><\/p>","protected":false},"excerpt":{"rendered":"<p>Sorry, this entry is only available in Turkish. For the sake of viewer convenience, the content is shown below in the alternative language. You may click the link to switch the active language.Enerji kaynaklar\u0131n\u0131 \u00e7e\u015fitlendirme ve yerli \u00fcretimi art\u0131rmay\u0131 hedefleyen ekonomi y\u00f6netimi kaya gaz\u0131na y\u00f6nelik \u00e7al\u0131\u015fmalar\u0131n\u0131 h\u0131zland\u0131rd\u0131. Star Gazetesi\u2019nden Ercan Baysal\u2019\u0131n haberine g\u00f6re, ge\u00e7en y\u0131l [&hellip;]<\/p>\n","protected":false},"author":1,"featured_media":22357,"comment_status":"open","ping_status":"open","sticky":false,"template":"","format":"standard","meta":[],"categories":[46,53],"tags":[12714,671,63,67,1009,165,168],"views":707,"_links":{"self":[{"href":"https:\/\/www.enerjigazetesi.ist\/en\/wp-json\/wp\/v2\/posts\/22355"}],"collection":[{"href":"https:\/\/www.enerjigazetesi.ist\/en\/wp-json\/wp\/v2\/posts"}],"about":[{"href":"https:\/\/www.enerjigazetesi.ist\/en\/wp-json\/wp\/v2\/types\/post"}],"author":[{"embeddable":true,"href":"https:\/\/www.enerjigazetesi.ist\/en\/wp-json\/wp\/v2\/users\/1"}],"replies":[{"embeddable":true,"href":"https:\/\/www.enerjigazetesi.ist\/en\/wp-json\/wp\/v2\/comments?post=22355"}],"version-history":[{"count":2,"href":"https:\/\/www.enerjigazetesi.ist\/en\/wp-json\/wp\/v2\/posts\/22355\/revisions"}],"predecessor-version":[{"id":22359,"href":"https:\/\/www.enerjigazetesi.ist\/en\/wp-json\/wp\/v2\/posts\/22355\/revisions\/22359"}],"wp:featuredmedia":[{"embeddable":true,"href":"https:\/\/www.enerjigazetesi.ist\/en\/wp-json\/wp\/v2\/media\/22357"}],"wp:attachment":[{"href":"https:\/\/www.enerjigazetesi.ist\/en\/wp-json\/wp\/v2\/media?parent=22355"}],"wp:term":[{"taxonomy":"category","embeddable":true,"href":"https:\/\/www.enerjigazetesi.ist\/en\/wp-json\/wp\/v2\/categories?post=22355"},{"taxonomy":"post_tag","embeddable":true,"href":"https:\/\/www.enerjigazetesi.ist\/en\/wp-json\/wp\/v2\/tags?post=22355"}],"curies":[{"name":"wp","href":"https:\/\/api.w.org\/{rel}","templated":true}]}}