{"id":22295,"date":"2014-02-07T10:35:39","date_gmt":"2014-02-07T07:35:39","guid":{"rendered":"https:\/\/www.enerjigazetesi.ist\/?p=22295"},"modified":"2014-02-07T10:35:39","modified_gmt":"2014-02-07T07:35:39","slug":"kose-yazisi-10-yilda-kendini-ikiye-katlayacak-baska-sektor-yok","status":"publish","type":"post","link":"https:\/\/www.enerjigazetesi.ist\/en\/kose-yazisi-10-yilda-kendini-ikiye-katlayacak-baska-sektor-yok\/","title":{"rendered":"(Turkish) K\u00f6\u015fe Yaz\u0131s\u0131: 10 Y\u0131lda Kendini \u0130kiye Katlayacak Ba\u015fka Sekt\u00f6r Yok!"},"content":{"rendered":"<p class=\"qtranxs-available-languages-message qtranxs-available-languages-message-en\">Sorry, this entry is only available in <a href=\"https:\/\/www.enerjigazetesi.ist\/tr\/wp-json\/wp\/v2\/posts\/22295\" class=\"qtranxs-available-language-link qtranxs-available-language-link-tr\" title=\"Turkish\">Turkish<\/a>. For the sake of viewer convenience, the content is shown below in the alternative language. You may click the link to switch the active language.<\/p><p><strong>Son haftalarda dikkat ettim, y\u00fcz milyonlarca dolarl\u0131k yat\u0131r\u0131mlarla \u00f6ne \u00e7\u0131kmaya \u00e7al\u0131\u015fan \u015firketlerin hemen hepsi enerjiye yat\u0131r\u0131m yapan \u015firketler. Bu s\u00fctunlarda ocak ay\u0131 i\u00e7inde enerji y\u00f6netimi alan\u0131nda 25 milyar euroyu a\u015fan cirosuyla bir d\u00fcnya devi olan Schneider Electric\u2019in T\u00fcrkiye yat\u0131r\u0131mlar\u0131n\u0131, \u201cT\u00fcrkiye\u2019nin mevcut sorunlar\u0131 yat\u0131r\u0131m kararlar\u0131m\u0131z\u0131 etkilemez\u201d diyen D\u00fcnya Ba\u015fkan\u0131 Jean Pascal Tricoire ile yapt\u0131\u011f\u0131m\u0131z sohbeti okudunuz.<\/strong><\/p>\n<p>Hemen akabinde bu kez <strong>Bis Enerji <\/strong>\u00e7at\u0131s\u0131 alt\u0131n<a href=\"https:\/\/www.enerjigazetesi.ist\/wp-content\/uploads\/2014\/02\/kose-yazisi-10-yilda-kendini-ikiye-katlayacak-baska-sektor-yok.jpg\"><img loading=\"lazy\" class=\"alignleft size-medium wp-image-22296\" title=\"kose-yazisi-10-yilda-kendini-ikiye-katlayacak-baska-sektor-yok\" src=\"https:\/\/www.enerjigazetesi.ist\/wp-content\/uploads\/2014\/02\/kose-yazisi-10-yilda-kendini-ikiye-katlayacak-baska-sektor-yok-300x201.jpg\" alt=\"\" width=\"300\" height=\"201\" srcset=\"https:\/\/www.enerjigazetesi.ist\/wp-content\/uploads\/2014\/02\/kose-yazisi-10-yilda-kendini-ikiye-katlayacak-baska-sektor-yok-300x201.jpg 300w, https:\/\/www.enerjigazetesi.ist\/wp-content\/uploads\/2014\/02\/kose-yazisi-10-yilda-kendini-ikiye-katlayacak-baska-sektor-yok-74x50.jpg 74w, https:\/\/www.enerjigazetesi.ist\/wp-content\/uploads\/2014\/02\/kose-yazisi-10-yilda-kendini-ikiye-katlayacak-baska-sektor-yok.jpg 412w\" sizes=\"(max-width: 300px) 100vw, 300px\" \/><\/a>da yer alan ve elektrik perakendecili\u011fine giren <strong>Bisen Elektrik\u2019in \u0130cra Kurulu Ba\u015fkan\u0131 Mesut Alparslan <\/strong>ile bulu\u015ftuk. Enerji sekt\u00f6r\u00fcnde en son enerji i\u015flerini tek \u00e7at\u0131 alt\u0131nda toplayarak <strong>Enerya <\/strong>markas\u0131n\u0131 \u00f6n plana \u00e7\u0131karan <strong>STFA\u2019n\u0131n CEO\u2019su Mehmet Ali Neyzi ve Enerya Genel M\u00fcd\u00fcr\u00fc Aslan Uzun <\/strong>ile enerji yat\u0131r\u0131mlar\u0131na, sekt\u00f6r\u00fcn gelece\u011fine ve t\u00fcketicileri nelerin bekledi\u011fine ili\u015fkin uzun bir sohbet yapt\u0131k.<\/p>\n<p>Yat\u0131r\u0131m yapan \u015firketlerin hepsi \u015fu g\u00fcnlerde oynak ve y\u00fckselen kurlardan tedirgin ancak kimse de yat\u0131r\u0131m\u0131ndan vazge\u00e7meyi d\u00fc\u015f\u00fcnm\u00fcyor.<\/p>\n<p>Neticede T\u00fcrkiye\u2019de \u00f6n\u00fcm\u00fczdeki 10 y\u0131lda enerji t\u00fcketiminin iki kat\u0131na \u00e7\u0131kmas\u0131, <strong>enerji verimlili\u011finde de \u00e7ok \u00f6nemli<\/strong> ad\u0131mlar\u0131n at\u0131lmas\u0131 bekleniyor.<\/p>\n<p>Sadece STFA, enerji sekt\u00f6r\u00fcne \u00f6n\u00fcm\u00fczdeki 5 y\u0131lda toplamda <strong>600 milyon lira yat\u0131r\u0131m <\/strong>yapmay\u0131 planl\u0131yor. Sadece da\u011f\u0131t\u0131mla de\u011fil Enerya, yenilenebilir enerji taraf\u0131nda da ciddi yat\u0131r\u0131mlar \u00f6ng\u00f6r\u00fcyor. Mehmet Ali Neyzi, <strong>\u2018T\u00fcrkiye\u2019de 10 y\u0131lda kendini ikiye katlayacak ba\u015fka sekt\u00f6r yok\u2019 <\/strong>diyor. Neyzi\u2019ye g\u00f6re t\u00fcm bu yat\u0131r\u0131mlar\u0131 da \u00f6zel sekt\u00f6r yapacak ve \u00f6n\u00fcm\u00fczdeki 10 y\u0131lda milyarlarca dolarl\u0131k yeni yat\u0131r\u0131mlar g\u00fcndeme gelecek.<\/p>\n<p><strong>Devam\u0131 i\u00e7in <a href=\"http:\/\/www.sabah.com.tr\/Yazarlar\/kadak\/2014\/02\/07\/10-yilda-kendini-ikiye-katlayacak-baska-sektor-yok\" rel=\"nofollow\" target=\"_blank\">TIKLAYINIZ&gt;&gt;<\/a><\/strong><\/p>\n<p>Kaynak: Sabah<\/p>","protected":false},"excerpt":{"rendered":"<p>Sorry, this entry is only available in Turkish. For the sake of viewer convenience, the content is shown below in the alternative language. You may click the link to switch the active language.Son haftalarda dikkat ettim, y\u00fcz milyonlarca dolarl\u0131k yat\u0131r\u0131mlarla \u00f6ne \u00e7\u0131kmaya \u00e7al\u0131\u015fan \u015firketlerin hemen hepsi enerjiye yat\u0131r\u0131m yapan \u015firketler. Bu s\u00fctunlarda ocak ay\u0131 i\u00e7inde [&hellip;]<\/p>\n","protected":false},"author":1,"featured_media":22296,"comment_status":"open","ping_status":"open","sticky":false,"template":"","format":"standard","meta":[],"categories":[51,53],"tags":[12152,12149,68,61,63,67,1009,165,18,12,12303],"views":433,"_links":{"self":[{"href":"https:\/\/www.enerjigazetesi.ist\/en\/wp-json\/wp\/v2\/posts\/22295"}],"collection":[{"href":"https:\/\/www.enerjigazetesi.ist\/en\/wp-json\/wp\/v2\/posts"}],"about":[{"href":"https:\/\/www.enerjigazetesi.ist\/en\/wp-json\/wp\/v2\/types\/post"}],"author":[{"embeddable":true,"href":"https:\/\/www.enerjigazetesi.ist\/en\/wp-json\/wp\/v2\/users\/1"}],"replies":[{"embeddable":true,"href":"https:\/\/www.enerjigazetesi.ist\/en\/wp-json\/wp\/v2\/comments?post=22295"}],"version-history":[{"count":1,"href":"https:\/\/www.enerjigazetesi.ist\/en\/wp-json\/wp\/v2\/posts\/22295\/revisions"}],"predecessor-version":[{"id":22297,"href":"https:\/\/www.enerjigazetesi.ist\/en\/wp-json\/wp\/v2\/posts\/22295\/revisions\/22297"}],"wp:featuredmedia":[{"embeddable":true,"href":"https:\/\/www.enerjigazetesi.ist\/en\/wp-json\/wp\/v2\/media\/22296"}],"wp:attachment":[{"href":"https:\/\/www.enerjigazetesi.ist\/en\/wp-json\/wp\/v2\/media?parent=22295"}],"wp:term":[{"taxonomy":"category","embeddable":true,"href":"https:\/\/www.enerjigazetesi.ist\/en\/wp-json\/wp\/v2\/categories?post=22295"},{"taxonomy":"post_tag","embeddable":true,"href":"https:\/\/www.enerjigazetesi.ist\/en\/wp-json\/wp\/v2\/tags?post=22295"}],"curies":[{"name":"wp","href":"https:\/\/api.w.org\/{rel}","templated":true}]}}