{"id":22263,"date":"2014-02-06T15:05:44","date_gmt":"2014-02-06T12:05:44","guid":{"rendered":"https:\/\/www.enerjigazetesi.ist\/?p=22263"},"modified":"2014-02-06T15:05:44","modified_gmt":"2014-02-06T12:05:44","slug":"antalya-havalimani-gunes-santrali-devrede","status":"publish","type":"post","link":"https:\/\/www.enerjigazetesi.ist\/en\/antalya-havalimani-gunes-santrali-devrede\/","title":{"rendered":"(Turkish) Antalya Havaliman\u0131 G\u00fcne\u015f Santrali Devrede&#8230;"},"content":{"rendered":"<p class=\"qtranxs-available-languages-message qtranxs-available-languages-message-en\">Sorry, this entry is only available in <a href=\"https:\/\/www.enerjigazetesi.ist\/tr\/wp-json\/wp\/v2\/posts\/22263\" class=\"qtranxs-available-language-link qtranxs-available-language-link-tr\" title=\"Turkish\">Turkish<\/a>. For the sake of viewer convenience, the content is shown below in the alternative language. You may click the link to switch the active language.<\/p><p><strong>Dalaman Havaliman\u0131 ve Antalya Havaliman\u0131\u2019na kurulu g\u00fcc\u00fc toplam 500 kWp olan zemine monte g\u00fcne\u015f enerjisi santralinin kurulumu tamamland\u0131. \u0130ki santralin y\u0131ll\u0131k enerji \u00fcretim kapasitesi ise toplam 796 bin 093 kw olarak tasarland\u0131.<\/strong><\/p>\n<p>Devlet Hava Meydanlar\u0131 \u0130\u015fletmesi Genel M\u00fcd\u00fcrl\u00fc\u011f\u00fc taraf\u0131ndan talep edilen proje kapsam\u0131nda haz\u0131rlanan iki g\u00fcne\u015f enerjisi santralinin yap\u0131m\u0131na A\u011fustos 2013 tarihinde ba\u015fland\u0131. G\u00fcne\u015f panelleri Yingli Solar T\u00fcrkiye taraf\u0131ndan tedarik edilen projede Form Solar, ihale sahibi olan \u0130peky\u00fcz Elektrik firmas\u0131na projelendirme, \u00fcr\u00fcn temini uygulama deste\u011fi ile birlikte devreye alma hizmeti sundu. \u00dc\u00e7 firman\u0131n i\u015f birli\u011fi sonucunda g\u00fcne\u015f enerjisi santralleri Aral\u0131k 2013 tarihinde devreye al\u0131nd\u0131.<\/p>\n<p><strong>U\u011eUR KILI\u00c7: YEN\u0130 PROJELER YOLDA<\/strong><br \/>\nYingli Solar T\u00fcrkiye \u00dclke M\u00fcd\u00fcr\u00fc U\u011f<a href=\"https:\/\/www.enerjigazetesi.ist\/wp-content\/uploads\/2014\/02\/antalya-havalimani-gunes-santrali-devrede.jpg\"><img loading=\"lazy\" class=\"alignleft size-medium wp-image-22264\" title=\"antalya-havalimani-gunes-santrali-devrede\" src=\"https:\/\/www.enerjigazetesi.ist\/wp-content\/uploads\/2014\/02\/antalya-havalimani-gunes-santrali-devrede-300x186.jpg\" alt=\"\" width=\"300\" height=\"186\" srcset=\"https:\/\/www.enerjigazetesi.ist\/wp-content\/uploads\/2014\/02\/antalya-havalimani-gunes-santrali-devrede-300x186.jpg 300w, https:\/\/www.enerjigazetesi.ist\/wp-content\/uploads\/2014\/02\/antalya-havalimani-gunes-santrali-devrede-80x50.jpg 80w, https:\/\/www.enerjigazetesi.ist\/wp-content\/uploads\/2014\/02\/antalya-havalimani-gunes-santrali-devrede.jpg 310w\" sizes=\"(max-width: 300px) 100vw, 300px\" \/><\/a>ur K\u0131l\u0131\u00e7, havalimanlar\u0131nda yap\u0131lan projeyi Form Solar ile birlikte h\u0131zla ve eksikiz bir \u015fekilde tamamlad\u0131klar\u0131n\u0131 belirterek, Yingli Solar\u2019\u0131n 2012 ve 2013 y\u0131l\u0131nda d\u00fcnya pazar lideri olarak kapatt\u0131klar\u0131n\u0131 hat\u0131rlatt\u0131. K\u0131l\u0131\u00e7 \u015funlar\u0131 s\u00f6yledi:<br \/>\n&#8220;Bu iki projede Yingli Solar\u2019\u0131n d\u00fcnya taraf\u0131ndan kalitesi ve verimlili\u011fi ispatlanm\u0131\u015f panellerimizi kulland\u0131k. Her projede 962 adet olmak \u00fczere toplam bin 924 adet260 W y\u00fcksek verimlilik sa\u011flayan Yingli Solar paneli yer ald\u0131. Bu panelleri DHM\u0130\u2019nin y\u00fcksek verimlilik talebine cevap vermek amac\u0131yla \u00e7ok h\u0131zl\u0131 bir \u015fekilde tedarik ederek, projeyi tamamlad\u0131k. Havalimanlar\u0131n\u0131n ihtiyac\u0131 olan elektrik ihtiyac\u0131n\u0131n b\u00fcy\u00fck bir b\u00f6l\u00fcm\u00fc Yingli Solar panelleriyle sa\u011flanacak. Yingli Solar olarak k\u0131sa zaman i\u00e7inde T\u00fcrkiye\u2019de pek \u00e7ok yeni projeyi hayata ge\u00e7irmeyi planl\u0131yoruz\u201d dedi.<\/p>\n<p><strong>BEHAR: YATIRIM \u0130\u00c7\u0130N EN UYGUN D\u00d6NEMDEY\u0130Z<\/strong><br \/>\nForm Temiz Enerji Genel M\u00fcd\u00fcr\u00fc Enis Behar ise havalimanlar\u0131, otel ve tatil merkezleri gibi g\u00fcn\u00fcn her saati elektrik enerjisine ihtiya\u00e7 duyan kurumlar\u0131n g\u00fcne\u015f enerjisi projelerine yat\u0131r\u0131m yapmalar\u0131n\u0131 olumlu bir geli\u015fme olarak de\u011ferlendirdi. T\u00fcrkiye\u2019nin g\u00fcne\u015f enerjisi bak\u0131m\u0131ndan \u00e7ok avantajl\u0131 bir \u00fclke oldu\u011funu anlatan Behar, \u015firketlerin bu kayna\u011f\u0131 en iyi \u015fekilde kullanmak i\u00e7in g\u00fcne\u015f enerjisi yat\u0131r\u0131mlar\u0131n\u0131 ge\u00e7 kalmadan yapmalar\u0131 gerekti\u011fini vurgulad\u0131. Behar`a g\u00f6re 2014 y\u0131l\u0131 g\u00fcne\u015f enerjisine bu yat\u0131r\u0131m yapmak i\u00e7in en uygun d\u00f6nem&#8230;<\/p>\n<p>Kaynak: <a href=\"http:\/\/www.enerjigunlugu.net\/antalya-havalimani-gunes-santrali-devrede_6963.html\" target=\"_blank\">Enerji G\u00fcnl\u00fc\u011f\u00fc<\/a><\/p>","protected":false},"excerpt":{"rendered":"<p>Sorry, this entry is only available in Turkish. For the sake of viewer convenience, the content is shown below in the alternative language. You may click the link to switch the active language.Dalaman Havaliman\u0131 ve Antalya Havaliman\u0131\u2019na kurulu g\u00fcc\u00fc toplam 500 kWp olan zemine monte g\u00fcne\u015f enerjisi santralinin kurulumu tamamland\u0131. \u0130ki santralin y\u0131ll\u0131k enerji \u00fcretim [&hellip;]<\/p>\n","protected":false},"author":1,"featured_media":22264,"comment_status":"open","ping_status":"open","sticky":false,"template":"","format":"standard","meta":[],"categories":[53,49],"tags":[12677,12676,63,67,1009,165,18,4433,12678,2326,227,13,2569,12679,6681,12680],"views":853,"_links":{"self":[{"href":"https:\/\/www.enerjigazetesi.ist\/en\/wp-json\/wp\/v2\/posts\/22263"}],"collection":[{"href":"https:\/\/www.enerjigazetesi.ist\/en\/wp-json\/wp\/v2\/posts"}],"about":[{"href":"https:\/\/www.enerjigazetesi.ist\/en\/wp-json\/wp\/v2\/types\/post"}],"author":[{"embeddable":true,"href":"https:\/\/www.enerjigazetesi.ist\/en\/wp-json\/wp\/v2\/users\/1"}],"replies":[{"embeddable":true,"href":"https:\/\/www.enerjigazetesi.ist\/en\/wp-json\/wp\/v2\/comments?post=22263"}],"version-history":[{"count":2,"href":"https:\/\/www.enerjigazetesi.ist\/en\/wp-json\/wp\/v2\/posts\/22263\/revisions"}],"predecessor-version":[{"id":22266,"href":"https:\/\/www.enerjigazetesi.ist\/en\/wp-json\/wp\/v2\/posts\/22263\/revisions\/22266"}],"wp:featuredmedia":[{"embeddable":true,"href":"https:\/\/www.enerjigazetesi.ist\/en\/wp-json\/wp\/v2\/media\/22264"}],"wp:attachment":[{"href":"https:\/\/www.enerjigazetesi.ist\/en\/wp-json\/wp\/v2\/media?parent=22263"}],"wp:term":[{"taxonomy":"category","embeddable":true,"href":"https:\/\/www.enerjigazetesi.ist\/en\/wp-json\/wp\/v2\/categories?post=22263"},{"taxonomy":"post_tag","embeddable":true,"href":"https:\/\/www.enerjigazetesi.ist\/en\/wp-json\/wp\/v2\/tags?post=22263"}],"curies":[{"name":"wp","href":"https:\/\/api.w.org\/{rel}","templated":true}]}}