{"id":22239,"date":"2014-02-06T10:27:22","date_gmt":"2014-02-06T07:27:22","guid":{"rendered":"https:\/\/www.enerjigazetesi.ist\/?p=22239"},"modified":"2014-02-06T10:27:22","modified_gmt":"2014-02-06T07:27:22","slug":"ocak-ayinda-2873-mw-kurulu-guc-devreye-alindi","status":"publish","type":"post","link":"https:\/\/www.enerjigazetesi.ist\/en\/ocak-ayinda-2873-mw-kurulu-guc-devreye-alindi\/","title":{"rendered":"(Turkish) Ocak Ay\u0131nda 287,3 MW Kurulu G\u00fc\u00e7 Devreye Al\u0131nd\u0131&#8230;"},"content":{"rendered":"<p class=\"qtranxs-available-languages-message qtranxs-available-languages-message-en\">Sorry, this entry is only available in <a href=\"https:\/\/www.enerjigazetesi.ist\/tr\/wp-json\/wp\/v2\/posts\/22239\" class=\"qtranxs-available-language-link qtranxs-available-language-link-tr\" title=\"Turkish\">Turkish<\/a>. For the sake of viewer convenience, the content is shown below in the alternative language. You may click the link to switch the active language.<\/p><p><strong>T\u00fcrkiye`de 2014 y\u0131l\u0131 Ocak ay\u0131nda top<a href=\"https:\/\/www.enerjigazetesi.ist\/wp-content\/uploads\/2014\/02\/ocak-ayinda-2873-mw-kurulu-guc-devreye-alindi.jpg\"><img loading=\"lazy\" class=\"size-medium wp-image-22240 alignleft\" title=\"ocak-ayinda-2873-mw-kurulu-guc-devreye-alindi\" src=\"https:\/\/www.enerjigazetesi.ist\/wp-content\/uploads\/2014\/02\/ocak-ayinda-2873-mw-kurulu-guc-devreye-alindi-300x204.jpg\" alt=\"\" width=\"300\" height=\"204\" srcset=\"https:\/\/www.enerjigazetesi.ist\/wp-content\/uploads\/2014\/02\/ocak-ayinda-2873-mw-kurulu-guc-devreye-alindi-300x204.jpg 300w, https:\/\/www.enerjigazetesi.ist\/wp-content\/uploads\/2014\/02\/ocak-ayinda-2873-mw-kurulu-guc-devreye-alindi-500x341.jpg 500w, https:\/\/www.enerjigazetesi.ist\/wp-content\/uploads\/2014\/02\/ocak-ayinda-2873-mw-kurulu-guc-devreye-alindi-73x50.jpg 73w, https:\/\/www.enerjigazetesi.ist\/wp-content\/uploads\/2014\/02\/ocak-ayinda-2873-mw-kurulu-guc-devreye-alindi.jpg 580w\" sizes=\"(max-width: 300px) 100vw, 300px\" \/><\/a>lam kurulu g\u00fc\u00e7leri 287,3 MW olan 21 \u00f6zel sekt\u00f6r elektrik santrali devreye al\u0131nd\u0131.<\/strong><\/p>\n<p>Ge\u00e7ti\u011fimiz ay devreye al\u0131nan elektrik santrallerinin 204,6 MW\u2019\u0131 hidroelektrik, 56 MW\u2019\u0131 r\u00fczgar ve 26,7 MW\u2019\u0131 termik santrallerden olu\u015ftu.<\/p>\n<p>Y\u0131l\u0131n ilk ay\u0131nda devreye al\u0131nan 21 elektrik santrali aras\u0131nda 5 do\u011falgaz santrali, 11 hidroelektrik santrali (HES), 5 R\u00fczgar enerjisi santrali (RES) bulunuyor.<\/p>\n<p>Kaynak: <a href=\"http:\/\/www.enerjigunlugu.net\/ocak-ayinda-2873-mw-kurulu-guc-devreye-alindi_6940.html\" target=\"_blank\">Enerji G\u00fcnl\u00fc\u011f\u00fc<\/a><\/p>","protected":false},"excerpt":{"rendered":"<p>Sorry, this entry is only available in Turkish. For the sake of viewer convenience, the content is shown below in the alternative language. You may click the link to switch the active language.T\u00fcrkiye`de 2014 y\u0131l\u0131 Ocak ay\u0131nda toplam kurulu g\u00fc\u00e7leri 287,3 MW olan 21 \u00f6zel sekt\u00f6r elektrik santrali devreye al\u0131nd\u0131. Ge\u00e7ti\u011fimiz ay devreye al\u0131nan elektrik [&hellip;]<\/p>\n","protected":false},"author":1,"featured_media":22240,"comment_status":"open","ping_status":"open","sticky":false,"template":"","format":"standard","meta":[],"categories":[51,53],"tags":[68,61,160,63,67,1009,165,1392,846],"views":799,"_links":{"self":[{"href":"https:\/\/www.enerjigazetesi.ist\/en\/wp-json\/wp\/v2\/posts\/22239"}],"collection":[{"href":"https:\/\/www.enerjigazetesi.ist\/en\/wp-json\/wp\/v2\/posts"}],"about":[{"href":"https:\/\/www.enerjigazetesi.ist\/en\/wp-json\/wp\/v2\/types\/post"}],"author":[{"embeddable":true,"href":"https:\/\/www.enerjigazetesi.ist\/en\/wp-json\/wp\/v2\/users\/1"}],"replies":[{"embeddable":true,"href":"https:\/\/www.enerjigazetesi.ist\/en\/wp-json\/wp\/v2\/comments?post=22239"}],"version-history":[{"count":1,"href":"https:\/\/www.enerjigazetesi.ist\/en\/wp-json\/wp\/v2\/posts\/22239\/revisions"}],"predecessor-version":[{"id":22241,"href":"https:\/\/www.enerjigazetesi.ist\/en\/wp-json\/wp\/v2\/posts\/22239\/revisions\/22241"}],"wp:featuredmedia":[{"embeddable":true,"href":"https:\/\/www.enerjigazetesi.ist\/en\/wp-json\/wp\/v2\/media\/22240"}],"wp:attachment":[{"href":"https:\/\/www.enerjigazetesi.ist\/en\/wp-json\/wp\/v2\/media?parent=22239"}],"wp:term":[{"taxonomy":"category","embeddable":true,"href":"https:\/\/www.enerjigazetesi.ist\/en\/wp-json\/wp\/v2\/categories?post=22239"},{"taxonomy":"post_tag","embeddable":true,"href":"https:\/\/www.enerjigazetesi.ist\/en\/wp-json\/wp\/v2\/tags?post=22239"}],"curies":[{"name":"wp","href":"https:\/\/api.w.org\/{rel}","templated":true}]}}