{"id":22235,"date":"2014-02-06T10:21:27","date_gmt":"2014-02-06T07:21:27","guid":{"rendered":"https:\/\/www.enerjigazetesi.ist\/?p=22235"},"modified":"2014-02-06T10:21:27","modified_gmt":"2014-02-06T07:21:27","slug":"suriye-kurtleri-de-petrolunu-turkiye-uzerinden-satmak-istiyor","status":"publish","type":"post","link":"https:\/\/www.enerjigazetesi.ist\/en\/suriye-kurtleri-de-petrolunu-turkiye-uzerinden-satmak-istiyor\/","title":{"rendered":"(Turkish) Suriye K\u00fcrtleri de Petrol\u00fcn\u00fc T\u00fcrkiye \u00dczerinden Satmak \u0130stiyor!"},"content":{"rendered":"<p class=\"qtranxs-available-languages-message qtranxs-available-languages-message-en\">Sorry, this entry is only available in <a href=\"https:\/\/www.enerjigazetesi.ist\/tr\/wp-json\/wp\/v2\/posts\/22235\" class=\"qtranxs-available-language-link qtranxs-available-language-link-tr\" title=\"Turkish\">Turkish<\/a>. For the sake of viewer convenience, the content is shown below in the alternative language. You may click the link to switch the active language.<\/p><p><strong>Suriye\u2019nin Rojava b\u00f6lgesinde 3 noktada \u00f6zerklik ilan eden K\u00fcrtler, demokratik \u00f6zerkliklerin PYD y\u00f6netimi olmad\u0131\u011f\u0131n\u0131 s\u00f6yl\u00fcyor, petrol \u00fcretimine haz\u0131rlan\u0131rken sat\u0131\u015f\u0131 T\u00fcrkiye \u00fczerinden yapmak istiyor. Esad y\u00f6netimiyle g\u00f6r\u00fc\u015fmediklerini vurgularken, Barzani y\u00f6netimini ele\u015ftiriyor. \u00dc\u00e7 b\u00f6lgede \u0130svi\u00e7re\u2019ye benzer \u00f6zerklik ilan eden Suriye\u2019nin Rojava b\u00f6lgesinde K\u00fcrtler, petrol \u00fcretimine haz\u0131rlan\u0131yor. PYD E\u015fba\u015fkan\u0131 Asya Abdullah, \u00f6zerk yap\u0131lar\u0131n ekonomik ayaklar\u0131n\u0131n kurulma \u00e7al\u0131\u015fmalar\u0131n\u0131n s\u00fcrd\u00fc\u011f\u00fcn\u00fc belirterek, \u201cPetrol \u00fcretimi konusu g\u00fcndemde. \u0130leride uluslararas\u0131 ticaret a\u00e7\u0131s\u0131ndan bir haz\u0131rl\u0131k yap\u0131l\u0131yor\u201d dedi.<\/strong><\/p>\n<p>Milliyet\u2019in haberine g\u00f6re, Abdullah, petrol\u00fc T\u00fcrkiye \u00fczerinden satmak i\u00e7in D\u0131\u015fi\u015fleri Bakanl\u0131\u011f\u0131 ile g\u00f6r\u00fc\u015fme yolunda temas kurduklar\u0131n\u0131 da s\u00f6yledi. PYD E\u015fba\u015fkan\u0131 Salih M\u00fcsl\u00fcm\u2019\u00fcn D\u0131\u015fi\u015fleri Bakanl\u0131\u011f\u0131 ile g\u00f6r\u00fc\u015fmeler yapt\u0131\u011f\u0131n\u0131 ancak bu g\u00f6r\u00fc\u015fmelerin kesildi\u011fini de aktaran Abdullah, \u201cNe kadar g\u00f6r\u00fc\u015fme olursa o kadar iyidir. Suriye\u2019nin gelece\u011fi i\u00e7in bunu \u00f6nemli buluyoruz. Bizim Suriye\u2019nin gelece\u011fine dair projelerimiz v<a href=\"https:\/\/www.enerjigazetesi.ist\/wp-content\/uploads\/2014\/02\/suriye-kurtleri-de-petrolunu-turkiye-uzerinden-satmak-istiyor.jpg\"><img loading=\"lazy\" class=\"alignleft size-medium wp-image-22236\" title=\"suriye-kurtleri-de-petrolunu-turkiye-uzerinden-satmak-istiyor\" src=\"https:\/\/www.enerjigazetesi.ist\/wp-content\/uploads\/2014\/02\/suriye-kurtleri-de-petrolunu-turkiye-uzerinden-satmak-istiyor-300x191.jpg\" alt=\"\" width=\"300\" height=\"191\" srcset=\"https:\/\/www.enerjigazetesi.ist\/wp-content\/uploads\/2014\/02\/suriye-kurtleri-de-petrolunu-turkiye-uzerinden-satmak-istiyor-300x191.jpg 300w, https:\/\/www.enerjigazetesi.ist\/wp-content\/uploads\/2014\/02\/suriye-kurtleri-de-petrolunu-turkiye-uzerinden-satmak-istiyor-78x50.jpg 78w, https:\/\/www.enerjigazetesi.ist\/wp-content\/uploads\/2014\/02\/suriye-kurtleri-de-petrolunu-turkiye-uzerinden-satmak-istiyor.jpg 446w\" sizes=\"(max-width: 300px) 100vw, 300px\" \/><\/a>ar, herkesle payla\u015fmak istiyoruz. Temel yakla\u015f\u0131m\u0131m\u0131z Suriye\u2019nin demokratikle\u015fmesidir. Suriye\u2019ye ili\u015fkin \u00e7\u00f6z\u00fcm tart\u0131\u015fmalar\u0131nda \u00f6nerilerimizin tart\u0131\u015f\u0131lmas\u0131 ve g\u00f6r\u00fc\u015fmeler yap\u0131lmas\u0131n\u0131 \u00f6neriyoruz. Bunu T\u00fcrkiye\u2019yle de g\u00f6r\u00fc\u015fmek ve diyaloga girmek istiyoruz\u201d dedi. \u201cDemokratik \u00f6zerklik\u201d ilan\u0131n\u0131n s\u0131n\u0131r \u00e7izilmesi anlam\u0131na gelmedi\u011fini ifade eden Abdullah, \u015f\u00f6yle devam etti:<\/p>\n<p>\u201c\u00dc\u00e7 kantonun \u00f6zerklik ilan\u0131 bir G\u00fcce kar\u015f\u0131 de\u011fildir. Demokratik bir sistemdir. S\u00f6zle\u015fme ve anayasada Suriye\u2019nin par\u00e7alanmas\u0131 ve s\u0131n\u0131rlar\u0131n \u00e7izilmesi meselesi yok. Cizire Kantonu\u2019nda y\u00f6netimdeki ilk \u00fc\u00e7 ki\u015fi biri Arap, biri Suryani, biri K\u00fcrt. Cizire kantonundaki farkl\u0131l\u0131klar\u0131n temsili olumlu y\u00f6nde \u00e7ok \u00f6nemli bir etki yaratt\u0131.\u201d<\/p>\n<p>Suriye\u2019nin gelece\u011fine y\u00f6nelik projelerini T\u00fcrkiye ile de payla\u015fmak istediklerini belirten Abdullah, \u201cTemel yakla\u015f\u0131m\u0131m\u0131z Suriye\u2019nin demokratikle\u015fmesidir. Bu projemizi, perspektifimizi Suriye halklar\u0131n\u0131n yarar\u0131na, halklar\u0131 i\u00e7in de demokratikle\u015fme ad\u0131mlar\u0131 olarak de\u011ferlendiriyoruz. Bunu T\u00fcrkiye\u2019yle de g\u00f6r\u00fc\u015fmek ve diyaloga girmek istiyoruz\u201d dedi.<\/p>\n<p>\u00d6te yandan, BBC T\u00fcrk\u00e7e\u2019nin sorular\u0131n\u0131 da cevaplayan Abdullah\u2019la Rojava\u2019daki geli\u015fmelerle T\u00fcrkiye\u2019nin ve Irak K\u00fcrdistan B\u00f6lgesel Y\u00f6netimi\u2019nin tavr\u0131n\u0131 de\u011ferlendirdi.<\/p>\n<p>Abdullah, Suriye\u2019nin kuzeyinde Rojava olarak adland\u0131r\u0131la b\u00f6lgede kurulan demokratik \u00f6zerkliklerin PYD y\u00f6netimi olmad\u0131\u011f\u0131n\u0131, I\u015e\u0130D (Irak \u015eam \u0130slam Devleti) \u00f6rg\u00fct\u00fcyle her an yeni \u00e7at\u0131\u015fmalar\u0131n ba\u015flayabilece\u011fini, Esad y\u00f6netimiyle g\u00f6r\u00fc\u015fmediklerini s\u00f6yledi. Abdullah ayr\u0131ca Rojava\u2019daki \u00f6zerklikle ilgili a\u00e7\u0131klamalar\u0131 nedeniyle Irak K\u00fcrdistan B\u00f6lgesel Y\u00f6netimi Ba\u015fkan\u0131 Mesut Barzani\u2019yi ele\u015ftirdi.<\/p>\n<p>Abdullah, Barzani\u2019nin \u201cRojava\u2019da bir devrim ger\u00e7ekle\u015fmedi\u201d \u015feklindeki s\u00f6z\u00fcn\u00fc an\u0131msatt\u0131 ve \u201cRojava halk\u0131n\u0131n bu s\u00f6z\u00fc kabul etmesi beklenmemelidir\u201d dedi. Barzani\u2019nin, Rojava konusunda T\u00fcrkiye ile \u201ctutum bezerli\u011fi sergiledi\u011fi\u201d y\u00f6n\u00fcndeki iddialar\u0131 i\u00e7in de \u201cBize g\u00f6re hi\u00e7bir g\u00fc\u00e7, ba\u015fka bir g\u00fc\u00e7 ad\u0131na siyaset yapmamal\u0131d\u0131r. Yani birilerinin kabul etti\u011fini ba\u015fkalar\u0131n\u0131n reddetmesi kabul edilebilir bir zihniyet de\u011fil\u201d de\u011ferlendirmesinde bulundu.<\/p>\n<p>\u2018Kantonlarda kurulan PYD y\u00f6netimi de\u011fil\u2019 Asya Abdullah, \u00f6zerkliklerin ard\u0131ndan \u2018\u00f6ncelikli olarak iki\u2019 hedeflerinin oldu\u011funu s\u00f6yledi. Abdullah, \u201cBirinci \u00f6ncelikli hedefimiz bakanl\u0131klar\u0131n ve bunlar\u0131n alt sisteminin yeniden \u00f6rg\u00fctlenmesi. \u0130kinci a\u015famada da bu bakanl\u0131klar \u00fczerinden toplumsal sorunlar\u0131 gidermeye \u00e7al\u0131\u015faca\u011f\u0131z\u201d dedi. Demokratik \u00f6zerklik modelinin bunu gerektirdi\u011fini s\u00f6yleyen Abdullah, kantonlar\u0131n ilan\u0131yla birlikte \u201cSon derece yanl\u0131\u015f beyanatlarda bulunuldu\u011funu, yanl\u0131\u015f de\u011ferlendirmeler yap\u0131ld\u0131\u011f\u0131n\u0131\u201d ileri s\u00fcrd\u00fc. Bu \u201cyanl\u0131\u015f de\u011ferlendirmeleri\u201d ise \u201c\u00d6rne\u011fin bunun PYD h\u00fck\u00fcmeti oldu\u011fu \u00f6ne s\u00fcr\u00fcld\u00fc. Oysa b\u00f6yle bir \u015fey s\u00f6z konusu de\u011fil\u201d diye a\u00e7\u0131klad\u0131.<\/p>\n<p>\u2018Kendilerini anlatmaya neden ihtiya\u00e7 duyduklar\u0131\u2019 y\u00f6n\u00fcndeki soruyu ise \u201cBaz\u0131 K\u00fcrt \u00f6rg\u00fctleri var ki bizim aleyhimizdeki en insafs\u0131z raporlar\u0131, de\u011ferlendirmeleri yap\u0131p bunlar\u0131 da uluslararas\u0131 g\u00fc\u00e7lere naklediyorlar. Bu yanl\u0131\u015f kanaati de\u011fi\u015ftirmek \u00fczere kendimizi anlatmak istiyoruz\u201d diye yan\u0131tlad\u0131.<\/p>\n<p>Abdullah, \u2018Gelinen bu noktada Rojava ve T\u00fcrkiye aras\u0131ndaki ili\u015fkiler hangi boyutta ilerliyor?\u2019 sorusunu ise \u201cBiz, T\u00fcrkiye\u2019nin var olan\u0131, g\u00fcn y\u00fcz\u00fcnde olan\u0131 desteklemesini istiyoruz. T\u00fcrkiye\u2019nin birtak\u0131m hesaplar\u0131 var ama Rojava\u2019daki sistem, T\u00fcrkiye kar\u015f\u0131t\u0131 bir sistem de\u011fil\u201d diye cevaplad\u0131.<\/p>\n<p>Kaynak: <a href=\"http:\/\/www.dunyabulteni.net\/haberler\/288686\/suriyeli-kurtler-de-petrolu-turkiye-uzerinden-satmak-istiyor\" target=\"_blank\">D\u00fcnya B\u00fclteni<\/a><\/p>","protected":false},"excerpt":{"rendered":"<p>Sorry, this entry is only available in Turkish. For the sake of viewer convenience, the content is shown below in the alternative language. You may click the link to switch the active language.Suriye\u2019nin Rojava b\u00f6lgesinde 3 noktada \u00f6zerklik ilan eden K\u00fcrtler, demokratik \u00f6zerkliklerin PYD y\u00f6netimi olmad\u0131\u011f\u0131n\u0131 s\u00f6yl\u00fcyor, petrol \u00fcretimine haz\u0131rlan\u0131rken sat\u0131\u015f\u0131 T\u00fcrkiye \u00fczerinden yapmak istiyor. [&hellip;]<\/p>\n","protected":false},"author":1,"featured_media":22236,"comment_status":"open","ping_status":"open","sticky":false,"template":"","format":"standard","meta":[],"categories":[53,44],"tags":[63,67,1009,165,59,79,12670,846],"views":598,"_links":{"self":[{"href":"https:\/\/www.enerjigazetesi.ist\/en\/wp-json\/wp\/v2\/posts\/22235"}],"collection":[{"href":"https:\/\/www.enerjigazetesi.ist\/en\/wp-json\/wp\/v2\/posts"}],"about":[{"href":"https:\/\/www.enerjigazetesi.ist\/en\/wp-json\/wp\/v2\/types\/post"}],"author":[{"embeddable":true,"href":"https:\/\/www.enerjigazetesi.ist\/en\/wp-json\/wp\/v2\/users\/1"}],"replies":[{"embeddable":true,"href":"https:\/\/www.enerjigazetesi.ist\/en\/wp-json\/wp\/v2\/comments?post=22235"}],"version-history":[{"count":2,"href":"https:\/\/www.enerjigazetesi.ist\/en\/wp-json\/wp\/v2\/posts\/22235\/revisions"}],"predecessor-version":[{"id":22238,"href":"https:\/\/www.enerjigazetesi.ist\/en\/wp-json\/wp\/v2\/posts\/22235\/revisions\/22238"}],"wp:featuredmedia":[{"embeddable":true,"href":"https:\/\/www.enerjigazetesi.ist\/en\/wp-json\/wp\/v2\/media\/22236"}],"wp:attachment":[{"href":"https:\/\/www.enerjigazetesi.ist\/en\/wp-json\/wp\/v2\/media?parent=22235"}],"wp:term":[{"taxonomy":"category","embeddable":true,"href":"https:\/\/www.enerjigazetesi.ist\/en\/wp-json\/wp\/v2\/categories?post=22235"},{"taxonomy":"post_tag","embeddable":true,"href":"https:\/\/www.enerjigazetesi.ist\/en\/wp-json\/wp\/v2\/tags?post=22235"}],"curies":[{"name":"wp","href":"https:\/\/api.w.org\/{rel}","templated":true}]}}