{"id":22168,"date":"2014-02-04T12:00:12","date_gmt":"2014-02-04T09:00:12","guid":{"rendered":"https:\/\/www.enerjigazetesi.ist\/?p=22168"},"modified":"2014-02-04T17:38:11","modified_gmt":"2014-02-04T14:38:11","slug":"enerji-verimliligi-derneginden-sanayicilere-buyuk-hizmet","status":"publish","type":"post","link":"https:\/\/www.enerjigazetesi.ist\/en\/enerji-verimliligi-derneginden-sanayicilere-buyuk-hizmet\/","title":{"rendered":"(Turkish) Enerji Verimlili\u011fi Derne\u011finden Sanayicilere B\u00fcy\u00fck Hizmet&#8230;"},"content":{"rendered":"<p class=\"qtranxs-available-languages-message qtranxs-available-languages-message-en\">Sorry, this entry is only available in <a href=\"https:\/\/www.enerjigazetesi.ist\/tr\/wp-json\/wp\/v2\/posts\/22168\" class=\"qtranxs-available-language-link qtranxs-available-language-link-tr\" title=\"Turkish\">Turkish<\/a>. For the sake of viewer convenience, the content is shown below in the alternative language. You may click the link to switch the active language.<\/p><p><strong>Denizli&#8217;de enerji verimlili\u011finin sa\u011flanmas\u0131 i\u00e7in \u00e7al\u0131\u015fmalar\u0131na h\u0131z veren Ene\u0131ji Verimlili\u011fi Derne\u011fi Denizli \u015eubesi, bu konuda ba\u015fta sanayiciler olmak \u00fczere toplumun t\u00fcm kesimlerini bilgilendirmeyi s\u00fcrd\u00fcr\u00fcyor. Altav VAROL Kuruldu\u011fu g\u00fcnden bu yana Denizli&#8217;de faaliyet g\u00f6steren Ene\u0131ji Verimlili\u011fi Deme\u011fi Denizli \u015eubesi, &#8220;Denizli \u0130li Sanayide Enerji Verimlili\u011fi Potansiyeli Taramas\u0131&#8221; projesi ile kentin tekstil sekt\u00f6r\u00fcndeki enerji tasarruf oranlar\u0131n\u0131 \u00e7\u0131kararak, tekstil sekt\u00f6r\u00fcnde ne kadar b\u00fcy\u00fck enerji kay\u0131plar\u0131 oldu\u011funu \u00e7\u0131kartt\u0131.<\/strong><\/p>\n<p>Enerji Verimlili\u011fi Derne\u011fi Denizli \u015eube Ba\u015fkan\u0131 Mehmet Akg\u00fcn; &#8220;Sanayicilerimizin en b\u00fcy\u00fck giderlerinden olan enerji maliyetleri hem kendi ekonomilerine hem de \u00fclke ekono<a href=\"https:\/\/www.enerjigazetesi.ist\/wp-content\/uploads\/2014\/02\/enerji-verimliligi-derneginden-sanayicilere-buyuk-hizmet.jpg\"><img loading=\"lazy\" class=\"alignleft size-medium wp-image-22169\" title=\"enerji-verimliligi-derneginden-sanayicilere-buyuk-hizmet\" src=\"https:\/\/www.enerjigazetesi.ist\/wp-content\/uploads\/2014\/02\/enerji-verimliligi-derneginden-sanayicilere-buyuk-hizmet-300x227.jpg\" alt=\"\" width=\"300\" height=\"227\" srcset=\"https:\/\/www.enerjigazetesi.ist\/wp-content\/uploads\/2014\/02\/enerji-verimliligi-derneginden-sanayicilere-buyuk-hizmet-300x227.jpg 300w, https:\/\/www.enerjigazetesi.ist\/wp-content\/uploads\/2014\/02\/enerji-verimliligi-derneginden-sanayicilere-buyuk-hizmet-65x50.jpg 65w, https:\/\/www.enerjigazetesi.ist\/wp-content\/uploads\/2014\/02\/enerji-verimliligi-derneginden-sanayicilere-buyuk-hizmet.jpg 374w\" sizes=\"(max-width: 300px) 100vw, 300px\" \/><\/a>mimize ciddi bir y\u00fckt\u00fcr. Biz dernek olarak bu maliyetlerin d\u00fc\u015fece\u011fine inand\u0131\u011f\u0131m\u0131z ve belirli bir tasarruf potansiyelimiz oldu\u011funu biliyorduk. Ama rakamlar\u0131n bu kadar ciddi boyutlarda \u00e7\u0131kmas\u0131n\u0131 a\u00e7\u0131k\u00e7a beklemiyorduk. \u00c7\u0131kan sonu\u00e7lara g\u00f6re ivedikle t\u00fcm sanayi sekt\u00f6rlerimizde ciddi bir enerji verimlilik \u00e7al\u0131\u015fmas\u0131 yap\u0131lmas\u0131 gerekmektedir&#8221; dedi.<\/p>\n<p><strong>\u00c7ALI\u015eMA SANAY\u0130C\u0130LERE ANLATILACAK<\/strong><\/p>\n<p>Enerji Verimlili\u011fi Deme\u011fi Denizli \u015eube Ba\u015fkan\u0131 Mehmet Akg\u00fcn; &#8220;Enerji Verimlili\u011fi Derne\u011fi Denizli \u015eubesi sanayiciler i\u00e7in yapm\u0131\u015f oldu\u011fu bu \u00e7al\u0131\u015fman\u0131n sonu\u00e7lar\u0131n\u0131 4 \u015eubat 2014 Sal\u0131 g\u00fcn\u00fc saat 14.00 &#8211; 16.00 aras\u0131 Denizli Organize Sanayi B\u00f6lge M\u00fcd\u00fcrl\u00fc\u011f\u00fc Konferans Salonunda Say\u0131n Valimiz Abd\u00fclkadir Demir&#8217;in ENERJ\u0130 VER\u0130ML\u0130L\u0130\u011e\u0130 DERNE\u011e\u0130 DEN\u0130ZL\u0130 \u015eUBES\u0130 de kat\u0131laca\u011f\u0131 bir toplant\u0131 ile t\u00fcm sanayicilerimiz ile payla\u015fmay\u0131 hedefliyor.<\/p>\n<p>Toplant\u0131da sekt\u00f6rde g\u00f6r\u00fclen enerji ka\u00e7aklar\u0131, al\u0131nabilecek \u00f6nlemler anlat\u0131laca\u011f\u0131 gibi; 25 Ocak tarihinde Enerji Bakan\u0131m\u0131z\u0131n Konya&#8217;da m\u00fcjdeledi\u011fi Enerji Verimlili\u011fi \u00fczerine yat\u0131r\u0131m yapacak sanayicilerimize 5. B\u00f6lge Te\u015fvik Kredilerinden nas\u0131l yararlan\u0131lacaklar\u0131 hakk\u0131nda bilgi verilecek&#8221; dedi. Toplant\u0131da ayr\u0131ca Denizli KOSGEB ve TURSEFF yetkililerinin de Enerji Verimlili\u011fi ve Yenilenebilir Enerji kaynaklar\u0131 destekleri hakk\u0131nda da bilgi verilece\u011fi belirtilerek, t\u00fcm sanayiciler davet edildi.<\/p>\n<p>Kaynak: <a href=\"http:\/\/www.pirsushaber.com\/enerji-verimliligi-derneginden-sanayicilere-buyuk-hizmet-303050ny.html\" target=\"_blank\">PirsusHaber<\/a><\/p>","protected":false},"excerpt":{"rendered":"<p>Sorry, this entry is only available in Turkish. For the sake of viewer convenience, the content is shown below in the alternative language. You may click the link to switch the active language.Denizli&#8217;de enerji verimlili\u011finin sa\u011flanmas\u0131 i\u00e7in \u00e7al\u0131\u015fmalar\u0131na h\u0131z veren Ene\u0131ji Verimlili\u011fi Derne\u011fi Denizli \u015eubesi, bu konuda ba\u015fta sanayiciler olmak \u00fczere toplumun t\u00fcm kesimlerini bilgilendirmeyi [&hellip;]<\/p>\n","protected":false},"author":1,"featured_media":22169,"comment_status":"open","ping_status":"open","sticky":false,"template":"","format":"standard","meta":[],"categories":[53,52],"tags":[845,12642,63,67,1009,165,12,12348,12641],"views":945,"_links":{"self":[{"href":"https:\/\/www.enerjigazetesi.ist\/en\/wp-json\/wp\/v2\/posts\/22168"}],"collection":[{"href":"https:\/\/www.enerjigazetesi.ist\/en\/wp-json\/wp\/v2\/posts"}],"about":[{"href":"https:\/\/www.enerjigazetesi.ist\/en\/wp-json\/wp\/v2\/types\/post"}],"author":[{"embeddable":true,"href":"https:\/\/www.enerjigazetesi.ist\/en\/wp-json\/wp\/v2\/users\/1"}],"replies":[{"embeddable":true,"href":"https:\/\/www.enerjigazetesi.ist\/en\/wp-json\/wp\/v2\/comments?post=22168"}],"version-history":[{"count":2,"href":"https:\/\/www.enerjigazetesi.ist\/en\/wp-json\/wp\/v2\/posts\/22168\/revisions"}],"predecessor-version":[{"id":22171,"href":"https:\/\/www.enerjigazetesi.ist\/en\/wp-json\/wp\/v2\/posts\/22168\/revisions\/22171"}],"wp:featuredmedia":[{"embeddable":true,"href":"https:\/\/www.enerjigazetesi.ist\/en\/wp-json\/wp\/v2\/media\/22169"}],"wp:attachment":[{"href":"https:\/\/www.enerjigazetesi.ist\/en\/wp-json\/wp\/v2\/media?parent=22168"}],"wp:term":[{"taxonomy":"category","embeddable":true,"href":"https:\/\/www.enerjigazetesi.ist\/en\/wp-json\/wp\/v2\/categories?post=22168"},{"taxonomy":"post_tag","embeddable":true,"href":"https:\/\/www.enerjigazetesi.ist\/en\/wp-json\/wp\/v2\/tags?post=22168"}],"curies":[{"name":"wp","href":"https:\/\/api.w.org\/{rel}","templated":true}]}}