{"id":22093,"date":"2014-02-03T18:31:32","date_gmt":"2014-02-03T15:31:32","guid":{"rendered":"https:\/\/www.enerjigazetesi.ist\/?p=22093"},"modified":"2014-02-03T18:31:55","modified_gmt":"2014-02-03T15:31:55","slug":"sahdeniz-2-gazi-denizden-tekfen-insaat-ile-cikacak","status":"publish","type":"post","link":"https:\/\/www.enerjigazetesi.ist\/en\/sahdeniz-2-gazi-denizden-tekfen-insaat-ile-cikacak\/","title":{"rendered":"(Turkish) \u015eahdeniz 2 Gaz\u0131 Denizden Tekfen \u0130n\u015faat \u0130le \u00c7\u0131kacak!"},"content":{"rendered":"<p class=\"qtranxs-available-languages-message qtranxs-available-languages-message-en\">Sorry, this entry is only available in <a href=\"https:\/\/www.enerjigazetesi.ist\/tr\/wp-json\/wp\/v2\/posts\/22093\" class=\"qtranxs-available-language-link qtranxs-available-language-link-tr\" title=\"Turkish\">Turkish<\/a>. For the sake of viewer convenience, the content is shown below in the alternative language. You may click the link to switch the active language.<\/p><p><strong>Azeri gaz\u0131n\u0131n T\u00fcrkiye \u00fczerinden Avrupa\u2019ya ta\u015f\u0131nmas\u0131n\u0131 hedefleyen 40 milyar dolarl\u0131k \u015eahdeniz 2 Projesi\u2019nde, muslu\u011fun ba\u015f\u0131na T\u00fcrkler ge\u00e7iyor. \u015eahdeniz 2 gaz\u0131n\u0131 denizden Tekfen \u0130n\u015faat \u00e7\u0131karacak.<\/strong><\/p>\n<p>Azeri do\u011falgaz\u0131n\u0131n, boru hatlar\u0131yla T\u00fcrkiye \u00fczerinden Avrupa\u2019ya ta\u015f\u0131nmas\u0131 projesi, kamuoyunda daha \u00e7ok T\u00fcrkiye\u2019deki ge\u00e7i\u015fini sa\u011flayacak Trans Anadolu Boru Hatt\u0131 (TANAP) ile biliniyor. Lakin TANAP\u2019\u0131n sadece bir aya\u011f\u0131n\u0131 olu\u015fturdu\u011fu bu proje, asl\u0131nda denizdeki platformlardan, gaz\u0131n \u00e7\u0131kar\u0131lmas\u0131na kadar yakla\u015f\u0131k alt\u0131 projenin birle\u015fmesinden olu\u015fan 40 milya<a href=\"https:\/\/www.enerjigazetesi.ist\/wp-content\/uploads\/2014\/02\/sahdeniz-2-gazi-denizden-tekfen-insaat-ile-cikacak.jpg\"><img loading=\"lazy\" class=\"alignright size-medium wp-image-22094\" title=\"sahdeniz-2-gazi-denizden-tekfen-insaat-ile-cikacak\" src=\"https:\/\/www.enerjigazetesi.ist\/wp-content\/uploads\/2014\/02\/sahdeniz-2-gazi-denizden-tekfen-insaat-ile-cikacak-300x205.jpg\" alt=\"\" width=\"300\" height=\"205\" srcset=\"https:\/\/www.enerjigazetesi.ist\/wp-content\/uploads\/2014\/02\/sahdeniz-2-gazi-denizden-tekfen-insaat-ile-cikacak-300x205.jpg 300w, https:\/\/www.enerjigazetesi.ist\/wp-content\/uploads\/2014\/02\/sahdeniz-2-gazi-denizden-tekfen-insaat-ile-cikacak-72x50.jpg 72w, https:\/\/www.enerjigazetesi.ist\/wp-content\/uploads\/2014\/02\/sahdeniz-2-gazi-denizden-tekfen-insaat-ile-cikacak.jpg 478w\" sizes=\"(max-width: 300px) 100vw, 300px\" \/><\/a>r dolarl\u0131k bir yat\u0131r\u0131m\u0131 kaps\u0131yor.<\/p>\n<p>H\u00fcrriyet\u2019ten Merve Erdil\u2019in haberine g\u00f6re, \u201c\u015eahdeniz 2\u201d olarak bilinen projeden pay almak isteyen T\u00fcrk \u015firketler ise sadece T\u00fcrkiye s\u0131n\u0131rlar\u0131 de\u011fil, t\u00fcm \u00fclkelerdeki ayaklar\u0131yla yak\u0131ndan ilgileniyor. Tekfen \u0130n\u015faat da bu \u015firketlerden biri. Tekfen \u0130n\u015faat, \u015eahdeniz 2 Projesi\u2019nde iki deniz platformu in\u015fa ederek, deyim yerindeyse \u201cmuslu\u011fun ba\u015f\u0131na ge\u00e7ecek\u201d. Tekfen \u0130n\u015faat Genel M\u00fcd\u00fcr\u00fc Levent Kafkasl\u0131, \u201c\u015eahdeniz yataklar\u0131nda bulunan gaz\u0131n \u00e7\u0131kar\u0131l\u0131p, yery\u00fcz\u00fcyle bulu\u015ftu\u011fu ilk noktadaki platformu biz in\u015fa edece\u011fiz\u201d \u015feklinde konu\u015ftu.<\/p>\n<p>Daha \u00f6nce Azerbaycan\u2019da petrol platformu in\u015fa ettiklerini Kafkasl\u0131, \u015f\u00f6yle devam etti: \u201cAzerbaycan\u2019da \u00fc\u00e7 petrol platformu in\u015fa etmi\u015ftik, \u015fimdi iki tane gaz platformunu ayn\u0131 sahada ayn\u0131 anda in\u015fa edece\u011fiz. Bu bizim i\u00e7in bir ilk. Gaz\u0131n i\u015flenece\u011fi kara terminalini de in\u015fa edece\u011fiz. \u0130mzalad\u0131\u011f\u0131m\u0131z projeler, 40 milyar dolarl\u0131k projenin yakla\u015f\u0131k 2 milyar dolarl\u0131k k\u0131sm\u0131, yani y\u00fczde 5\u2019ini olu\u015fturuyor. 2 platformun yap\u0131m\u0131n\u0131 \u00fcstlendi\u011fimiz konsorsiyumda \u0130ngiliz AMEC, Tekfen ve Tekfen-Socar ortakl\u0131\u011f\u0131ndaki Azfen olarak \u00fc\u00e7 orta\u011f\u0131z. Bu b\u00fcy\u00fckl\u00fckte platform yapan ba\u015fka T\u00fcrk m\u00fcteahhit yok.\u201d<\/p>\n<h2>Dev platformlar\u0131n \u00f6zellikleri<\/h2>\n<p>\u0130n\u015fa edilecek iki platformun toplam a\u011f\u0131rl\u0131\u011f\u0131 2.7 adet Eyfel Kulesi\u2019nin a\u011f\u0131rl\u0131\u011f\u0131na e\u015fit olacak<\/p>\n<p>\u0130ki platformu denizde birbirine ba\u011flayacak olan 51.2m\u2019lik k\u00f6pr\u00fc, tarihi Urluca K\u00f6pr\u00fcs\u00fc uzunlu\u011funda olacak<\/p>\n<p>Platformlar\u0131n birinde 100 ki\u015finin konaklayabilece\u011fi yakla\u015f\u0131k 3 katl\u0131 mod\u00fcler bina olacak<\/p>\n<p>Platformda ula\u015f\u0131m\u0131 havadan sa\u011flamaya imk\u00e2n verecek helikopter pisti in\u015fa edilecek<\/p>\n<p>Platformlar\u0131n in\u015faat\u0131nda i\u015fveren temsilcileri ile birlikte yakla\u015f\u0131k 4 bin 500 ki\u015fi \u00e7al\u0131\u015facak<\/p>\n<p><strong>Haberin Devam\u0131 i\u00e7in <a href=\"http:\/\/www.hurriyet.com.tr\/ekonomi\/25711304.asp\" rel=\"nofollow\" target=\"_blank\">TIKLAYINIZ &gt;&gt;<\/a><\/strong><\/p>\n<p>Kaynak: H\u00fcrriyet<\/p>","protected":false},"excerpt":{"rendered":"<p>Sorry, this entry is only available in Turkish. For the sake of viewer convenience, the content is shown below in the alternative language. You may click the link to switch the active language.Azeri gaz\u0131n\u0131n T\u00fcrkiye \u00fczerinden Avrupa\u2019ya ta\u015f\u0131nmas\u0131n\u0131 hedefleyen 40 milyar dolarl\u0131k \u015eahdeniz 2 Projesi\u2019nde, muslu\u011fun ba\u015f\u0131na T\u00fcrkler ge\u00e7iyor. \u015eahdeniz 2 gaz\u0131n\u0131 denizden Tekfen \u0130n\u015faat [&hellip;]<\/p>\n","protected":false},"author":1,"featured_media":22094,"comment_status":"open","ping_status":"open","sticky":false,"template":"","format":"standard","meta":[],"categories":[46,53],"tags":[5929,3307,92,226,63,67,1009,165,12623,11072,5748,846],"views":1204,"_links":{"self":[{"href":"https:\/\/www.enerjigazetesi.ist\/en\/wp-json\/wp\/v2\/posts\/22093"}],"collection":[{"href":"https:\/\/www.enerjigazetesi.ist\/en\/wp-json\/wp\/v2\/posts"}],"about":[{"href":"https:\/\/www.enerjigazetesi.ist\/en\/wp-json\/wp\/v2\/types\/post"}],"author":[{"embeddable":true,"href":"https:\/\/www.enerjigazetesi.ist\/en\/wp-json\/wp\/v2\/users\/1"}],"replies":[{"embeddable":true,"href":"https:\/\/www.enerjigazetesi.ist\/en\/wp-json\/wp\/v2\/comments?post=22093"}],"version-history":[{"count":2,"href":"https:\/\/www.enerjigazetesi.ist\/en\/wp-json\/wp\/v2\/posts\/22093\/revisions"}],"predecessor-version":[{"id":22096,"href":"https:\/\/www.enerjigazetesi.ist\/en\/wp-json\/wp\/v2\/posts\/22093\/revisions\/22096"}],"wp:featuredmedia":[{"embeddable":true,"href":"https:\/\/www.enerjigazetesi.ist\/en\/wp-json\/wp\/v2\/media\/22094"}],"wp:attachment":[{"href":"https:\/\/www.enerjigazetesi.ist\/en\/wp-json\/wp\/v2\/media?parent=22093"}],"wp:term":[{"taxonomy":"category","embeddable":true,"href":"https:\/\/www.enerjigazetesi.ist\/en\/wp-json\/wp\/v2\/categories?post=22093"},{"taxonomy":"post_tag","embeddable":true,"href":"https:\/\/www.enerjigazetesi.ist\/en\/wp-json\/wp\/v2\/tags?post=22093"}],"curies":[{"name":"wp","href":"https:\/\/api.w.org\/{rel}","templated":true}]}}