{"id":22085,"date":"2014-02-03T14:14:57","date_gmt":"2014-02-03T11:14:57","guid":{"rendered":"https:\/\/www.enerjigazetesi.ist\/?p=22085"},"modified":"2014-02-03T14:14:57","modified_gmt":"2014-02-03T11:14:57","slug":"danimarka-ve-baeden-yenilenebilir-enerji-alaninda-isbirligi","status":"publish","type":"post","link":"https:\/\/www.enerjigazetesi.ist\/en\/danimarka-ve-baeden-yenilenebilir-enerji-alaninda-isbirligi\/","title":{"rendered":"(Turkish) Danimarka ve BAE&#8217;den Yenilenebilir Enerji Alan\u0131nda \u0130\u015fbirli\u011fi!"},"content":{"rendered":"<p class=\"qtranxs-available-languages-message qtranxs-available-languages-message-en\">Sorry, this entry is only available in <a href=\"https:\/\/www.enerjigazetesi.ist\/tr\/wp-json\/wp\/v2\/posts\/22085\" class=\"qtranxs-available-language-link qtranxs-available-language-link-tr\" title=\"Turkish\">Turkish<\/a>. For the sake of viewer convenience, the content is shown below in the alternative language. You may click the link to switch the active language.<\/p><p><strong>Danimarka ve Birle\u015fik Arap Emirlikleri yenilenebilir ve s\u00fcrd\u00fcr\u00fclebilir enerjiyi geli\u015ftirmek i\u00e7in i\u015fbirli\u011fi anla\u015fmas\u0131 imzalad\u0131lar. Temiz enerjinin d\u00fcnyadaki iki \u00f6nemli temsilcisi olan Danimarka ve Birle\u015fik Arap Emirlikleri yenilenebilir enerjide i\u015fbirli\u011fi anla\u015fmas\u0131 imzalad\u0131lar. Anla\u015fma ge\u00e7ti\u011fimiz hafta Abu Dhabi\u2019de Birle\u015fik Arap Emirlikleri Masdar y\u00f6netim kurulu ba\u015fkan\u0131 Dr. Sultan El Cabir ile Danimarka Kalk\u0131nma ve \u0130\u015fbirli\u011fi Bakan\u0131 Rasmus Helveg Petersen taraf\u0131ndan imzaland\u0131.<\/strong><\/p>\n<p>Anla\u015fma, s\u00fcrd\u00fcr\u00fclebilir geli\u015fmeleri desteklemede politika i\u015fbirli\u011fi, ticari yenilenebilir enerji geli\u015fmeleri ve karbon azatl\u0131m ve depolama tekniklerini geli\u015ftirme gibi de\u011fi\u015fik i\u015fbirli\u011fi alanlar\u0131n\u0131 kaps\u0131yor.<a href=\"https:\/\/www.enerjigazetesi.ist\/wp-content\/uploads\/2014\/02\/danimarka-ve-baeden-yenilenebilir-enerji-alaninda-isbirligi.jpg\"><img loading=\"lazy\" class=\"alignright size-medium wp-image-22086\" title=\"danimarka-ve-baeden-yenilenebilir-enerji-alaninda-isbirligi\" src=\"https:\/\/www.enerjigazetesi.ist\/wp-content\/uploads\/2014\/02\/danimarka-ve-baeden-yenilenebilir-enerji-alaninda-isbirligi-300x195.jpg\" alt=\"\" width=\"300\" height=\"195\" srcset=\"https:\/\/www.enerjigazetesi.ist\/wp-content\/uploads\/2014\/02\/danimarka-ve-baeden-yenilenebilir-enerji-alaninda-isbirligi-300x195.jpg 300w, https:\/\/www.enerjigazetesi.ist\/wp-content\/uploads\/2014\/02\/danimarka-ve-baeden-yenilenebilir-enerji-alaninda-isbirligi-76x50.jpg 76w, https:\/\/www.enerjigazetesi.ist\/wp-content\/uploads\/2014\/02\/danimarka-ve-baeden-yenilenebilir-enerji-alaninda-isbirligi.jpg 356w\" sizes=\"(max-width: 300px) 100vw, 300px\" \/><\/a><\/p>\n<p>Dr. Sultan El Cabir, toplumlarda kaynak verimlili\u011fini sa\u011flamak i\u00e7in d\u00fcnyan\u0131n enerji kaynaklar\u0131n\u0131 \u00e7e\u015fitlendirmek ve ileri teknolojileri h\u0131zland\u0131rmak zorunda oldu\u011funu belirterek, \u201c \u0130\u015fbirli\u011fini artt\u0131rmak artan global enerji ihtiyac\u0131n\u0131 kar\u015f\u0131lamak ve iklim de\u011fi\u015fikli\u011finin etkilerini azaltmak i\u00e7in kritik \u00f6nemdedir. Ancak bu iki sorunu \u00e7\u00f6zmek \u00f6zel sekt\u00f6r yat\u0131r\u0131mlar\u0131n\u0131 \u00e7ekmek ve teknolojinin s\u0131n\u0131rlar\u0131n\u0131 zorlamak i\u00e7in ekonomik bir f\u0131rsat olarak g\u00f6r\u00fclmelidir\u201d dedi.<\/p>\n<p>\u0130\u015fbirli\u011fi planlar\u0131ndan biri Abu Dhabi\u2019nin temiz teknoloji \u015fehri olan Masdar City\u2019nin Danimarkal\u0131 \u015firketlerin Orta Do\u011fu\u2019da s\u00fcrd\u00fcr\u00fclebilir teknolojileri uyarlamay\u0131 h\u0131zland\u0131rmalar\u0131nda bir merkez olmas\u0131.<\/p>\n<p>Petersen, Abu Dhabi ve Danimarka\u2019n\u0131n temiz enerjiye yat\u0131r\u0131m yapman\u0131n ve yayg\u0131nla\u015ft\u0131rman\u0131n ekonomik ve \u00e7evresel yararlar\u0131n\u0131 fark etti\u011fini belirterek, \u201c Bu ortakl\u0131k uzmanl\u0131klar\u0131m\u0131z\u0131 payla\u015fmak ve temiz enerji ve s\u00fcrd\u00fcr\u00fclebilir projeleri geli\u015ftirmek i\u00e7in bize \u00f6zel f\u0131rsatlar ve teknoloji alanlar\u0131 sunuyor. \u00d6zellikle Masdar City\u2019de parlak bir Danimarka projesi in\u015fa etmek, Abu Dabi\u2019nin g\u00fc\u00e7l\u00fc yeni enerji end\u00fcstrisi ve Danimarka\u2019n\u0131n b\u00fcy\u00fcyen ye\u015fil ekonomisi aras\u0131nda sinerji olu\u015fturmak i\u00e7in \u00e7ok \u00f6nemli bir ad\u0131m\u201d dedi.<\/p>\n<p><strong>MASDAR C\u0130TY SIFIR KARBON, SIFIR ATIK \u00c7\u00d6PL\u00dc \u0130LK \u015eEH\u0130R<\/strong><br \/>\nMasdar City, tamamen yenilenebilir enerji kaynaklar\u0131 \u00fczerine d\u00fcnyan\u0131n ilk temiz teknoloji \u015fehri olacak. S\u0131f\u0131r karbon, s\u0131f\u0131r at\u0131k \u00e7\u00f6p ile enerji ihtiyac\u0131 i\u00e7in sadece g\u00fcne\u015f enerjisi, r\u00fczgar enerjisi gibi yenilenebilir enerji kaynaklar\u0131n\u0131n kullan\u0131laca\u011f\u0131 tek ve ilk \u015fehir olacak. Birle\u015fik Arap Emirlikleri\u2019nin ba\u015fkenti Abu Dhabi \u015fehrinin 17 km d\u0131\u015f\u0131nda\u201ctemiz teknoloji b\u00f6lgesi\u201d olarak duvarla \u00e7evrilerek yap\u0131lan ve \u0130ngiliz mimarlar taraf\u0131ndan tasar\u0131mlanan Masdar City\u2019nin yap\u0131m\u0131na 2006 y\u0131l\u0131nda ba\u015flan\u0131ld\u0131 ve 2025 y\u0131l\u0131nda bitmesi planland\u0131.<\/p>\n<p>6 kilometrekarelik bir alan \u00fczerinde kurulacak \u015fehir tamamland\u0131\u011f\u0131 zaman 40 bin ki\u015finin ya\u015fam alan\u0131 haline gelecek.Ayr\u0131ca, 20 milyar dolarl\u0131k yat\u0131r\u0131m yap\u0131lmas\u0131 \u00f6ng\u00f6r\u00fclen Masdar City\u2019nin gelecekte Ay\u2019da kurulacak bir \u00fcs i\u00e7in de esin kayna\u011f\u0131 olu\u015fturaca\u011f\u0131 \u00f6ng\u00f6r\u00fcl\u00fcyor.<\/p>\n<p>Masdar City\u2019nin enerjisi Orta Do\u011fu\u2019nun en b\u00fcy\u00fck g\u00fcne\u015f paneli tarlas\u0131ndan geliyor. Bu panellerin toplam say\u0131s\u0131 88 000. Elde edilen 10 MW\u2019l\u0131k g\u00fcc\u00fcn fazlas\u0131 ise Abu Dhabi \u015febekesine g\u00f6nderiliyor.<\/p>\n<p>Kaynak: <a href=\"http:\/\/enerjigunlugu.net\/danimarka-ve-bae-yenilenebilir-enerjide-isbirligi-_6911.html\" target=\"_blank\">Enerji G\u00fcnl\u00fc\u011f\u00fc<\/a><\/p>","protected":false},"excerpt":{"rendered":"<p>Sorry, this entry is only available in Turkish. For the sake of viewer convenience, the content is shown below in the alternative language. You may click the link to switch the active language.Danimarka ve Birle\u015fik Arap Emirlikleri yenilenebilir ve s\u00fcrd\u00fcr\u00fclebilir enerjiyi geli\u015ftirmek i\u00e7in i\u015fbirli\u011fi anla\u015fmas\u0131 imzalad\u0131lar. Temiz enerjinin d\u00fcnyadaki iki \u00f6nemli temsilcisi olan Danimarka ve [&hellip;]<\/p>\n","protected":false},"author":1,"featured_media":22086,"comment_status":"open","ping_status":"open","sticky":false,"template":"","format":"standard","meta":[],"categories":[53,49,50],"tags":[3647,3648,1172,12614,63,67,1009,165,12616,227,13,12620,12617,9577,2034,12619,12615,69,16,12621,4232,12618,842,105],"views":895,"_links":{"self":[{"href":"https:\/\/www.enerjigazetesi.ist\/en\/wp-json\/wp\/v2\/posts\/22085"}],"collection":[{"href":"https:\/\/www.enerjigazetesi.ist\/en\/wp-json\/wp\/v2\/posts"}],"about":[{"href":"https:\/\/www.enerjigazetesi.ist\/en\/wp-json\/wp\/v2\/types\/post"}],"author":[{"embeddable":true,"href":"https:\/\/www.enerjigazetesi.ist\/en\/wp-json\/wp\/v2\/users\/1"}],"replies":[{"embeddable":true,"href":"https:\/\/www.enerjigazetesi.ist\/en\/wp-json\/wp\/v2\/comments?post=22085"}],"version-history":[{"count":2,"href":"https:\/\/www.enerjigazetesi.ist\/en\/wp-json\/wp\/v2\/posts\/22085\/revisions"}],"predecessor-version":[{"id":22088,"href":"https:\/\/www.enerjigazetesi.ist\/en\/wp-json\/wp\/v2\/posts\/22085\/revisions\/22088"}],"wp:featuredmedia":[{"embeddable":true,"href":"https:\/\/www.enerjigazetesi.ist\/en\/wp-json\/wp\/v2\/media\/22086"}],"wp:attachment":[{"href":"https:\/\/www.enerjigazetesi.ist\/en\/wp-json\/wp\/v2\/media?parent=22085"}],"wp:term":[{"taxonomy":"category","embeddable":true,"href":"https:\/\/www.enerjigazetesi.ist\/en\/wp-json\/wp\/v2\/categories?post=22085"},{"taxonomy":"post_tag","embeddable":true,"href":"https:\/\/www.enerjigazetesi.ist\/en\/wp-json\/wp\/v2\/tags?post=22085"}],"curies":[{"name":"wp","href":"https:\/\/api.w.org\/{rel}","templated":true}]}}