{"id":22082,"date":"2014-02-03T12:18:05","date_gmt":"2014-02-03T09:18:05","guid":{"rendered":"https:\/\/www.enerjigazetesi.ist\/?p=22082"},"modified":"2014-02-03T12:18:10","modified_gmt":"2014-02-03T09:18:10","slug":"bakan-yildiz-irandan-2-milyar-dolar-geri-aliriz","status":"publish","type":"post","link":"https:\/\/www.enerjigazetesi.ist\/en\/bakan-yildiz-irandan-2-milyar-dolar-geri-aliriz\/","title":{"rendered":"(Turkish) Bakan Y\u0131ld\u0131z: \u0130ran\u2019dan 2 Milyar Dolar Geri Al\u0131r\u0131z&#8230;"},"content":{"rendered":"<p class=\"qtranxs-available-languages-message qtranxs-available-languages-message-en\">Sorry, this entry is only available in <a href=\"https:\/\/www.enerjigazetesi.ist\/tr\/wp-json\/wp\/v2\/posts\/22082\" class=\"qtranxs-available-language-link qtranxs-available-language-link-tr\" title=\"Turkish\">Turkish<\/a>. For the sake of viewer convenience, the content is shown below in the alternative language. You may click the link to switch the active language.<\/p><p><strong>Enerji ve Tabii Kaynaklar B<a href=\"https:\/\/www.enerjigazetesi.ist\/wp-content\/uploads\/2013\/11\/bakan-yildiz-tek-basimiza-kaya-gazi-cikaracagiz.jpg\"><img loading=\"lazy\" class=\"alignleft size-medium wp-image-18170\" title=\"bakan-yildiz\" src=\"https:\/\/www.enerjigazetesi.ist\/wp-content\/uploads\/2013\/11\/bakan-yildiz-tek-basimiza-kaya-gazi-cikaracagiz-300x197.jpg\" alt=\"\" width=\"300\" height=\"197\" srcset=\"https:\/\/www.enerjigazetesi.ist\/wp-content\/uploads\/2013\/11\/bakan-yildiz-tek-basimiza-kaya-gazi-cikaracagiz-300x197.jpg 300w, https:\/\/www.enerjigazetesi.ist\/wp-content\/uploads\/2013\/11\/bakan-yildiz-tek-basimiza-kaya-gazi-cikaracagiz-75x50.jpg 75w, https:\/\/www.enerjigazetesi.ist\/wp-content\/uploads\/2013\/11\/bakan-yildiz-tek-basimiza-kaya-gazi-cikaracagiz.jpg 429w\" sizes=\"(max-width: 300px) 100vw, 300px\" \/><\/a>akan\u0131 Taner Y\u0131ld\u0131z, T\u00fcrkiye\u2019nin \u0130ran ile olan do\u011falgaz al\u0131m\u0131 anla\u015fmas\u0131ndaki fiyat\u0131n y\u00fcksek olmas\u0131 nedeniyle a\u00e7t\u0131\u011f\u0131 davada 2 milyar dolar\u0131n \u00fczerinde bir para alabilece\u011fini s\u00f6yledi.<\/strong><\/p>\n<p>Y\u0131ld\u0131z konu\u015fla ilgili \u015fu a\u00e7\u0131klamay\u0131 yapt\u0131: \u201cBunlar de\u011ferli b\u00fcy\u00fc\u011f\u00fcm\u00fcz Recai Kutan d\u00f6neminde yap\u0131lan anla\u015fmalard\u0131r. Ben bu anla\u015fma k\u00f6t\u00fcd\u00fcr, yanl\u0131\u015ft\u0131r demiyorum. Anla\u015fma, her 3 y\u0131lda bir taraflara revizyon hakk\u0131 tan\u0131maktad\u0131r. \u0130ran\u2019la oturduk. Karde\u015fane bir \u015fekilde konu\u015ftuk. Biz sizi dava ediyoruz dedik. Ve mahkemeye verdik. Biz y\u00fczde 99, oradan param\u0131z\u0131 al\u0131r\u0131z. 2 milyar dolar\u0131n \u00fczerinde bir para var ortada. Ben hakem heyetinin kararlar\u0131na g\u00fcveniyorum. \u201d<\/p>\n<p>Kaynak: <a href=\"http:\/\/www.hurriyet.com.tr\/ekonomi\/25723502.asp\" target=\"_blank\">H\u00fcrriyet<\/a><\/p>","protected":false},"excerpt":{"rendered":"<p>Sorry, this entry is only available in Turkish. For the sake of viewer convenience, the content is shown below in the alternative language. You may click the link to switch the active language.Enerji ve Tabii Kaynaklar Bakan\u0131 Taner Y\u0131ld\u0131z, T\u00fcrkiye\u2019nin \u0130ran ile olan do\u011falgaz al\u0131m\u0131 anla\u015fmas\u0131ndaki fiyat\u0131n y\u00fcksek olmas\u0131 nedeniyle a\u00e7t\u0131\u011f\u0131 davada 2 milyar dolar\u0131n [&hellip;]<\/p>\n","protected":false},"author":1,"featured_media":18170,"comment_status":"open","ping_status":"open","sticky":false,"template":"","format":"standard","meta":[],"categories":[46,53],"tags":[710,6595,12611,63,67,1009,165,1333,12613,667,12612],"views":702,"_links":{"self":[{"href":"https:\/\/www.enerjigazetesi.ist\/en\/wp-json\/wp\/v2\/posts\/22082"}],"collection":[{"href":"https:\/\/www.enerjigazetesi.ist\/en\/wp-json\/wp\/v2\/posts"}],"about":[{"href":"https:\/\/www.enerjigazetesi.ist\/en\/wp-json\/wp\/v2\/types\/post"}],"author":[{"embeddable":true,"href":"https:\/\/www.enerjigazetesi.ist\/en\/wp-json\/wp\/v2\/users\/1"}],"replies":[{"embeddable":true,"href":"https:\/\/www.enerjigazetesi.ist\/en\/wp-json\/wp\/v2\/comments?post=22082"}],"version-history":[{"count":2,"href":"https:\/\/www.enerjigazetesi.ist\/en\/wp-json\/wp\/v2\/posts\/22082\/revisions"}],"predecessor-version":[{"id":22084,"href":"https:\/\/www.enerjigazetesi.ist\/en\/wp-json\/wp\/v2\/posts\/22082\/revisions\/22084"}],"wp:featuredmedia":[{"embeddable":true,"href":"https:\/\/www.enerjigazetesi.ist\/en\/wp-json\/wp\/v2\/media\/18170"}],"wp:attachment":[{"href":"https:\/\/www.enerjigazetesi.ist\/en\/wp-json\/wp\/v2\/media?parent=22082"}],"wp:term":[{"taxonomy":"category","embeddable":true,"href":"https:\/\/www.enerjigazetesi.ist\/en\/wp-json\/wp\/v2\/categories?post=22082"},{"taxonomy":"post_tag","embeddable":true,"href":"https:\/\/www.enerjigazetesi.ist\/en\/wp-json\/wp\/v2\/tags?post=22082"}],"curies":[{"name":"wp","href":"https:\/\/api.w.org\/{rel}","templated":true}]}}