{"id":22065,"date":"2014-02-03T11:18:05","date_gmt":"2014-02-03T08:18:05","guid":{"rendered":"https:\/\/www.enerjigazetesi.ist\/?p=22065"},"modified":"2014-02-03T11:35:24","modified_gmt":"2014-02-03T08:35:24","slug":"elektrik-tuketimi-enerji-verimliligi-nin-saglanmasiyla-artik-gunumuzde-azalacak","status":"publish","type":"post","link":"https:\/\/www.enerjigazetesi.ist\/en\/elektrik-tuketimi-enerji-verimliligi-nin-saglanmasiyla-artik-gunumuzde-azalacak\/","title":{"rendered":"(Turkish) Elektrik T\u00fcketimi Enerji Verimlili\u011fi \u0130le G\u00fcn\u00fcm\u00fczde Azalacak&#8230;"},"content":{"rendered":"<p class=\"qtranxs-available-languages-message qtranxs-available-languages-message-en\">Sorry, this entry is only available in <a href=\"https:\/\/www.enerjigazetesi.ist\/tr\/wp-json\/wp\/v2\/posts\/22065\" class=\"qtranxs-available-language-link qtranxs-available-language-link-tr\" title=\"Turkish\">Turkish<\/a>. For the sake of viewer convenience, the content is shown below in the alternative language. You may click the link to switch the active language.<\/p><p><strong>T\u00fcm d\u00fcnyada \u00fclkelerin enerji talebi art\u0131yor. Artan talebin kar\u015f\u0131lanmas\u0131 i\u00e7in\u00a0 yeni teknolojilerin enerji verimlili\u011fi sa\u011fl\u0131yor olmas\u0131 b\u00fcy\u00fck \u00f6nem ta\u015f\u0131yor. T\u00fcrkiye\u2019de sadece eski buzdolaplar\u0131n\u0131n enerji tassaruflu \u00fcr\u00fcnlerle\u00a0 de\u011fi\u015ftirilmesi Keban Baraj\u0131\u2019n\u0131n y\u0131ll\u0131k elektrik \u00fcretiminin iki kat\u0131 tasarruf\u00a0 anlam\u0131na geliyor. Enerji verimlili\u011fi ad\u0131na \u00f6zellikle beyaz e\u015fyada elektrik\u00a0 ve su t\u00fcketimini azaltacak teknolojiler her ge\u00e7en g\u00fcn daha da \u00f6nemli hale\u00a0 geliyor. T\u00fcrkiye\u2019nin enerjide b\u00fcy\u00fck \u00f6l\u00e7\u00fcde ithalata ba\u011f\u0131ml\u0131 olmas\u0131 ve elektrik\u00a0 talebinin giderek y\u00fckselmesi de enerji tasarrufunu kritik bir konu haline\u00a0 getiriyor.<\/strong><\/p>\n<p>T\u00fcrkiye\u2019de evlerde kullan\u0131lan 24 milyon buzdolab\u0131ndan yakla\u015f\u0131k 15 milyonunun\u00a0 enerji verimlili\u011fi d\u00fc\u015f\u00fck modeller oldu\u011fu tahmin ediliyor. Bu \u00fcr\u00fcnlerin hepsinin\u00a0 en y\u00fck<a href=\"https:\/\/www.enerjigazetesi.ist\/wp-content\/uploads\/2014\/02\/elektrik-tuketimi-enerji-verimliligi-nin-saglanmasiyla-artik-gunumuzde-azalacak.jpg\"><img loading=\"lazy\" class=\"alignleft size-medium wp-image-22066\" title=\"Jahreszahlen BSH\" src=\"https:\/\/www.enerjigazetesi.ist\/wp-content\/uploads\/2014\/02\/elektrik-tuketimi-enerji-verimliligi-nin-saglanmasiyla-artik-gunumuzde-azalacak-300x220.jpg\" alt=\"\" width=\"300\" height=\"220\" srcset=\"https:\/\/www.enerjigazetesi.ist\/wp-content\/uploads\/2014\/02\/elektrik-tuketimi-enerji-verimliligi-nin-saglanmasiyla-artik-gunumuzde-azalacak-300x220.jpg 300w, https:\/\/www.enerjigazetesi.ist\/wp-content\/uploads\/2014\/02\/elektrik-tuketimi-enerji-verimliligi-nin-saglanmasiyla-artik-gunumuzde-azalacak-68x50.jpg 68w, https:\/\/www.enerjigazetesi.ist\/wp-content\/uploads\/2014\/02\/elektrik-tuketimi-enerji-verimliligi-nin-saglanmasiyla-artik-gunumuzde-azalacak.jpg 485w\" sizes=\"(max-width: 300px) 100vw, 300px\" \/><\/a>sek enerji verimlili\u011fine sahip (A+++) modellerle de\u011fi\u015ftirilmesi halinde\u00a0 Keban Baraj\u0131\u2019nda \u00fcretilen enerjinin iki kat\u0131 kadar elektrik tasarruf edilmi\u015f\u00a0 olacak. Bu \u00fcr\u00fcnler A+ veya A++ modellerle de\u011fi\u015ftirilirse Keban veya Atat\u00fcrk\u00a0 barajlar\u0131n\u0131n toplam \u00fcretimi kadar enerji tasarrufu sa\u011flanabilir.<\/p>\n<p>D\u00fcnyada da durum \u00e7ok farkl\u0131 de\u011fil. D\u00fcnyadaki toplam elektrik t\u00fcketiminin\u00a0 y\u00fczde 25\u2019i evlerde ger\u00e7ekle\u015fiyor. Ev aletleri de toplam ev i\u00e7indeki elektrik\u00a0 t\u00fcketiminin y\u00fczde 37\u2019sini olu\u015fturuyor. \u00c7ama\u015f\u0131r makinelerinin toplam ev i\u00e7i\u00a0 elektrik t\u00fcketimindeki pay\u0131 ise y\u00fczde 6. Alman BSH Grubu Berlin\u2019deki teknoloji\u00a0 merkezinde yapt\u0131\u011f\u0131 \u00e7al\u0131\u015fmalarla son on be\u015f y\u0131lda \u00e7ama\u015f\u0131r makinesinde enerji\u00a0 t\u00fcketimini y\u00fczde 63, su t\u00fcketimini de y\u00fczde 31 oran\u0131nda azaltt\u0131.<\/p>\n<p>BSH Sat\u0131\u015ftan Sorumlu \u0130cra Kurulu \u00dcyesi Ronald Gr\u00fcnberg, t\u00fcketicilere sosyal,\u00a0 \u00e7evresel ve ekonomik anlamda de\u011fer katan \u00fcr\u00fcnler sunmak i\u00e7in Ar-Ge \u00e7al\u0131\u015fmalar\u0131na\u00a0 b\u00fcy\u00fck \u00f6nem verdiklerini s\u00f6yl\u00fcyor. Berlin\u2019de bulunan Teknoloji Merkezi\u2019nde 700\u00a0 ki\u015filik bir ekiple inovasyon \u00e7al\u0131\u015fmalar\u0131n\u0131 s\u00fcrd\u00fcren BSH, makinelerin daha az\u00a0 su ve elektrik t\u00fcketmesi ve ayn\u0131 zamanda performans kaybetmemesi \u00fczerinde\u00a0 \u00e7al\u0131\u015f\u0131yor. \u00c7al\u0131\u015fmalar\u0131n bug\u00fcn geldi\u011fi noktada y\u0131ll\u0131k 10 milyon evin\u00a0 t\u00fcketti\u011fi kadar elektrik enerjisi tasarruf edilebilir. Bunun da yolu 10 ya\u015f ve\u00a0 \u00fczerinde bulunan Avrupa\u2019daki 458 milyon adet ev aletinin y\u00fczde 41\u2019i yani 188\u00a0 milyon adetinin yeni makinelerle de\u011fi\u015ftirilmesi.<\/p>\n<p>BSH\u2019nin Teknoloji Merkezi\u2019nde ger\u00e7ekle\u015ftirilen inovasyonlardan biri de \u0130-DOS.\u00a0 Bu sayede \u00e7ama\u015f\u0131rdaki leke miktar\u0131 alg\u0131lan\u0131yor ve makine do\u011fru y\u0131kama program\u0131n\u0131 se\u00e7iyor. Sadece tek kulla bu program sayesinde y\u0131ll\u0131k 7 bin 62\u00a0 litre su tasarrufu sa\u011flayabilir. Yak\u0131n gelecek i\u00e7in \u00fczerinde \u00e7al\u0131\u015f\u0131lan bir\u00a0 di\u011fer inovasyon ise I-Sensoric denilen ak\u0131ll\u0131 \u00e7ama\u015f\u0131r makineleri\u00a0 teknolojisi.<\/p>\n<p>\u00c7ama\u015f\u0131r makinesi kullan\u0131c\u0131lar\u0131n\u0131n tercihlerini yaparken dikkat ettikler\u00a0 kriterler \u00fclkeden \u00fclkeye de\u011fi\u015fiyor. Avrupa genelinde en \u00f6nemli kriter enerji\u00a0 verimlili\u011fi. M\u00fc\u015fteriler bu kriterin ard\u0131ndan makinenin \u00e7\u0131kard\u0131\u011f\u0131 g\u00fcr\u00fclt\u00fc ve\u00a0 y\u0131kama s\u00fcresinin k\u0131sal\u0131\u011f\u0131na \u00f6nem veriyor. Uzakdo\u011fu\u2019da ise ge\u00e7mi\u015ften gelen\u00a0 bilin\u00e7alt\u0131 ile insanlar\u0131n ilk dikkat ettikleri, makinenin iyi y\u0131kay\u0131p\u00a0 y\u0131kamamas\u0131. Daha sonraki kriteri ise \u00fcr\u00fcn\u00fcn markas\u0131. T\u00fcrkiye\u2019de ise ilk kriter\u00a0 \u00e7ama\u015f\u0131r y\u00fckleme kapasitesinin fazlal\u0131\u011f\u0131&#8230;<\/p>\n<p>Kaynak: <a href=\"http:\/\/www.borsarti.com\/elektrik-tuketimi-azalacak.html\" target=\"_blank\">Borsa Art\u0131<\/a><\/p>","protected":false},"excerpt":{"rendered":"<p>Sorry, this entry is only available in Turkish. For the sake of viewer convenience, the content is shown below in the alternative language. You may click the link to switch the active language.T\u00fcm d\u00fcnyada \u00fclkelerin enerji talebi art\u0131yor. Artan talebin kar\u015f\u0131lanmas\u0131 i\u00e7in\u00a0 yeni teknolojilerin enerji verimlili\u011fi sa\u011fl\u0131yor olmas\u0131 b\u00fcy\u00fck \u00f6nem ta\u015f\u0131yor. T\u00fcrkiye\u2019de sadece eski buzdolaplar\u0131n\u0131n [&hellip;]<\/p>\n","protected":false},"author":1,"featured_media":22066,"comment_status":"open","ping_status":"open","sticky":false,"template":"","format":"standard","meta":[],"categories":[51,53,52],"tags":[1532,68,61,12609,130,63,67,1009,165,103,12,12606,12608,12607],"views":985,"_links":{"self":[{"href":"https:\/\/www.enerjigazetesi.ist\/en\/wp-json\/wp\/v2\/posts\/22065"}],"collection":[{"href":"https:\/\/www.enerjigazetesi.ist\/en\/wp-json\/wp\/v2\/posts"}],"about":[{"href":"https:\/\/www.enerjigazetesi.ist\/en\/wp-json\/wp\/v2\/types\/post"}],"author":[{"embeddable":true,"href":"https:\/\/www.enerjigazetesi.ist\/en\/wp-json\/wp\/v2\/users\/1"}],"replies":[{"embeddable":true,"href":"https:\/\/www.enerjigazetesi.ist\/en\/wp-json\/wp\/v2\/comments?post=22065"}],"version-history":[{"count":7,"href":"https:\/\/www.enerjigazetesi.ist\/en\/wp-json\/wp\/v2\/posts\/22065\/revisions"}],"predecessor-version":[{"id":22081,"href":"https:\/\/www.enerjigazetesi.ist\/en\/wp-json\/wp\/v2\/posts\/22065\/revisions\/22081"}],"wp:featuredmedia":[{"embeddable":true,"href":"https:\/\/www.enerjigazetesi.ist\/en\/wp-json\/wp\/v2\/media\/22066"}],"wp:attachment":[{"href":"https:\/\/www.enerjigazetesi.ist\/en\/wp-json\/wp\/v2\/media?parent=22065"}],"wp:term":[{"taxonomy":"category","embeddable":true,"href":"https:\/\/www.enerjigazetesi.ist\/en\/wp-json\/wp\/v2\/categories?post=22065"},{"taxonomy":"post_tag","embeddable":true,"href":"https:\/\/www.enerjigazetesi.ist\/en\/wp-json\/wp\/v2\/tags?post=22065"}],"curies":[{"name":"wp","href":"https:\/\/api.w.org\/{rel}","templated":true}]}}