{"id":21968,"date":"2014-01-31T14:56:48","date_gmt":"2014-01-31T11:56:48","guid":{"rendered":"https:\/\/www.enerjigazetesi.ist\/?p=21968"},"modified":"2014-01-31T14:56:48","modified_gmt":"2014-01-31T11:56:48","slug":"iran-dogalgazinda-fiyat-indirimi-yolda","status":"publish","type":"post","link":"https:\/\/www.enerjigazetesi.ist\/en\/iran-dogalgazinda-fiyat-indirimi-yolda\/","title":{"rendered":"(Turkish) \u0130ran Do\u011falgaz\u0131nda Fiyat \u0130ndirimi Yolda&#8230;"},"content":{"rendered":"<p class=\"qtranxs-available-languages-message qtranxs-available-languages-message-en\">Sorry, this entry is only available in <a href=\"https:\/\/www.enerjigazetesi.ist\/tr\/wp-json\/wp\/v2\/posts\/21968\" class=\"qtranxs-available-language-link qtranxs-available-language-link-tr\" title=\"Turkish\">Turkish<\/a>. For the sake of viewer convenience, the content is shown below in the alternative language. You may click the link to switch the active language.<\/p><p><strong>\u0130ranl\u0131 yetkililer, Enerji Bakan\u0131 Taner Y\u0131ld\u0131z`a, do\u011falgaz fiyat\u0131nda Ankara`n\u0131n talebinden daha d\u00fc\u015f\u00fck bir indirim \u00f6nerilmesi halinde T\u00fcrkiye`nin tahkimden vazge\u00e7ip ge\u00e7meyece\u011fini sordu. Bu, Tahran`\u0131n indirim yapaca\u011f\u0131n\u0131n sinyali say\u0131l\u0131yor.<\/strong><\/p>\n<p>Enerji ve Tabii Kaynaklar Bakan\u0131 Taner Y\u0131ld\u0131z, d\u00fczenledi\u011fi bas\u0131n toplant\u0131s\u0131nda, T\u00fcrkiye`nin refah seviyesi artt\u0131k\u00e7a enerjiye talebin de artt\u0131\u011f\u0131n\u0131 s\u00f6yledi. T\u00fcrkiye`nin 203 hedeflerine ula\u015fabilmek i\u00e7in her y\u0131l y\u00fczde 5`lerden fazla b\u00fcy\u00fcmesi gerekti\u011fini s\u00f6yledi. Y\u0131ld\u0131z bu b\u00fcy\u00fcme rakamlar\u0131na, T\u00fcrkiye`nin enerji talebini kar\u015f\u0131lad\u0131\u011f\u0131 temel kaynaklardan \u0130ran`\u0131n da ilgi duydu\u011funu belirtti.<br \/>\n\u0130ran ziyaretinde m\u00fczakere konular\u0131ndan birinin do\u011falgaz oldu\u011funu belirten Y\u0131ld\u0131z, bu alanda mutab\u0131k kal\u0131n\u0131p kal\u0131nmad\u0131\u011f\u0131na ili\u015fkin &#8220;\u015eu anda yap\u0131lm\u0131\u015f bir anla\u015fma yoktur. Ama \u00fczerinde m\u00fczakere edilecek geni\u015f bir alan vard\u0131r&#8221; dedi.<\/p>\n<p><strong>YILDIZ: \u0130RAN B\u0130Z\u0130 HAKSIZ G\u00d6RM\u00dcYOR<\/strong><br \/>\nT\u00fcrkiye`nin \u0130ran`dan ald\u0131\u011f\u0131 do\u011falgaza<a href=\"https:\/\/www.enerjigazetesi.ist\/wp-content\/uploads\/2014\/01\/iran-dogalgazinda-fiyat-indirimi-yolda.jpg\"><img loading=\"lazy\" class=\"alignleft size-medium wp-image-21969\" title=\"iran-dogalgazinda-fiyat-indirimi-yolda\" src=\"https:\/\/www.enerjigazetesi.ist\/wp-content\/uploads\/2014\/01\/iran-dogalgazinda-fiyat-indirimi-yolda-300x203.jpg\" alt=\"\" width=\"300\" height=\"203\" srcset=\"https:\/\/www.enerjigazetesi.ist\/wp-content\/uploads\/2014\/01\/iran-dogalgazinda-fiyat-indirimi-yolda-300x203.jpg 300w, https:\/\/www.enerjigazetesi.ist\/wp-content\/uploads\/2014\/01\/iran-dogalgazinda-fiyat-indirimi-yolda-73x50.jpg 73w, https:\/\/www.enerjigazetesi.ist\/wp-content\/uploads\/2014\/01\/iran-dogalgazinda-fiyat-indirimi-yolda.jpg 490w\" sizes=\"(max-width: 300px) 100vw, 300px\" \/><\/a>, di\u011fer kaynaklardan daha y\u00fcksek \u00f6deme yapt\u0131\u011f\u0131n\u0131 ifade eden Bakan Y\u0131ld\u0131z, &#8220;\u0130ran`la do\u011falgaz fiyatlar\u0131nda anla\u015fabilmi\u015f de\u011filiz. Sat\u0131\u015f rakamlar\u0131n\u0131 gaz ak\u0131\u015f\u0131na mani olmayacak bi\u00e7imde y\u00fcksek bulmaktay\u0131z&#8221; dedi.<br \/>\nGaz fiyat\u0131n\u0131n d\u00fc\u015f\u00fcr\u00fclmesi gerekti\u011fini \u0130ranl\u0131 meslekta\u015flar\u0131na aktarma imkan\u0131 buldu\u011funu kaydeden Taner Y\u0131ld\u0131z, &#8220;Onlar da bizi haks\u0131z g\u00f6rm\u00fcyorlar ama kendi i\u00e7lerindeki mekanizma \u00f6nemli. Tahkim devam ediyor. \u00d6nemli indirim talebimiz bu s\u00fcre\u00e7te sonu\u00e7lanacak. Makul indirim teklifi gelmi\u015f olsayd\u0131 vazge\u00e7ip vazge\u00e7meyece\u011fimiz soruldu. Biz de tabii ki zarar\u0131m\u0131z\u0131n belli oranda kar\u015f\u0131lanabiliyor olmas\u0131 halinde vazge\u00e7ebilece\u011fimizi s\u00f6yledik. \u00d6n\u00fcm\u00fczdeki haftalarda m\u00fczakereler devam eder&#8221; diye konu\u015ftu.<\/p>\n<p><strong>\u0130RAN`IN MUTABAKAT SA\u011eLAYACA\u011eINA \u0130NANIYORUM<\/strong><br \/>\nBakan Y\u0131ld\u0131z, T\u00fcrkiye`nin gaz almaya, \u0130ran`\u0131n da do\u011falgaz ihra\u00e7 etmeye ihtiyac\u0131 oldu\u011funu belirtirken, &#8220;Ancak T\u00fcrkiye olarak Makul fiyatlarla do\u011falgaz ithal etmemiz gerekiyor. \u0130ran taraf\u0131n\u0131n da Bakan, Ba\u015fbakan ve Cumhurba\u015fkan\u0131 seviyesinde kendi i\u00e7lerinde bir mekanizmalar\u0131 var. Mutabakat sa\u011flayacaklar\u0131na inanc\u0131m\u0131z tamd\u0131r&#8221; diye konu\u015ftu.<\/p>\n<p><strong>\u0130RAN GAZI DA AVRUPA`YA&#8230;<\/strong><br \/>\nBakan Taner Y\u0131ld\u0131z, T\u00fcrkiye`nin Rusya, Azerbaycan ve Irak`tan gelecek gaz\u0131n yan\u0131 s\u0131ra yeni ve farkl\u0131 kaynaklar\u0131 da Avrupa`ya ta\u015f\u0131ma \u00e7al\u0131\u015fmalar\u0131n\u0131n devam etti\u011fini anlatt\u0131. &#8220;Akdeniz do\u011falgaz\u0131 da dahil olmak kayd\u0131yla \u0130ran`\u0131n kaynaklar\u0131n\u0131n da hem T\u00fcrkiye`ye hem de T\u00fcrkiye \u00fczerinden Avrupa`ya ta\u015f\u0131nmas\u0131 \u00e7al\u0131\u015fmalar\u0131m\u0131z devam edecek&#8221; diyen Bakan Y\u0131ld\u0131z, bu konunun ise T\u00fcrkiye`nin b\u00fcy\u00fcme rakamlar\u0131ndan farkl\u0131, ba\u011f\u0131ms\u0131z bir konu oldu\u011funu belirtti. Y\u0131ld\u0131z, bunu T\u00fcrkiye`nin yan\u0131 s\u0131ra, Avrupa Birli\u011fi`nin enerji ihtiya\u00e7lar\u0131n\u0131n da s\u00f6z konusu olmas\u0131na dayand\u0131rd\u0131.<\/p>\n<p>AB ile m\u00fczakere s\u00fcrecinde enerji ba\u015fl\u0131\u011f\u0131n\u0131n siyasi gerek\u00e7elerle a\u00e7\u0131lmad\u0131\u011f\u0131n\u0131 anlatan Bakan Y\u0131ld\u0131z, &#8220;ilerleme raporunda bahsedilen tarzda, masa ba\u015f\u0131ndakinden \u00e7ok daha \u00e7ok daha b\u00fcy\u00fck i\u015fler yapt\u0131\u011f\u0131m\u0131z, ileride oldu\u011fumuz s\u00f6yleniyor&#8221; diye konu\u015ftu.<\/p>\n<p><strong>KIBRIS GAZI DA MASADA<\/strong><br \/>\nEnerji ve Tabii Kaynaklar Bakan\u0131 Taner Y\u0131ld\u0131z, T\u00fcrkiye`nin \u00f6n\u00fcm\u00fczdeki d\u00f6nemde K\u0131br\u0131s meselesiyle enerji aras\u0131ndaki ba\u011flant\u0131 konusunda yeni ad\u0131mlar atabilece\u011finin i\u015faretini verdi. Y\u0131ld\u0131z, &#8220;Yar\u0131n bir K\u0131br\u0131s ziyaretimiz var. Yeni bir enerji \u00e7al\u0131\u015fmas\u0131n\u0131 h\u00fck\u00fcmetle konu\u015fma imkan\u0131m\u0131z olacak. T\u00fcrkiye temel politika ve stratejilerini devam ettirecek&#8221; diye konu\u015ftu.<\/p>\n<p><strong>ERB\u0130L-BA\u011eDAT UZLA\u015eMASINI BEKLEN\u0130YOR<\/strong><br \/>\nTaner Y\u0131ld\u0131z, Kuzey Irak gaz\u0131n\u0131n T\u00fcrkiye \u00fczerinden ihrac\u0131na ili\u015fkin t\u00fcm altyap\u0131n\u0131n haz\u0131rlan\u0131p test edildi\u011fini belirterek &#8220;Top Erbil ile Ba\u011fdat aras\u0131nda kurulan komitede ve onlar\u0131n verece\u011fi kararlardad\u0131r. Biz b\u00fct\u00fcn altyap\u0131lar\u0131 haz\u0131rlam\u0131\u015f\u015f durumday\u0131z. Geli\u015fmeleri hep beraber izleyece\u011fiz&#8221; dedi.<\/p>\n<p>Kaynak: <a href=\"http:\/\/enerjigunlugu.net\/iran-dogalgazinda-fiyat-indirimi-yolda_6865.html\" target=\"_blank\">Enerji G\u00fcnl\u00fc\u011f\u00fc <\/a><\/p>","protected":false},"excerpt":{"rendered":"<p>Sorry, this entry is only available in Turkish. For the sake of viewer convenience, the content is shown below in the alternative language. You may click the link to switch the active language.\u0130ranl\u0131 yetkililer, Enerji Bakan\u0131 Taner Y\u0131ld\u0131z`a, do\u011falgaz fiyat\u0131nda Ankara`n\u0131n talebinden daha d\u00fc\u015f\u00fck bir indirim \u00f6nerilmesi halinde T\u00fcrkiye`nin tahkimden vazge\u00e7ip ge\u00e7meyece\u011fini sordu. Bu, Tahran`\u0131n [&hellip;]<\/p>\n","protected":false},"author":1,"featured_media":21969,"comment_status":"open","ping_status":"open","sticky":false,"template":"","format":"standard","meta":[],"categories":[46,53],"tags":[710,92,226,12550,1028,63,67,1009,165,1333,12387,667],"views":342,"_links":{"self":[{"href":"https:\/\/www.enerjigazetesi.ist\/en\/wp-json\/wp\/v2\/posts\/21968"}],"collection":[{"href":"https:\/\/www.enerjigazetesi.ist\/en\/wp-json\/wp\/v2\/posts"}],"about":[{"href":"https:\/\/www.enerjigazetesi.ist\/en\/wp-json\/wp\/v2\/types\/post"}],"author":[{"embeddable":true,"href":"https:\/\/www.enerjigazetesi.ist\/en\/wp-json\/wp\/v2\/users\/1"}],"replies":[{"embeddable":true,"href":"https:\/\/www.enerjigazetesi.ist\/en\/wp-json\/wp\/v2\/comments?post=21968"}],"version-history":[{"count":1,"href":"https:\/\/www.enerjigazetesi.ist\/en\/wp-json\/wp\/v2\/posts\/21968\/revisions"}],"predecessor-version":[{"id":21970,"href":"https:\/\/www.enerjigazetesi.ist\/en\/wp-json\/wp\/v2\/posts\/21968\/revisions\/21970"}],"wp:featuredmedia":[{"embeddable":true,"href":"https:\/\/www.enerjigazetesi.ist\/en\/wp-json\/wp\/v2\/media\/21969"}],"wp:attachment":[{"href":"https:\/\/www.enerjigazetesi.ist\/en\/wp-json\/wp\/v2\/media?parent=21968"}],"wp:term":[{"taxonomy":"category","embeddable":true,"href":"https:\/\/www.enerjigazetesi.ist\/en\/wp-json\/wp\/v2\/categories?post=21968"},{"taxonomy":"post_tag","embeddable":true,"href":"https:\/\/www.enerjigazetesi.ist\/en\/wp-json\/wp\/v2\/tags?post=21968"}],"curies":[{"name":"wp","href":"https:\/\/api.w.org\/{rel}","templated":true}]}}