{"id":21947,"date":"2014-01-31T11:44:24","date_gmt":"2014-01-31T08:44:24","guid":{"rendered":"https:\/\/www.enerjigazetesi.ist\/?p=21947"},"modified":"2014-01-31T11:44:24","modified_gmt":"2014-01-31T08:44:24","slug":"kose-yazisi-enerjide-fatura-artiyor-verimliligi-dusunme-zamani","status":"publish","type":"post","link":"https:\/\/www.enerjigazetesi.ist\/en\/kose-yazisi-enerjide-fatura-artiyor-verimliligi-dusunme-zamani\/","title":{"rendered":"(Turkish) K\u00f6\u015fe Yaz\u0131s\u0131: Enerjide Fatura Art\u0131yor; Verimlili\u011fi D\u00fc\u015f\u00fcnme Zaman\u0131!"},"content":{"rendered":"<p class=\"qtranxs-available-languages-message qtranxs-available-languages-message-en\">Sorry, this entry is only available in <a href=\"https:\/\/www.enerjigazetesi.ist\/tr\/wp-json\/wp\/v2\/posts\/21947\" class=\"qtranxs-available-language-link qtranxs-available-language-link-tr\" title=\"Turkish\">Turkish<\/a>. For the sake of viewer convenience, the content is shown below in the alternative language. You may click the link to switch the active language.<\/p><p><strong>Japonya\u2019da tasarruf<\/strong><br \/>\nGe\u00e7en hafta Davos\u2019ta enerjiyle ilgili pek \u00e7ok oturuma kat\u0131ld\u0131m. Tespitim \u015fu: N\u00fckleer santrallerini devre d\u0131\u015f\u0131 b\u0131rakt\u0131ktan sonra b\u00fcy\u00fck enerji ithalat\u00e7\u0131s\u0131 haline gelen Japonya\u2019da bir yandan m\u00fcthi\u015f bir enerji tasarrufuna gidilirken, di\u011fer yandan da enerji verimlili\u011fi uygulamalar\u0131 tavan yapm\u0131\u015f. Japon Enerji Bakan\u0131 anlatt\u0131; enerji tasarrufu \u015firketlerde o kadar titizlikle uygulan\u0131yor- mu\u015f ki, koridorlardaki karanl\u0131k nedeniyle yan\u0131n\u0131zdan ge\u00e7en CEO\u2019yu g\u00f6remeyip selam vermemeniz dahi pek\u00e2l\u00e2 m\u00fcmk\u00fcnm\u00fc\u015f!<br \/>\nEnerji faturas\u0131n\u0131 d\u00fc\u015f\u00fcrmesi m\u00fcmk\u00fcn olmayan bir ba\u015fka b\u00fcy\u00fck b\u00f6lge de Avrupa.<\/p>\n<p><strong>20 ayda amorti ediyor<a href=\"https:\/\/www.enerjigazetesi.ist\/wp-content\/uploads\/2013\/12\/enerji-verimliligini-nasil-saglarsiniz.jpg\"><img loading=\"lazy\" class=\"alignright size-full wp-image-18648\" title=\"enerji-verimlili\u011fini-sa\u011flama\" src=\"https:\/\/www.enerjigazetesi.ist\/wp-content\/uploads\/2013\/12\/enerji-verimliligini-nasil-saglarsiniz.jpg\" alt=\"\" width=\"282\" height=\"219\" srcset=\"https:\/\/www.enerjigazetesi.ist\/wp-content\/uploads\/2013\/12\/enerji-verimliligini-nasil-saglarsiniz.jpg 282w, https:\/\/www.enerjigazetesi.ist\/wp-content\/uploads\/2013\/12\/enerji-verimliligini-nasil-saglarsiniz-64x50.jpg 64w\" sizes=\"(max-width: 282px) 100vw, 282px\" \/><\/a><\/strong><br \/>\nAvrupa\u2019da gerek \u015firketler ve kamu kurumlar\u0131nda, gerekse hanelerde enerji verimlili\u011fi uygulamalar\u0131na olan talepte h\u0131zl\u0131 art\u0131\u015f dikkati \u00e7ekiyor. Asea Brown Boveri ABB\u2019nin CEO\u2019su enerji verimlili\u011fiyle ilgili uygulamalar\u0131n art\u0131k 3 y\u0131lda de\u011fil, teknolojideki yenilikler nedeniyle 1 y\u0131l 8 ayda kendilerini amorti etti\u011fini, talep art\u0131\u015f\u0131nda amorti s\u00fcresinin k\u0131salmas\u0131n\u0131n da pay\u0131 oldu\u011funu anlatt\u0131.<\/p>\n<p><strong>\u00c7\u0131ra\u011fan\u2019\u0131n lambalar\u0131<\/strong><br \/>\n2 hafta kadar \u00f6nce T\u00fcrkiye\u2019ye geldi\u011finde g\u00f6r\u00fc\u015ft\u00fc\u011f\u00fcm\u00fcz enerji y\u00f6netiminde uzman Schneider Electric\u2019in D\u00fcnya Ba\u015fkan\u0131 Jean Pascal Tricoire de ayn\u0131 konuya vurgu yapt\u0131; \u00f6zellikle de T\u00fcrkiye gibi enerjinin \u00e7ok verimsiz kullan\u0131ld\u0131\u011f\u0131 \u00fclkelerde enerji verimlili\u011fi uygulamalar\u0131n\u0131n kendini daha k\u0131sa s\u00fcrede amorti etti\u011fini vurgulad\u0131.<\/p>\n<p>\u00c7\u0131ra\u011fan Saray\u0131\u2019n\u0131n denize naz\u0131r toplant\u0131 odas\u0131na girer girmez, g\u00f6z\u00fc 50 kadar lambas\u0131yla \u0131\u015f\u0131l \u0131\u015f\u0131l yanan avizeye tak\u0131lan Tricoire, \u201cBen b\u00f6yle ortamlarda olmaya al\u0131\u015f\u0131k de\u011filim\u201d derken asl\u0131nda ben sizin kadar m\u00fcsrif de\u011filim demek istiyordu&#8230;.<\/p>\n<p>Enerji verimlili\u011fi uygulamalar\u0131nda gereksiz her t\u00fcrl\u00fc kullan\u0131m devre d\u0131\u015f\u0131 b\u0131rak\u0131l\u0131yor; gerekli olanlar ise lambadan kalorifer ve klimaya insana duyarl\u0131 sens\u00f6rlerle sadece ihtiya\u00e7 oldu\u011funda devreye giriyor.<\/p>\n<p>Yazan: Meral TAMER<\/p>\n<p><strong>K\u00f6\u015fe Yaz\u0131s\u0131&#8217;n\u0131n <a href=\"http:\/\/ekonomi.milliyet.com.tr\/enerjide-fatura-artiyor-\/ekonomi\/ydetay\/1829880\/default.htm\" target=\"_blank\">Devam\u0131 \u0130\u00e7in TIKLAYIN &gt;&gt;<\/a><\/strong><\/p>\n<p>Kaynak: Milliyet<\/p>","protected":false},"excerpt":{"rendered":"<p>Sorry, this entry is only available in Turkish. For the sake of viewer convenience, the content is shown below in the alternative language. You may click the link to switch the active language.Japonya\u2019da tasarruf Ge\u00e7en hafta Davos\u2019ta enerjiyle ilgili pek \u00e7ok oturuma kat\u0131ld\u0131m. Tespitim \u015fu: N\u00fckleer santrallerini devre d\u0131\u015f\u0131 b\u0131rakt\u0131ktan sonra b\u00fcy\u00fck enerji ithalat\u00e7\u0131s\u0131 haline [&hellip;]<\/p>\n","protected":false},"author":1,"featured_media":18648,"comment_status":"open","ping_status":"open","sticky":false,"template":"","format":"standard","meta":[],"categories":[53,52],"tags":[63,12545,67,1009,165,12,793],"views":690,"_links":{"self":[{"href":"https:\/\/www.enerjigazetesi.ist\/en\/wp-json\/wp\/v2\/posts\/21947"}],"collection":[{"href":"https:\/\/www.enerjigazetesi.ist\/en\/wp-json\/wp\/v2\/posts"}],"about":[{"href":"https:\/\/www.enerjigazetesi.ist\/en\/wp-json\/wp\/v2\/types\/post"}],"author":[{"embeddable":true,"href":"https:\/\/www.enerjigazetesi.ist\/en\/wp-json\/wp\/v2\/users\/1"}],"replies":[{"embeddable":true,"href":"https:\/\/www.enerjigazetesi.ist\/en\/wp-json\/wp\/v2\/comments?post=21947"}],"version-history":[{"count":1,"href":"https:\/\/www.enerjigazetesi.ist\/en\/wp-json\/wp\/v2\/posts\/21947\/revisions"}],"predecessor-version":[{"id":21948,"href":"https:\/\/www.enerjigazetesi.ist\/en\/wp-json\/wp\/v2\/posts\/21947\/revisions\/21948"}],"wp:featuredmedia":[{"embeddable":true,"href":"https:\/\/www.enerjigazetesi.ist\/en\/wp-json\/wp\/v2\/media\/18648"}],"wp:attachment":[{"href":"https:\/\/www.enerjigazetesi.ist\/en\/wp-json\/wp\/v2\/media?parent=21947"}],"wp:term":[{"taxonomy":"category","embeddable":true,"href":"https:\/\/www.enerjigazetesi.ist\/en\/wp-json\/wp\/v2\/categories?post=21947"},{"taxonomy":"post_tag","embeddable":true,"href":"https:\/\/www.enerjigazetesi.ist\/en\/wp-json\/wp\/v2\/tags?post=21947"}],"curies":[{"name":"wp","href":"https:\/\/api.w.org\/{rel}","templated":true}]}}