{"id":21909,"date":"2014-01-31T10:23:27","date_gmt":"2014-01-31T07:23:27","guid":{"rendered":"https:\/\/www.enerjigazetesi.ist\/?p=21909"},"modified":"2014-01-31T10:23:33","modified_gmt":"2014-01-31T07:23:33","slug":"bakan-yildiz-dolar-2-10-seviyelerinde-olmali","status":"publish","type":"post","link":"https:\/\/www.enerjigazetesi.ist\/en\/bakan-yildiz-dolar-2-10-seviyelerinde-olmali\/","title":{"rendered":"(Turkish) Bakan Y\u0131ld\u0131z: \u2018Dolar 2.10 Seviyelerinde Olmal\u0131\u2019"},"content":{"rendered":"<p class=\"qtranxs-available-languages-message qtranxs-available-languages-message-en\">Sorry, this entry is only available in <a href=\"https:\/\/www.enerjigazetesi.ist\/tr\/wp-json\/wp\/v2\/posts\/21909\" class=\"qtranxs-available-language-link qtranxs-available-language-link-tr\" title=\"Turkish\">Turkish<\/a>. For the sake of viewer convenience, the content is shown below in the alternative language. You may click the link to switch the active language.<\/p><p><strong>Enerji Bakan\u0131 Taner Y\u0131ld\u0131z, dolarda ya\u015fanan hareketlilik ile ilgili dolar\u0131n 2.10 seviyesine inmesi gerekti\u011fini d\u00fc\u015f\u00fcnd\u00fc\u011f\u00fcn\u00fc s\u00f6yledi. Bakan Y\u0131ld\u0131z, \u0130ran ile \u015fu anda yap\u0131lm\u0131\u015f bir do\u011falgaz anla\u015fmas\u0131n\u0131n o<a href=\"https:\/\/www.enerjigazetesi.ist\/wp-content\/uploads\/2014\/01\/bakan-yildiz-dolar-2-10-seviyelerinde-olmali.jpg\"><img loading=\"lazy\" class=\"alignright size-medium wp-image-21910\" title=\"bakan-yildiz-dolar-2-10-seviyelerinde-olmali\" src=\"https:\/\/www.enerjigazetesi.ist\/wp-content\/uploads\/2014\/01\/bakan-yildiz-dolar-2-10-seviyelerinde-olmali-300x214.jpg\" alt=\"\" width=\"300\" height=\"214\" srcset=\"https:\/\/www.enerjigazetesi.ist\/wp-content\/uploads\/2014\/01\/bakan-yildiz-dolar-2-10-seviyelerinde-olmali-300x214.jpg 300w, https:\/\/www.enerjigazetesi.ist\/wp-content\/uploads\/2014\/01\/bakan-yildiz-dolar-2-10-seviyelerinde-olmali-69x50.jpg 69w, https:\/\/www.enerjigazetesi.ist\/wp-content\/uploads\/2014\/01\/bakan-yildiz-dolar-2-10-seviyelerinde-olmali.jpg 500w\" sizes=\"(max-width: 300px) 100vw, 300px\" \/><\/a>lmad\u0131\u011f\u0131n\u0131 s\u00f6yledi. Y\u0131ld\u0131z, \u0130ran do\u011falgaz\u0131n\u0131n fiyat\u0131n\u0131 y\u00fcksek bulduklar\u0131n\u0131 bu noktada \u0130ran\u2019\u0131n da T\u00fcrkiye\u2019yi hakl\u0131 buldu\u011funu s\u00f6yledi.<\/strong><\/p>\n<p>Tahkim sonucunda do\u011falgazda \u00f6nemli bir indirim beklediklerini de s\u00f6yleyen Bakan Y\u0131ld\u0131z, K\u0131br\u0131s\u2019\u0131n tamam\u0131n\u0131 kapsayacak bir master plan\u0131 \u00fczerinde \u00e7al\u0131\u015ft\u0131klar\u0131n\u0131 da s\u00f6yledi.<\/p>\n<p>Kuzey Irak\u2019tan aktar\u0131lm\u0131\u015f bir petrol olmad\u0131\u011f\u0131n\u0131 ve her hangi bir sat\u0131\u015f\u0131n da ger\u00e7ekle\u015fmedi\u011fini s\u00f6yleyen Y\u0131ld\u0131z, petrol aktar\u0131m\u0131 konusunda topun Ba\u011fdat ile Erbil aras\u0131nda kurulmu\u015f olan bir komitede oldu\u011funu dile getirdi.<\/p>\n<p>Dolarda ya\u015fanan hareketlilik ile ilgili dolar\u0131n 2.10 seviyesine inmesi gerekti\u011fini d\u00fc\u015f\u00fcnd\u00fc\u011f\u00fcn\u00fc belirten Bakan Y\u0131ld\u0131z, son m\u00fcdahale sonras\u0131 d\u00f6vizde ciddi bir gev\u015feme olaca\u011f\u0131n\u0131 dile getirerek, ya\u015fanan faiz art\u0131\u015f\u0131ndan sanayicilerin zarar g\u00f6rmemesi i\u00e7in ellerinden geleni yapacaklar\u0131n\u0131 s\u00f6yledi.<\/p>\n<p>Kaynak: <a href=\"http:\/\/ekonomi.haber7.com\/gundem-veriler\/haber\/1122110-bakan-yildiz-dolar-210-seviyelerinde-olmali\" target=\"_blank\">Haber 7<\/a><\/p>","protected":false},"excerpt":{"rendered":"<p>Sorry, this entry is only available in Turkish. For the sake of viewer convenience, the content is shown below in the alternative language. You may click the link to switch the active language.Enerji Bakan\u0131 Taner Y\u0131ld\u0131z, dolarda ya\u015fanan hareketlilik ile ilgili dolar\u0131n 2.10 seviyesine inmesi gerekti\u011fini d\u00fc\u015f\u00fcnd\u00fc\u011f\u00fcn\u00fc s\u00f6yledi. Bakan Y\u0131ld\u0131z, \u0130ran ile \u015fu anda yap\u0131lm\u0131\u015f [&hellip;]<\/p>\n","protected":false},"author":1,"featured_media":21910,"comment_status":"open","ping_status":"open","sticky":false,"template":"","format":"standard","meta":[],"categories":[53],"tags":[710,92,12531,63,67,1009,165,59,667,846],"views":385,"_links":{"self":[{"href":"https:\/\/www.enerjigazetesi.ist\/en\/wp-json\/wp\/v2\/posts\/21909"}],"collection":[{"href":"https:\/\/www.enerjigazetesi.ist\/en\/wp-json\/wp\/v2\/posts"}],"about":[{"href":"https:\/\/www.enerjigazetesi.ist\/en\/wp-json\/wp\/v2\/types\/post"}],"author":[{"embeddable":true,"href":"https:\/\/www.enerjigazetesi.ist\/en\/wp-json\/wp\/v2\/users\/1"}],"replies":[{"embeddable":true,"href":"https:\/\/www.enerjigazetesi.ist\/en\/wp-json\/wp\/v2\/comments?post=21909"}],"version-history":[{"count":3,"href":"https:\/\/www.enerjigazetesi.ist\/en\/wp-json\/wp\/v2\/posts\/21909\/revisions"}],"predecessor-version":[{"id":21913,"href":"https:\/\/www.enerjigazetesi.ist\/en\/wp-json\/wp\/v2\/posts\/21909\/revisions\/21913"}],"wp:featuredmedia":[{"embeddable":true,"href":"https:\/\/www.enerjigazetesi.ist\/en\/wp-json\/wp\/v2\/media\/21910"}],"wp:attachment":[{"href":"https:\/\/www.enerjigazetesi.ist\/en\/wp-json\/wp\/v2\/media?parent=21909"}],"wp:term":[{"taxonomy":"category","embeddable":true,"href":"https:\/\/www.enerjigazetesi.ist\/en\/wp-json\/wp\/v2\/categories?post=21909"},{"taxonomy":"post_tag","embeddable":true,"href":"https:\/\/www.enerjigazetesi.ist\/en\/wp-json\/wp\/v2\/tags?post=21909"}],"curies":[{"name":"wp","href":"https:\/\/api.w.org\/{rel}","templated":true}]}}