{"id":21873,"date":"2014-01-30T15:10:35","date_gmt":"2014-01-30T12:10:35","guid":{"rendered":"https:\/\/www.enerjigazetesi.ist\/?p=21873"},"modified":"2014-01-30T15:10:35","modified_gmt":"2014-01-30T12:10:35","slug":"turkiye-uzerinden-ihrac-edilecek-petrolun-geliri-abdde-toplanamaz","status":"publish","type":"post","link":"https:\/\/www.enerjigazetesi.ist\/en\/turkiye-uzerinden-ihrac-edilecek-petrolun-geliri-abdde-toplanamaz\/","title":{"rendered":"(Turkish) \u2018T\u00fcrkiye \u00dczerinden \u0130hra\u00e7 Edilecek Petrol\u00fcn Geliri ABD\u2019de Toplanamaz&#8230;\u2019"},"content":{"rendered":"<p class=\"qtranxs-available-languages-message qtranxs-available-languages-message-en\">Sorry, this entry is only available in <a href=\"https:\/\/www.enerjigazetesi.ist\/tr\/wp-json\/wp\/v2\/posts\/21873\" class=\"qtranxs-available-language-link qtranxs-available-language-link-tr\" title=\"Turkish\">Turkish<\/a>. For the sake of viewer convenience, the content is shown below in the alternative language. You may click the link to switch the active language.<\/p><p><strong>Irak K\u00fcrdistan \u00d6zerk B\u00f6lgesi h\u00fck\u00fcmet s\u00f6zc\u00fcs\u00fc Safin Dizai, T\u00fcrkiye \u00fczerinden ihra\u00e7 edilecek petrol\u00fcn gelirinin ABD\u2019de toplanmas\u0131n\u0131 kabul etmediklerini s\u00f6yledi. Ba\u011fdat ve Erbil aras\u0131nda T\u00fcrkiye\u2019ye petrol ihrac\u0131 konusunda ya\u015fanan anla\u015fmazl\u0131k ve bu anla\u015fmazl\u0131\u011f\u0131 a\u015fmak i\u00e7in ba\u015flat\u0131lan g\u00f6r\u00fc\u015fmeler s\u00fcr\u00fcyor.<\/strong><\/p>\n<p>G\u00f6r\u00fc\u015fmelerde her iki taraf da yeni \u00f6nerilerini masaya getiriyor.<\/p>\n<p>B\u00f6lgesel Y\u00f6netim\u2019in s\u00f6zc\u00fcs\u00fc Safin Dizai, yapt\u0131\u011f\u0131 a\u00e7\u0131klamada g\u00f6r\u00fc\u015fmelerdeki son durumu ve kendi tutumlar\u0131n\u0131 anlatt\u0131.<\/p>\n<h2>\u201cPara Ba\u011fdat\u2019\u0131n kontrol\u00fcnde olmas\u0131n\u201d<\/h2>\n<p>Petrol \u00e7al\u0131\u015fmalar\u0131na ba\u015flamadan \u00f6nce uluslararas\u0131 hukuk\u00e7ulara dan\u0131\u015ft\u0131klar\u0131n\u0131 s\u00f6yleyen Dizai, B<a href=\"https:\/\/www.enerjigazetesi.ist\/wp-content\/uploads\/2014\/01\/turkiye-uzerinden-ihrac-edilecek-petrolun-geliri-abdde-toplanamaz.jpg\"><img loading=\"lazy\" class=\"alignright size-medium wp-image-21874\" title=\"turkiye-uzerinden-ihrac-edilecek-petrolun-geliri-abdde-toplanamaz\" src=\"https:\/\/www.enerjigazetesi.ist\/wp-content\/uploads\/2014\/01\/turkiye-uzerinden-ihrac-edilecek-petrolun-geliri-abdde-toplanamaz-300x202.jpg\" alt=\"\" width=\"300\" height=\"202\" srcset=\"https:\/\/www.enerjigazetesi.ist\/wp-content\/uploads\/2014\/01\/turkiye-uzerinden-ihrac-edilecek-petrolun-geliri-abdde-toplanamaz-300x202.jpg 300w, https:\/\/www.enerjigazetesi.ist\/wp-content\/uploads\/2014\/01\/turkiye-uzerinden-ihrac-edilecek-petrolun-geliri-abdde-toplanamaz-73x50.jpg 73w, https:\/\/www.enerjigazetesi.ist\/wp-content\/uploads\/2014\/01\/turkiye-uzerinden-ihrac-edilecek-petrolun-geliri-abdde-toplanamaz.jpg 472w\" sizes=\"(max-width: 300px) 100vw, 300px\" \/><\/a>a\u011fdat\u2019\u0131n petrol ihracat mekanizmas\u0131na karar vermekte \u0131srarc\u0131 oldu\u011funu vurgulad\u0131; merkezi h\u00fck\u00fcmetin kendilerine yeni bir \u00f6neriyle geldi\u011fini s\u00f6yledi. Dizai, \u201cBa\u011fdat, \u2018Irak s\u0131n\u0131r\u0131na kadar K\u00fcrdistan g\u00f6ndersin\u2019, sonras\u0131nda da \u2018Irak Milli Petrol \u015eirketi\u2019ne (SOMO) teslim etsin\u2019 diyor. B\u00fct\u00fcn zahmetini biz \u00e7ekece\u011fiz, sonra Ba\u011fdat\u2019a teslim edece\u011fiz, para Ba\u011fdat\u2019a gidecek.<\/p>\n<p>Ba\u011fdat\u2019\u0131n kendi siyasi mizac\u0131na g\u00f6re bazen bizimle ili\u015fkileri k\u00f6t\u00fcle\u015fiyor. Bazen b\u00fct\u00e7eyi kesmekle tehdit ediyor, bazen ge\u00e7 g\u00f6nderiyor.\u00a0Merkeziyeti kabul etmiyoruz. Buyurun SOMO gelsin bizimle \u00e7al\u0131\u015fs\u0131n. \u0130hracat\u0131, say\u0131m\u0131, buradan Ceyhan\u2019a kadar gitmesini, sat\u0131lmas\u0131n\u0131, hepsini birlikte yapal\u0131m. K\u00fcrdistan\u2019\u0131n pay\u0131n\u0131 K\u00fcrdistan\u2019a g\u00f6nderin, sizin pay\u0131n\u0131z\u0131 da Ba\u011fdat\u2019a g\u00f6nderelim\u201d diye konu\u015ftu.<\/p>\n<p>Petrol gelirlerinin ABD\u2019de toplanmas\u0131n\u0131 da kabul etmediklerini ifade eden Dizai, \u201cParan\u0131n New York\u2019ta toplanmas\u0131, sonra Ba\u011fdat\u2019a gelmesi, sonra Erbil\u2019e gelmesi\u2026 Bu mekanizma bizim i\u00e7in zahmetli. Biz merkeziyet\u00e7i mant\u0131\u011f\u0131 kabul etmiyoruz. New York\u2019ta olsa yine Ba\u011fdat\u2019\u0131n kontrol\u00fc alt\u0131nda olur, mesele kontrold\u00fcr\u201d \u015feklinde konu\u015ftu.<\/p>\n<h2>\u201cT\u00fcrkiye\u2019nin dayatmas\u0131 yok\u201d<\/h2>\n<p>Anla\u015fmaya varma konusunda h\u00e2l\u00e2 umutlu olduklar\u0131n\u0131 s\u00f6yleyen Dizai, petrol\u00fcn depolarda bekledi\u011fini ve hen\u00fcz sat\u0131\u015f yapmad\u0131klar\u0131n\u0131 ifade etti. Dizai, T\u00fcrkiye\u2019nin dayatmas\u0131n\u0131n s\u00f6z konusu olmad\u0131\u011f\u0131na dikkat \u00e7ekerek, \u201cABD T\u00fcrkiye ile anla\u015fmam\u0131za kar\u015f\u0131 de\u011fil. Ba\u011fdat\u2019la sonuca ula\u015ft\u0131ktan sonra Ankara ile anla\u015fmaya var\u0131lmas\u0131ndan yana\u201d dedi.<\/p>\n<p>Anla\u015fma sa\u011flanmas\u0131 halinde 2019 y\u0131l\u0131na kadar 2 milyon varil satmay\u0131 planlad\u0131klar\u0131n\u0131 anlatan Dizai, \u201cD\u00fcnya petrol piyasas\u0131n\u0131 elinde bulunduran b\u00fcy\u00fck firmalar, K\u00fcrdistan b\u00f6lgesinin hakk\u0131 oldu\u011funa ikna olmasalar, gelip burada y\u00fczlerce milyar dolar yat\u0131r\u0131m yapmazlard\u0131. \u015eirket ve gruplar\u0131n hukuk\u00e7ular\u0131 ara\u015ft\u0131rma yapm\u0131\u015ft\u0131r, ondan sonra buraya gelmi\u015flerdir\u201d diye konu\u015ftu.<\/p>\n<p>Dizai, \u201cBa\u011fdat\u2019la anla\u015fma sa\u011flanamazsa ba\u011f\u0131ms\u0131zl\u0131k ilan edecek misiniz?\u201d sorusuna \u201cBa\u011f\u0131ms\u0131zl\u0131k t\u00fcm halklar\u0131n hakk\u0131d\u0131r. Biz K\u00fcrtler bunu s\u00f6ylemekten utanm\u0131yoruz, bu bizim hakk\u0131m\u0131zd\u0131r. Bizim parlamentomuz federal olma karar\u0131 ald\u0131. Irak\u2019la ili\u015fkilerimiz bunun \u00fczerindedir. Biz Irak\u2019la ili\u015fkilerimizin s\u00fcrmesini istiyoruz. Biz Irak\u2019\u0131n par\u00e7alanmas\u0131na neden olmayaca\u011f\u0131z. Irak\u2019\u0131n s\u0131n\u0131rlar\u0131 var ama i\u00e7eride zaten par\u00e7a par\u00e7a oldu\u201d dedi.<\/p>\n<p>Kaynak: <a title=\"aljazeera\" href=\"http:\/\/www.aljazeera.com.tr\/al-jazeera-ozel\/petrol-geliri-abdde-toplanamaz\" rel=\"nofollow\" target=\"_blank\">aljazeera<\/a><\/p>","protected":false},"excerpt":{"rendered":"<p>Sorry, this entry is only available in Turkish. For the sake of viewer convenience, the content is shown below in the alternative language. You may click the link to switch the active language.Irak K\u00fcrdistan \u00d6zerk B\u00f6lgesi h\u00fck\u00fcmet s\u00f6zc\u00fcs\u00fc Safin Dizai, T\u00fcrkiye \u00fczerinden ihra\u00e7 edilecek petrol\u00fcn gelirinin ABD\u2019de toplanmas\u0131n\u0131 kabul etmediklerini s\u00f6yledi. Ba\u011fdat ve Erbil aras\u0131nda [&hellip;]<\/p>\n","protected":false},"author":1,"featured_media":21874,"comment_status":"open","ping_status":"open","sticky":false,"template":"","format":"standard","meta":[],"categories":[53,44],"tags":[1198,63,67,1009,165,12526,12524,12525,846],"views":619,"_links":{"self":[{"href":"https:\/\/www.enerjigazetesi.ist\/en\/wp-json\/wp\/v2\/posts\/21873"}],"collection":[{"href":"https:\/\/www.enerjigazetesi.ist\/en\/wp-json\/wp\/v2\/posts"}],"about":[{"href":"https:\/\/www.enerjigazetesi.ist\/en\/wp-json\/wp\/v2\/types\/post"}],"author":[{"embeddable":true,"href":"https:\/\/www.enerjigazetesi.ist\/en\/wp-json\/wp\/v2\/users\/1"}],"replies":[{"embeddable":true,"href":"https:\/\/www.enerjigazetesi.ist\/en\/wp-json\/wp\/v2\/comments?post=21873"}],"version-history":[{"count":2,"href":"https:\/\/www.enerjigazetesi.ist\/en\/wp-json\/wp\/v2\/posts\/21873\/revisions"}],"predecessor-version":[{"id":21876,"href":"https:\/\/www.enerjigazetesi.ist\/en\/wp-json\/wp\/v2\/posts\/21873\/revisions\/21876"}],"wp:featuredmedia":[{"embeddable":true,"href":"https:\/\/www.enerjigazetesi.ist\/en\/wp-json\/wp\/v2\/media\/21874"}],"wp:attachment":[{"href":"https:\/\/www.enerjigazetesi.ist\/en\/wp-json\/wp\/v2\/media?parent=21873"}],"wp:term":[{"taxonomy":"category","embeddable":true,"href":"https:\/\/www.enerjigazetesi.ist\/en\/wp-json\/wp\/v2\/categories?post=21873"},{"taxonomy":"post_tag","embeddable":true,"href":"https:\/\/www.enerjigazetesi.ist\/en\/wp-json\/wp\/v2\/tags?post=21873"}],"curies":[{"name":"wp","href":"https:\/\/api.w.org\/{rel}","templated":true}]}}