{"id":21831,"date":"2014-01-30T10:33:18","date_gmt":"2014-01-30T07:33:18","guid":{"rendered":"https:\/\/www.enerjigazetesi.ist\/?p=21831"},"modified":"2014-01-30T10:33:18","modified_gmt":"2014-01-30T07:33:18","slug":"yildiz-enerji-maliyetlerinin-azalmasini-umit-ediyoruz","status":"publish","type":"post","link":"https:\/\/www.enerjigazetesi.ist\/en\/yildiz-enerji-maliyetlerinin-azalmasini-umit-ediyoruz\/","title":{"rendered":"(Turkish) Y\u0131ld\u0131z: Enerji Maliyetlerinin Azalmas\u0131n\u0131 \u00dcmit Ediyoruz&#8230;"},"content":{"rendered":"<p class=\"qtranxs-available-languages-message qtranxs-available-languages-message-en\">Sorry, this entry is only available in <a href=\"https:\/\/www.enerjigazetesi.ist\/tr\/wp-json\/wp\/v2\/posts\/21831\" class=\"qtranxs-available-language-link qtranxs-available-language-link-tr\" title=\"Turkish\">Turkish<\/a>. For the sake of viewer convenience, the content is shown below in the alternative language. You may click the link to switch the active language.<\/p><p><strong>Enerji ve Tabii Kaynaklar Bakan\u0131 Taner Y\u0131ld\u0131z, d\u00f6viz fiyatlar\u0131n\u0131n d\u00fc\u015fmesinden dolay\u0131 enerji maliyetlerinin azalmas\u0131n\u0131 \u00fcmit etti\u011fini belirterek, bu durumun devam etmesi halinde enerji maliyetlerinin daha da d\u00fc\u015fece\u011fini s\u00f6yledi.<\/strong><\/p>\n<p>\u0130ran ziyaretinde sorular\u0131 yan\u0131tlayan Y\u0131ld<a href=\"https:\/\/www.enerjigazetesi.ist\/wp-content\/uploads\/2014\/01\/yildiz-enerji-maliyetlerinin-azalmasini-umit-ediyoruz.jpg\"><img loading=\"lazy\" class=\"alignleft size-medium wp-image-21832\" title=\"yildiz-enerji-maliyetlerinin-azalmasini-umit-ediyoruz\" src=\"https:\/\/www.enerjigazetesi.ist\/wp-content\/uploads\/2014\/01\/yildiz-enerji-maliyetlerinin-azalmasini-umit-ediyoruz-300x219.jpg\" alt=\"\" width=\"300\" height=\"219\" srcset=\"https:\/\/www.enerjigazetesi.ist\/wp-content\/uploads\/2014\/01\/yildiz-enerji-maliyetlerinin-azalmasini-umit-ediyoruz-300x219.jpg 300w, https:\/\/www.enerjigazetesi.ist\/wp-content\/uploads\/2014\/01\/yildiz-enerji-maliyetlerinin-azalmasini-umit-ediyoruz-68x50.jpg 68w, https:\/\/www.enerjigazetesi.ist\/wp-content\/uploads\/2014\/01\/yildiz-enerji-maliyetlerinin-azalmasini-umit-ediyoruz.jpg 492w\" sizes=\"(max-width: 300px) 100vw, 300px\" \/><\/a>\u0131z, \u201cD\u00f6viz fiyatlar\u0131n\u0131n k\u0131smen d\u00fc\u015fmesinden dolay\u0131 enerji maliyetlerinin azald\u0131\u011f\u0131n\u0131, azalaca\u011f\u0131n\u0131 \u00fcmit etmekteyim. D\u00f6viz fiyatlar\u0131n\u0131n daha da d\u00fc\u015fmesi halinde enerji maliyetlerimiz daha da d\u00fc\u015fecek. \u015eu anki en \u00f6nemli g\u00fcndemim bu\u201d dedi.<\/p>\n<p><strong>\u0130RAN \u0130LE DO\u011eALGAZ F\u0130YATI KOUSUNDA SADECE ANLA\u015eMA N\u0130YET\u0130 VAR<\/strong><\/p>\n<p>Bir gazetecinin \u0130ran Cumhurba\u015fkanl\u0131\u011f\u0131 Birinci Yard\u0131mc\u0131s\u0131 \u0130shak Cihangiri`nin &#8220;Do\u011falgaz konusunda bir anla\u015fmaya var\u0131ld\u0131&#8221; ifadelerini an\u0131msatmas\u0131 \u00fczerine Y\u0131ld\u0131z, \u201cDo\u011falgazla alakal\u0131 neler yapabiliriz, fiyat indirimiyle alakal\u0131 somut neler yapabiliriz, miktarlarla alakal\u0131 y\u00fckseltme yapabilir miyiz bunlar\u0131n her birisi daha g\u00f6r\u00fc\u015f\u00fclecek. Her iki ba\u015fbakan\u0131m\u0131z\u0131n da bu konuda iradeleri var&#8221; de\u011ferlendirmesinde bulundu.<\/p>\n<p>Cihangiri`nin \u201cBir anla\u015fmaya var\u0131ld\u0131\u201d ifadesinin \u00e7eviriden kaynaklanan bir yanl\u0131\u015fl\u0131k oldu\u011funu kaydeden Y\u0131ld\u0131z, anla\u015fmaya var\u0131lma de\u011fil bir niyetten bahsedildi\u011fini, g\u00f6r\u00fc\u015f al\u0131\u015fveri\u015finde bulunuldu\u011funu dile getirdi.<\/p>\n<p>Kaynak: <a href=\"http:\/\/enerjigunlugu.net\/yildiz:-enerji-maliyetlerinin-azalmasini-umit-ediy_6861.html\" target=\"_blank\">Enerji G\u00fcnl\u00fc\u011f\u00fc<\/a><\/p>","protected":false},"excerpt":{"rendered":"<p>Sorry, this entry is only available in Turkish. For the sake of viewer convenience, the content is shown below in the alternative language. You may click the link to switch the active language.Enerji ve Tabii Kaynaklar Bakan\u0131 Taner Y\u0131ld\u0131z, d\u00f6viz fiyatlar\u0131n\u0131n d\u00fc\u015fmesinden dolay\u0131 enerji maliyetlerinin azalmas\u0131n\u0131 \u00fcmit etti\u011fini belirterek, bu durumun devam etmesi halinde enerji [&hellip;]<\/p>\n","protected":false},"author":1,"featured_media":21832,"comment_status":"open","ping_status":"open","sticky":false,"template":"","format":"standard","meta":[],"categories":[46,53],"tags":[710,92,226,1363,12507,63,67,1009,12506,165,667],"views":577,"_links":{"self":[{"href":"https:\/\/www.enerjigazetesi.ist\/en\/wp-json\/wp\/v2\/posts\/21831"}],"collection":[{"href":"https:\/\/www.enerjigazetesi.ist\/en\/wp-json\/wp\/v2\/posts"}],"about":[{"href":"https:\/\/www.enerjigazetesi.ist\/en\/wp-json\/wp\/v2\/types\/post"}],"author":[{"embeddable":true,"href":"https:\/\/www.enerjigazetesi.ist\/en\/wp-json\/wp\/v2\/users\/1"}],"replies":[{"embeddable":true,"href":"https:\/\/www.enerjigazetesi.ist\/en\/wp-json\/wp\/v2\/comments?post=21831"}],"version-history":[{"count":2,"href":"https:\/\/www.enerjigazetesi.ist\/en\/wp-json\/wp\/v2\/posts\/21831\/revisions"}],"predecessor-version":[{"id":21834,"href":"https:\/\/www.enerjigazetesi.ist\/en\/wp-json\/wp\/v2\/posts\/21831\/revisions\/21834"}],"wp:featuredmedia":[{"embeddable":true,"href":"https:\/\/www.enerjigazetesi.ist\/en\/wp-json\/wp\/v2\/media\/21832"}],"wp:attachment":[{"href":"https:\/\/www.enerjigazetesi.ist\/en\/wp-json\/wp\/v2\/media?parent=21831"}],"wp:term":[{"taxonomy":"category","embeddable":true,"href":"https:\/\/www.enerjigazetesi.ist\/en\/wp-json\/wp\/v2\/categories?post=21831"},{"taxonomy":"post_tag","embeddable":true,"href":"https:\/\/www.enerjigazetesi.ist\/en\/wp-json\/wp\/v2\/tags?post=21831"}],"curies":[{"name":"wp","href":"https:\/\/api.w.org\/{rel}","templated":true}]}}