{"id":21744,"date":"2014-01-28T16:17:48","date_gmt":"2014-01-28T13:17:48","guid":{"rendered":"https:\/\/www.enerjigazetesi.ist\/?p=21744"},"modified":"2014-01-28T16:26:46","modified_gmt":"2014-01-28T13:26:46","slug":"enerji-ithalat-maliyetinin-artmasiyla-japonya-da-rekor-ticaret-acigi","status":"publish","type":"post","link":"https:\/\/www.enerjigazetesi.ist\/en\/enerji-ithalat-maliyetinin-artmasiyla-japonya-da-rekor-ticaret-acigi\/","title":{"rendered":"(Turkish) Enerji \u0130thalat Maliyetinin Artmas\u0131yla Japonya&#8217;da Rekor Ticaret A\u00e7\u0131\u011f\u0131!"},"content":{"rendered":"<p class=\"qtranxs-available-languages-message qtranxs-available-languages-message-en\">Sorry, this entry is only available in <a href=\"https:\/\/www.enerjigazetesi.ist\/tr\/wp-json\/wp\/v2\/posts\/21744\" class=\"qtranxs-available-language-link qtranxs-available-language-link-tr\" title=\"Turkish\">Turkish<\/a>. For the sake of viewer convenience, the content is shown below in the alternative language. You may click the link to switch the active language.<\/p><p><strong>Zay\u0131f Yen\u2019in enerji ithalat maliyetini yukar\u0131 itmesinden sonra Japonya rekor d\u00fczeyde y\u0131ll\u0131k ticaret a\u00e7\u0131\u011f\u0131 bildirdi. 2013 y\u0131l\u0131nda a\u00e7\u0131k, bir y\u0131l \u00f6nceye g\u00f6re % 65 art\u0131\u015f ile 112 milyar dolara y\u00fckseldi. 2011 y\u0131l\u0131ndaki tsunami ve deprem ard\u0131ndan n\u00fckleer reakt\u00f6rlerinin t\u00fcm\u00fcn\u00fc kapatt\u0131ktan sonra Japonya enerji ithalat\u0131nda son y\u0131llarda art\u0131\u015f g\u00f6rd\u00fc.<\/strong><\/p>\n<p>Ama bir dizi sald\u0131rgan politika hamlesinin yeni keskin bi\u00e7imde zay\u0131flatmas\u0131ndan sonra bu ithalat i\u00e7in daha fazla \u00f6demek zorunda kald\u0131.<\/p>\n<h2>Yen\u2019de keskin d\u00fc\u015f\u00fc\u015f<a href=\"https:\/\/www.enerjigazetesi.ist\/wp-content\/uploads\/2014\/01\/enerji-ithalat-maliyetinin-artmasiyla-japonyadan-rekor-ticaret-acigi.jpg\"><img loading=\"lazy\" class=\"alignleft size-medium wp-image-21745\" title=\"enerji-ithalat-maliyetinin-artmasiyla-japonyadan-rekor-ticaret-acigi\" src=\"https:\/\/www.enerjigazetesi.ist\/wp-content\/uploads\/2014\/01\/enerji-ithalat-maliyetinin-artmasiyla-japonyadan-rekor-ticaret-acigi-300x190.jpg\" alt=\"\" width=\"300\" height=\"190\" srcset=\"https:\/\/www.enerjigazetesi.ist\/wp-content\/uploads\/2014\/01\/enerji-ithalat-maliyetinin-artmasiyla-japonyadan-rekor-ticaret-acigi-300x190.jpg 300w, https:\/\/www.enerjigazetesi.ist\/wp-content\/uploads\/2014\/01\/enerji-ithalat-maliyetinin-artmasiyla-japonyadan-rekor-ticaret-acigi-80x50.jpg 80w, https:\/\/www.enerjigazetesi.ist\/wp-content\/uploads\/2014\/01\/enerji-ithalat-maliyetinin-artmasiyla-japonyadan-rekor-ticaret-acigi.jpg 412w\" sizes=\"(max-width: 300px) 100vw, 300px\" \/><\/a><\/h2>\n<p>Japon para birimi ge\u00e7en y\u0131l Ocak ve Aral\u0131k aylar\u0131 aras\u0131nda ABD dolar\u0131 kar\u015f\u0131s\u0131nda % 20\u2032den fazla d\u00fc\u015ft\u00fc.<\/p>\n<p>Son ticaret verileri Japonya\u2019n\u0131n S\u0131v\u0131la\u015ft\u0131r\u0131lm\u0131\u015f Do\u011fal Gaz ithalat\u0131n\u0131n bir \u00f6nceki y\u0131la g\u00f6re 2013 y\u0131l\u0131nda hacim olarak % 0.2 artt\u0131\u011f\u0131n\u0131 g\u00f6sterdi.<\/p>\n<p>Bu ithalat\u0131n de\u011feri ise yakla\u015f\u0131k % 18 oran\u0131nda artt\u0131.<\/p>\n<p>Geleneksel olarak ihracat g\u00fcc\u00fc bilinen Japonya \u00fcst \u00fcste \u00fc\u00e7\u00fcnc\u00fc y\u0131l ticaret a\u00e7\u0131\u011f\u0131 bildirdi.<\/p>\n<h2>B\u00fcy\u00fcme pe\u015finde Abenomics<\/h2>\n<p>D\u00fcnyan\u0131n \u00fc\u00e7\u00fcnc\u00fc b\u00fcy\u00fck ekonomisi olan Japonya son yirmi y\u0131lda durgunluk i\u00e7inde.<\/p>\n<p>Bunu de\u011fi\u015ftirmek amac\u0131yla, son bir ka\u00e7 ayd\u0131r agresif politikalar a\u00e7\u0131kland\u0131.<\/p>\n<p>\u00dclkenin para arz\u0131n\u0131 iki kat\u0131na \u00e7\u0131karmak bunlardan biriydi.<\/p>\n<p>Japonya Ba\u015fbakan\u0131 Shinzo Abe liderli\u011finde al\u0131nan bu tedbirler \u2018Abenomics\u2019 olarak an\u0131l\u0131yor.<\/p>\n<p>Bu ad\u0131mlar\u0131n Japonya\u2019n\u0131n para birimi \u00fczerinde b\u00fcy\u00fck bir etkisi oldu.<\/p>\n<p>ABD dolar\u0131 kar\u015f\u0131s\u0131nda h\u0131zla d\u00fc\u015ft\u00fc.<\/p>\n<h2>Zay\u0131f paran\u0131n yarar\u0131-zarar\u0131<\/h2>\n<p>Zay\u0131f bir para birimi, b\u00fcy\u00fcmenin \u00f6nemli bir motoru olan, Japonya\u2019n\u0131n ihracat\u0131 i\u00e7in iyi bir i\u015faret.<\/p>\n<p>\u00c7\u00fcnk\u00fc bu ihra\u00e7 mallar\u0131n\u0131 yabanc\u0131 al\u0131c\u0131lar i\u00e7in daha ucuz hale getiriyor.<\/p>\n<p>Zay\u0131f yen yurtd\u0131\u015f\u0131 kazan\u00e7lar\u0131n\u0131 \u00fclkeye aktard\u0131klar\u0131nda ihracat\u00e7\u0131lar\u0131n karlar\u0131n\u0131 da olumlu etkiliyor.<\/p>\n<p>\u0130hracatta bir art\u0131\u015f\u0131n, ihracat\u00e7\u0131lar\u0131n kazan\u00e7lar\u0131nda bir s\u0131\u00e7rama ile birle\u015fti\u011finde, Japonya\u2019n\u0131n ekonomik iyile\u015fmesine yard\u0131m olaca\u011f\u0131 umuluyordu.<\/p>\n<p>Ancak zay\u0131f para ithalat\u0131 daha pahal\u0131 yapt\u0131 ve \u00fclkenin ticaret dengesini olumsuz etkiledi.<\/p>\n<p>Kaynak: <a href=\"http:\/\/www.bbc.co.uk\/turkce\/ekonomi\/2014\/01\/140127_japonya_acik.shtml\" target=\"_blank\">BBC<\/a><\/p>","protected":false},"excerpt":{"rendered":"<p>Sorry, this entry is only available in Turkish. For the sake of viewer convenience, the content is shown below in the alternative language. You may click the link to switch the active language.Zay\u0131f Yen\u2019in enerji ithalat maliyetini yukar\u0131 itmesinden sonra Japonya rekor d\u00fczeyde y\u0131ll\u0131k ticaret a\u00e7\u0131\u011f\u0131 bildirdi. 2013 y\u0131l\u0131nda a\u00e7\u0131k, bir y\u0131l \u00f6nceye g\u00f6re % [&hellip;]<\/p>\n","protected":false},"author":1,"featured_media":21745,"comment_status":"open","ping_status":"open","sticky":false,"template":"","format":"standard","meta":[],"categories":[53],"tags":[63,67,1009,12463,165,1547,12464],"views":624,"_links":{"self":[{"href":"https:\/\/www.enerjigazetesi.ist\/en\/wp-json\/wp\/v2\/posts\/21744"}],"collection":[{"href":"https:\/\/www.enerjigazetesi.ist\/en\/wp-json\/wp\/v2\/posts"}],"about":[{"href":"https:\/\/www.enerjigazetesi.ist\/en\/wp-json\/wp\/v2\/types\/post"}],"author":[{"embeddable":true,"href":"https:\/\/www.enerjigazetesi.ist\/en\/wp-json\/wp\/v2\/users\/1"}],"replies":[{"embeddable":true,"href":"https:\/\/www.enerjigazetesi.ist\/en\/wp-json\/wp\/v2\/comments?post=21744"}],"version-history":[{"count":4,"href":"https:\/\/www.enerjigazetesi.ist\/en\/wp-json\/wp\/v2\/posts\/21744\/revisions"}],"predecessor-version":[{"id":21753,"href":"https:\/\/www.enerjigazetesi.ist\/en\/wp-json\/wp\/v2\/posts\/21744\/revisions\/21753"}],"wp:featuredmedia":[{"embeddable":true,"href":"https:\/\/www.enerjigazetesi.ist\/en\/wp-json\/wp\/v2\/media\/21745"}],"wp:attachment":[{"href":"https:\/\/www.enerjigazetesi.ist\/en\/wp-json\/wp\/v2\/media?parent=21744"}],"wp:term":[{"taxonomy":"category","embeddable":true,"href":"https:\/\/www.enerjigazetesi.ist\/en\/wp-json\/wp\/v2\/categories?post=21744"},{"taxonomy":"post_tag","embeddable":true,"href":"https:\/\/www.enerjigazetesi.ist\/en\/wp-json\/wp\/v2\/tags?post=21744"}],"curies":[{"name":"wp","href":"https:\/\/api.w.org\/{rel}","templated":true}]}}