{"id":21715,"date":"2014-01-28T10:27:23","date_gmt":"2014-01-28T07:27:23","guid":{"rendered":"https:\/\/www.enerjigazetesi.ist\/?p=21715"},"modified":"2014-01-28T10:27:23","modified_gmt":"2014-01-28T07:27:23","slug":"soyak-holding-calisanlarinin-karbon-ayak-izleri-sifirlaniyor","status":"publish","type":"post","link":"https:\/\/www.enerjigazetesi.ist\/en\/soyak-holding-calisanlarinin-karbon-ayak-izleri-sifirlaniyor\/","title":{"rendered":"(Turkish) Soyak Holding \u00c7al\u0131\u015fanlar\u0131n\u0131n Karbon Ayak \u0130zleri S\u0131f\u0131rlan\u0131yor&#8230;"},"content":{"rendered":"<p class=\"qtranxs-available-languages-message qtranxs-available-languages-message-en\">Sorry, this entry is only available in <a href=\"https:\/\/www.enerjigazetesi.ist\/tr\/wp-json\/wp\/v2\/posts\/21715\" class=\"qtranxs-available-language-link qtranxs-available-language-link-tr\" title=\"Turkish\">Turkish<\/a>. For the sake of viewer convenience, the content is shown below in the alternative language. You may click the link to switch the active language.<\/p><p><strong>Soyak Holding, \u015firketlerinde \u00e7al\u0131\u015fanlar\u0131n karbon ayak izlerini s\u0131f\u0131rlamak amac\u0131yla \u00c7e\u015fme Ild\u0131r\u0131\u2019da dikilmek \u00fczere Ege Orman Vakf\u0131\u2019na 500 a\u011fa\u00e7 ba\u011f\u0131\u015fta bulundu.<\/strong><\/p>\n<p>Soyak Holding \u015firketleri \u00e7al\u0131\u015fanlar\u0131 bu y\u0131l Enerji Tasarrufu Haftas\u0131\u2019nda karbon ayak izlerini \u00f6l\u00e7\u00fcmlediler. Soyak Holding b\u00fcnyesinde yer alan 11 \u015firketten \u00f6l\u00e7\u00fcmlemeye kat\u0131lan \u00e7al\u0131\u015fanlar\u0131n, bireysel faaliyetleri sonucu yaratt\u0131klar\u0131 karbon ayak izi miktar\u0131, 709,468 ton olarak belirlendi. Soyak da, bu miktardaki karbon ayak izini s\u0131f\u0131rlamak amac\u0131yla \u00c7e\u015fme Ild\u0131r\u0131\u2019da dikilmek \u00fczere Ege Orman Vakf\u0131\u2019na 500 fidan ba\u011f\u0131\u015flad\u0131.<\/p>\n<p>Her \u00e7al\u0131\u015fan\u0131n karbon ayak izi miktar\u0131na g\u00f6re 1 ila 19 adet aras\u0131 a\u011fac\u0131n dikildi\u011fi \u00f6l\u00e7\u00fcmlemede, en az karbon ayak izi olan 3 \u00e7al\u0131\u015fana limon a\u011fac\u0131 hediye edildi. \u00c7al<a href=\"https:\/\/www.enerjigazetesi.ist\/wp-content\/uploads\/2014\/01\/soyak-holding-calisanlarinin-karbon-ayak-izleri-sifirlaniyor.jpg\"><img loading=\"lazy\" class=\"alignleft size-medium wp-image-21716\" title=\"soyak-holding-calisanlarinin-karbon-ayak-izleri-sifirlaniyor\" src=\"https:\/\/www.enerjigazetesi.ist\/wp-content\/uploads\/2014\/01\/soyak-holding-calisanlarinin-karbon-ayak-izleri-sifirlaniyor-300x200.jpg\" alt=\"\" width=\"300\" height=\"200\" srcset=\"https:\/\/www.enerjigazetesi.ist\/wp-content\/uploads\/2014\/01\/soyak-holding-calisanlarinin-karbon-ayak-izleri-sifirlaniyor-300x200.jpg 300w, https:\/\/www.enerjigazetesi.ist\/wp-content\/uploads\/2014\/01\/soyak-holding-calisanlarinin-karbon-ayak-izleri-sifirlaniyor-74x50.jpg 74w, https:\/\/www.enerjigazetesi.ist\/wp-content\/uploads\/2014\/01\/soyak-holding-calisanlarinin-karbon-ayak-izleri-sifirlaniyor.jpg 448w\" sizes=\"(max-width: 300px) 100vw, 300px\" \/><\/a>\u0131\u015fanlar\u0131n <a href=\"http:\/\/karbonayakizi.com\">http:\/\/karbonayakizi.com<\/a> \u00a0sitesinden hesaplad\u0131klar\u0131 karbon ayak izi \u00f6l\u00e7\u00fcmlemesi sonucunda Soyak Holding \u015firketlerinden Tra\u00e7im\u2019den Necati K\u00fc\u00e7\u00fckibrahimo\u011flu, Soyak Yap\u0131\u2019dan Can Kerman ve Esra Ayd\u0131n limon a\u011fac\u0131 kazand\u0131lar. En fazla karbon ayak izi olan 3 \u00e7al\u0131\u015fana da Mark Lynas\u2019\u0131n \u2018Karbon Ayak \u0130ziniz: Karbon Kirlili\u011finizi D\u00fc\u015f\u00fcrmek i\u00e7in Basit Y\u00f6ntemler\u2019 isimli kitab\u0131 hediye edildi.<\/p>\n<p>Soyak Holding Kurumsal \u0130leti\u015fim Koordinat\u00f6r\u00fc Fatma \u00c7elenk karbon ayak izi \u00f6l\u00e7\u00fcmlemesiyle ilgili \u201cSoyak Holding\u2019in kurumsal k\u00fclt\u00fcr\u00fc S\u00fcrd\u00fcr\u00fclebilir Ya\u015fam Yakla\u015f\u0131m\u0131 \u00fczerine bina edilmi\u015ftir. \u0130\u015fte bu ba\u011flamda Enerji Tasarrufu Haftas\u0131 vesilesiyle de enerji tasarrufu konusunda bir kez daha bilin\u00e7lenmek ve fark\u0131ndal\u0131k yaratma \u00e7al\u0131\u015fmalar\u0131m\u0131za devam ettik\u201d diye konu\u015ftu.<\/p>\n<p>Kurumi\u00e7i bilin\u00e7lenme faaliyetleri kapsam\u0131nda etkinli\u011fe kat\u0131lan \u00e7al\u0131\u015fanlarla payla\u015f\u0131lan mektuplara da de\u011finen \u00c7elenk \u201cBildi\u011finiz gibi, atmosferdeki karbondioksit, metan ve di\u011fer sera gaz\u0131 oranlar\u0131ndaki art\u0131\u015f, gezegenimizin s\u0131cakl\u0131\u011f\u0131n\u0131 y\u00fckseltmektedir. Bu gazlardaki art\u0131\u015f atmosferimizi \u0131s\u0131tmakta ve kutup b\u00f6lgelerindeki buzlar\u0131n erimesine yol a\u00e7maktad\u0131r. Bireylerin karbon ayak izlerinin k\u00fc\u00e7\u00fclmesi bu s\u00fcre\u00e7leri yava\u015flataca\u011f\u0131 i\u00e7in gezegenimizin gelece\u011fi a\u00e7\u0131s\u0131ndan \u00e7ok \u00f6nemlidir\u201d mesajlar\u0131n\u0131n \u00f6nemini bir kez daha belirtti.<\/p>\n<p>\u00c7elenk, etkinlik sonu\u00e7lar\u0131n\u0131 de\u011ferlendirirken, \u201cD\u00fcnya \u00fczerindeki ekosistemi olu\u015fturan t\u00fcm do\u011fal varl\u0131klar\u0131n korunmas\u0131 ve insan kaynakl\u0131 iklim de\u011fi\u015fikli\u011fine dair politikalar\u0131n ve toplumsal bilincin olu\u015fturulmas\u0131 ad\u0131na biz de k\u00fc\u00e7\u00fck bir katk\u0131da bulunmak istedik. Etkinli\u011fe kat\u0131lan \u00e7al\u0131\u015fanlar\u0131m\u0131z\u0131n karbon ayak izlerini s\u0131f\u0131rlamak ad\u0131na 500 a\u011fa\u00e7 dikimi i\u00e7in harekete ge\u00e7tik. Bu \u00f6l\u00e7\u00fcmlemeyle d\u00fcnyaya ve \u00fclkemize katk\u0131 sa\u011flayacak tasarruf bilinciyle hareket etmenin son derece \u00f6nem ta\u015f\u0131d\u0131\u011f\u0131n\u0131 bir kez daha \u00e7al\u0131\u015fma arkada\u015flar\u0131m\u0131zla payla\u015ft\u0131k\u201d dedi.<\/p>\n<p>Kaynak: <a href=\"http:\/\/enerjigunlugu.net\/soyak-holding-calisanlarinin-karbon-ayak-izleri-si_6807.html\" target=\"_blank\">Enerji G\u00fcnl\u00fc\u011f\u00fc<\/a><\/p>","protected":false},"excerpt":{"rendered":"<p>Sorry, this entry is only available in Turkish. For the sake of viewer convenience, the content is shown below in the alternative language. You may click the link to switch the active language.Soyak Holding, \u015firketlerinde \u00e7al\u0131\u015fanlar\u0131n karbon ayak izlerini s\u0131f\u0131rlamak amac\u0131yla \u00c7e\u015fme Ild\u0131r\u0131\u2019da dikilmek \u00fczere Ege Orman Vakf\u0131\u2019na 500 a\u011fa\u00e7 ba\u011f\u0131\u015fta bulundu. Soyak Holding \u015firketleri [&hellip;]<\/p>\n","protected":false},"author":1,"featured_media":21716,"comment_status":"open","ping_status":"open","sticky":false,"template":"","format":"standard","meta":[],"categories":[53,52],"tags":[12454,12455,63,67,1009,165,103,1715,12453,12452,2762,4033],"views":930,"_links":{"self":[{"href":"https:\/\/www.enerjigazetesi.ist\/en\/wp-json\/wp\/v2\/posts\/21715"}],"collection":[{"href":"https:\/\/www.enerjigazetesi.ist\/en\/wp-json\/wp\/v2\/posts"}],"about":[{"href":"https:\/\/www.enerjigazetesi.ist\/en\/wp-json\/wp\/v2\/types\/post"}],"author":[{"embeddable":true,"href":"https:\/\/www.enerjigazetesi.ist\/en\/wp-json\/wp\/v2\/users\/1"}],"replies":[{"embeddable":true,"href":"https:\/\/www.enerjigazetesi.ist\/en\/wp-json\/wp\/v2\/comments?post=21715"}],"version-history":[{"count":2,"href":"https:\/\/www.enerjigazetesi.ist\/en\/wp-json\/wp\/v2\/posts\/21715\/revisions"}],"predecessor-version":[{"id":21718,"href":"https:\/\/www.enerjigazetesi.ist\/en\/wp-json\/wp\/v2\/posts\/21715\/revisions\/21718"}],"wp:featuredmedia":[{"embeddable":true,"href":"https:\/\/www.enerjigazetesi.ist\/en\/wp-json\/wp\/v2\/media\/21716"}],"wp:attachment":[{"href":"https:\/\/www.enerjigazetesi.ist\/en\/wp-json\/wp\/v2\/media?parent=21715"}],"wp:term":[{"taxonomy":"category","embeddable":true,"href":"https:\/\/www.enerjigazetesi.ist\/en\/wp-json\/wp\/v2\/categories?post=21715"},{"taxonomy":"post_tag","embeddable":true,"href":"https:\/\/www.enerjigazetesi.ist\/en\/wp-json\/wp\/v2\/tags?post=21715"}],"curies":[{"name":"wp","href":"https:\/\/api.w.org\/{rel}","templated":true}]}}