{"id":21697,"date":"2014-01-27T18:16:23","date_gmt":"2014-01-27T15:16:23","guid":{"rendered":"https:\/\/www.enerjigazetesi.ist\/?p=21697"},"modified":"2014-01-27T18:16:23","modified_gmt":"2014-01-27T15:16:23","slug":"turkiyenin-birincil-enerji-kaynaklarinda-ithalata-bagimlilik-orani-yuzde-72%e2%80%b2","status":"publish","type":"post","link":"https:\/\/www.enerjigazetesi.ist\/en\/turkiyenin-birincil-enerji-kaynaklarinda-ithalata-bagimlilik-orani-yuzde-72%e2%80%b2\/","title":{"rendered":"(Turkish) T\u00fcrkiye&#8217;nin Birincil Enerji Kaynaklar\u0131nda \u0130thalata Ba\u011f\u0131ml\u0131l\u0131k Oran\u0131 Y\u00fczde 72!"},"content":{"rendered":"<p class=\"qtranxs-available-languages-message qtranxs-available-languages-message-en\">Sorry, this entry is only available in <a href=\"https:\/\/www.enerjigazetesi.ist\/tr\/wp-json\/wp\/v2\/posts\/21697\" class=\"qtranxs-available-language-link qtranxs-available-language-link-tr\" title=\"Turkish\">Turkish<\/a>. For the sake of viewer convenience, the content is shown below in the alternative language. You may click the link to switch the active language.<\/p><p><strong>Yenilenebilir Enerji Genel M\u00fcd\u00fcr Yard\u0131mc\u0131s\u0131 Atilla\u00a0G\u00fcrb\u00fcz, \u201cT\u00fcrkiye Enerji Haftas\u0131\u201dnda yapt\u0131\u011f\u0131 konu\u015fmada, T\u00fcrkiye\u2019nin birincil enerji kaynaklar\u0131ndaki yerlilik oran\u0131n\u0131n y\u00fczde 28, ithalat ba\u011f\u0131ml\u0131l\u0131\u011f\u0131n\u0131n ise <a href=\"https:\/\/www.enerjigazetesi.ist\/wp-content\/uploads\/2014\/01\/turkiyenin-birincil-enerji-kaynaklarinda-ithalata-bagimlilik-orani-yuzde-72\u2032.jpg\"><img loading=\"lazy\" class=\"alignright size-medium wp-image-21698\" title=\"turkiyenin-birincil-enerji-kaynaklarinda-ithalata-bagimlilik-orani-yuzde-72\u2032\" src=\"https:\/\/www.enerjigazetesi.ist\/wp-content\/uploads\/2014\/01\/turkiyenin-birincil-enerji-kaynaklarinda-ithalata-bagimlilik-orani-yuzde-72\u2032-300x205.jpg\" alt=\"\" width=\"300\" height=\"205\" srcset=\"https:\/\/www.enerjigazetesi.ist\/wp-content\/uploads\/2014\/01\/turkiyenin-birincil-enerji-kaynaklarinda-ithalata-bagimlilik-orani-yuzde-72\u2032-300x205.jpg 300w, https:\/\/www.enerjigazetesi.ist\/wp-content\/uploads\/2014\/01\/turkiyenin-birincil-enerji-kaynaklarinda-ithalata-bagimlilik-orani-yuzde-72\u2032-500x342.jpg 500w, https:\/\/www.enerjigazetesi.ist\/wp-content\/uploads\/2014\/01\/turkiyenin-birincil-enerji-kaynaklarinda-ithalata-bagimlilik-orani-yuzde-72\u2032-72x50.jpg 72w, https:\/\/www.enerjigazetesi.ist\/wp-content\/uploads\/2014\/01\/turkiyenin-birincil-enerji-kaynaklarinda-ithalata-bagimlilik-orani-yuzde-72\u2032.jpg 505w\" sizes=\"(max-width: 300px) 100vw, 300px\" \/><\/a>y\u00fczde 72\u2032ler civar\u0131nda oldu\u011funu belirtti. G\u00fcrb\u00fcz, enerjinin T\u00fcrkiye\u2019nin kalk\u0131nmas\u0131 i\u00e7in \u00f6nemli bir paremetre oldu\u011funu vurgulad\u0131.<\/strong><\/p>\n<p>T\u00fcrkiye\u2019nin elektrikteki kurulu g\u00fcc\u00fcn\u00fcn 2013 itibariyle 64 bin megavat\u0131 ge\u00e7ti\u011fi bilgisini veren G\u00fcrb\u00fcz, ayn\u0131 d\u00f6nemde T\u00fcrkiye\u2019nin elektrik t\u00fcketiminin ise 245,5 milyar kilovat\/saatlik bir seviyeye ula\u015ft\u0131\u011f\u0131n\u0131 kaydetti.<\/p>\n<p>T\u00fcrkiye\u2019nin hidroelektrik kaynakl\u0131 enerji \u00fcretiminin 160 milyar kilovat\/saat mertebesine gelmesini beklediklerini vurgulayan G\u00fcrb\u00fcz, r\u00fczgar enerjisi kurulu g\u00fc\u00e7 potansiyelinin de 48 bin megavat seviyesinde oldu\u011funu dile getirdi.<\/p>\n<p>T\u00fcrkiye\u2019de \u015fu andaki tespitlere g\u00f6re 35 bin 500 megavatl\u0131k bir termal potansiyeli oldu\u011funu kaydeden G\u00fcrb\u00fcz, bunun 311 megavatl\u0131k k\u0131sm\u0131n\u0131n elektrik \u00fcretimi olarak de\u011ferlendirildi\u011fini ifade etti.<\/p>\n<p>G\u00fcrb\u00fcz, jeotermal potansiyele dair lisans alan firma say\u0131s\u0131n\u0131n da 27 oldu\u011funu belirtti.<\/p>\n<p>Kaynak: <a href=\"http:\/\/ekonomi.haber7.com\/gundem-veriler\/haber\/1121085-elektrikte-kurulu-guc-64-bin-megavati-gecti\" target=\"_blank\">Kanal 7<\/a><\/p>","protected":false},"excerpt":{"rendered":"<p>Sorry, this entry is only available in Turkish. For the sake of viewer convenience, the content is shown below in the alternative language. You may click the link to switch the active language.Yenilenebilir Enerji Genel M\u00fcd\u00fcr Yard\u0131mc\u0131s\u0131 Atilla\u00a0G\u00fcrb\u00fcz, \u201cT\u00fcrkiye Enerji Haftas\u0131\u201dnda yapt\u0131\u011f\u0131 konu\u015fmada, T\u00fcrkiye\u2019nin birincil enerji kaynaklar\u0131ndaki yerlilik oran\u0131n\u0131n y\u00fczde 28, ithalat ba\u011f\u0131ml\u0131l\u0131\u011f\u0131n\u0131n ise y\u00fczde [&hellip;]<\/p>\n","protected":false},"author":1,"featured_media":21698,"comment_status":"open","ping_status":"open","sticky":false,"template":"","format":"standard","meta":[],"categories":[51,53],"tags":[12438,2416,68,61,130,12441,63,67,1009,165,12442,12440,8212,16,505,846,12439],"views":595,"_links":{"self":[{"href":"https:\/\/www.enerjigazetesi.ist\/en\/wp-json\/wp\/v2\/posts\/21697"}],"collection":[{"href":"https:\/\/www.enerjigazetesi.ist\/en\/wp-json\/wp\/v2\/posts"}],"about":[{"href":"https:\/\/www.enerjigazetesi.ist\/en\/wp-json\/wp\/v2\/types\/post"}],"author":[{"embeddable":true,"href":"https:\/\/www.enerjigazetesi.ist\/en\/wp-json\/wp\/v2\/users\/1"}],"replies":[{"embeddable":true,"href":"https:\/\/www.enerjigazetesi.ist\/en\/wp-json\/wp\/v2\/comments?post=21697"}],"version-history":[{"count":2,"href":"https:\/\/www.enerjigazetesi.ist\/en\/wp-json\/wp\/v2\/posts\/21697\/revisions"}],"predecessor-version":[{"id":21700,"href":"https:\/\/www.enerjigazetesi.ist\/en\/wp-json\/wp\/v2\/posts\/21697\/revisions\/21700"}],"wp:featuredmedia":[{"embeddable":true,"href":"https:\/\/www.enerjigazetesi.ist\/en\/wp-json\/wp\/v2\/media\/21698"}],"wp:attachment":[{"href":"https:\/\/www.enerjigazetesi.ist\/en\/wp-json\/wp\/v2\/media?parent=21697"}],"wp:term":[{"taxonomy":"category","embeddable":true,"href":"https:\/\/www.enerjigazetesi.ist\/en\/wp-json\/wp\/v2\/categories?post=21697"},{"taxonomy":"post_tag","embeddable":true,"href":"https:\/\/www.enerjigazetesi.ist\/en\/wp-json\/wp\/v2\/tags?post=21697"}],"curies":[{"name":"wp","href":"https:\/\/api.w.org\/{rel}","templated":true}]}}