{"id":21678,"date":"2014-01-27T16:48:08","date_gmt":"2014-01-27T13:48:08","guid":{"rendered":"https:\/\/www.enerjigazetesi.ist\/?p=21678"},"modified":"2014-01-27T16:48:52","modified_gmt":"2014-01-27T13:48:52","slug":"elektrik-faturasi-133-lira-ve-uzeri-olanlar-elektrigi-istedigi-saticidan-alabiliyor","status":"publish","type":"post","link":"https:\/\/www.enerjigazetesi.ist\/en\/elektrik-faturasi-133-lira-ve-uzeri-olanlar-elektrigi-istedigi-saticidan-alabiliyor\/","title":{"rendered":"(Turkish) Elektri\u011fi 133 Lira ve \u00dczeri Olanlar Elektri\u011fini \u0130stedi\u011fi Sat\u0131c\u0131dan Alabiliyor!"},"content":{"rendered":"<p class=\"qtranxs-available-languages-message qtranxs-available-languages-message-en\">Sorry, this entry is only available in <a href=\"https:\/\/www.enerjigazetesi.ist\/tr\/wp-json\/wp\/v2\/posts\/21678\" class=\"qtranxs-available-language-link qtranxs-available-language-link-tr\" title=\"Turkish\">Turkish<\/a>. For the sake of viewer convenience, the content is shown below in the alternative language. You may click the link to switch the active language.<\/p><p><strong>T\u00fcketici art\u0131k elektri\u011fi istedi\u011fi sat\u0131c\u0131dan alabiliyor ve faturay\u0131 y\u00fczde 8-10 ucuzlatabiliyor.\u00a0Fakat bu se\u00e7enek \u015fu anda sadece ayl\u0131k elektrik faturas\u0131 133 lira ve \u00fczeri olan aboneler i\u00e7in ge\u00e7erli.<\/strong><\/p>\n<p>Belirli bir miktar\u0131n \u00fczerinde elektrik t\u00fcketen abonelerin, ihtiyac\u0131n\u0131 sadece b\u00f6lgesindeki da\u011f\u0131t\u0131c\u0131dan de\u011fil, istedi\u011fi tedarik\u00e7iden alabilmesine ili\u015fkin uygulamaya \u201cserbest t\u00fcketici\u201d uygulamas\u0131 deniliyor. H\u00fcrriyet\u2019ten Merve Erdil\u2019in haberine g\u00f6re, Enerji Piyasas\u0131 D\u00fczenleme Kurulu (EPDK), ge\u00e7ti\u011fimiz per\u015fembe g\u00fcn\u00fc ger\u00e7ekle\u015ftirdi\u011fi toplant\u0131da elektrikte serbest t\u00fcketici limitini 5 bin kilovat saatten (kWh), 4 bin 500 kWh\u2019ya indirdi.<\/p>\n<p>Bu da, bug\u00fcnk\u00fc elektrik fiyatlar\u0131na g\u00f6re ayl\u0131k faturas\u0131 133 lira ve \u00fcst\u00fc olan herkesin elektrikte \u201cserbest t\u00fcketici\u201d olabilece\u011fi, yani t\u00fcketti\u011fi elektri\u011fi istedi\u011fi sat\u0131c\u0131dan alabilece\u011fi anlam\u0131na geliyor. Teknik altyap\u0131 tamamlan\u0131rsa, 2015\u2019te 34 milyon elektrik abonesi serbest t\u00fcketici olabilecek. Ancak uzmanlar, bunun i\u00e7in t\u00fcm abonelerde elektronik saya\u00e7 olmas\u0131 gerektirdi\u011fini vurgulayarak, \u201cTeknik altyap\u0131 2015 y\u0131l\u0131nda 34 milyon elektrik sayac\u0131n\u0131 uzaktan okumaya izin verirse, herkes serbest t\u00fcketici olacak. Bu da rekabetin artmas\u0131 anlam\u0131na geliyor. \u0130ndirimli fiyattan, taksitli faturaya bir\u00e7ok promosyonun yayg\u0131nla\u015ft\u0131\u011f\u0131n\u0131 g\u00f6rece\u011fiz\u201d diyor.<\/p>\n<h2><a href=\"https:\/\/www.enerjigazetesi.ist\/wp-content\/uploads\/2014\/01\/elektrik-faturasi-133-lira-ve-uzeri-olanlar-elektrigi-istedigi-saticidan-alabiliyor.jpg\"><img loading=\"lazy\" class=\"alignright size-medium wp-image-21679\" title=\"elektrik-faturasi-133-lira-ve-uzeri-olanlar-elektrigi-istedigi-saticidan-alabiliyor\" src=\"https:\/\/www.enerjigazetesi.ist\/wp-content\/uploads\/2014\/01\/elektrik-faturasi-133-lira-ve-uzeri-olanlar-elektrigi-istedigi-saticidan-alabiliyor-300x199.jpg\" alt=\"\" width=\"300\" height=\"199\" srcset=\"https:\/\/www.enerjigazetesi.ist\/wp-content\/uploads\/2014\/01\/elektrik-faturasi-133-lira-ve-uzeri-olanlar-elektrigi-istedigi-saticidan-alabiliyor-300x199.jpg 300w, https:\/\/www.enerjigazetesi.ist\/wp-content\/uploads\/2014\/01\/elektrik-faturasi-133-lira-ve-uzeri-olanlar-elektrigi-istedigi-saticidan-alabiliyor-500x332.jpg 500w, https:\/\/www.enerjigazetesi.ist\/wp-content\/uploads\/2014\/01\/elektrik-faturasi-133-lira-ve-uzeri-olanlar-elektrigi-istedigi-saticidan-alabiliyor-75x50.jpg 75w, https:\/\/www.enerjigazetesi.ist\/wp-content\/uploads\/2014\/01\/elektrik-faturasi-133-lira-ve-uzeri-olanlar-elektrigi-istedigi-saticidan-alabiliyor.jpg 510w\" sizes=\"(max-width: 300px) 100vw, 300px\" \/><\/a><\/h2>\n<h2>Ya perakendeciye ya toptanc\u0131ya ba\u015fvurulacak<\/h2>\n<p>Elektrik Da\u011f\u0131t\u0131c\u0131lar\u0131 Derne\u011fi (ELDER) Y\u00f6netim Kurulu \u00dcyesi Ya\u015far Arslan, serbest t\u00fcketici hakk\u0131n\u0131 kullanmak isteyen abonenin ya toptan sat\u0131\u015f \u015firketleri, ya da bulunduklar\u0131 b\u00f6lgedeki elektrik perakende sat\u0131\u015f \u015firketine ba\u015fvurabilece\u011fini s\u00f6yledi. Arslan, \u201cSerbest t\u00fcketiciler perakende sat\u0131\u015f \u015firketine ba\u015fvurup \u2018S\u00f6zle\u015fme yapmak istiyorum\u2019 dedi\u011finde indirim al\u0131yor. Toptan sat\u0131\u015f \u015firketlerinden de benzer teklif alabiliyor. Bu hakk\u0131 kullanmas\u0131 i\u00e7in faturas\u0131n\u0131n en az 133 lira ve sayac\u0131n\u0131n elektronik olmas\u0131 gerekiyor\u201d dedi. T\u00fcrkiye\u2019de bug\u00fcn 500 bin serbest t\u00fcketici bulunuyor. Limit 4 bin 500 kWh\u2019ya d\u00fc\u015f\u00fcr\u00fcl\u00fcrse, sisteme 500 bin yeni serbest t\u00fcketici girecek.<\/p>\n<h2>Talep birle\u015ftirme m\u00fcmk\u00fcn<\/h2>\n<p>B\u0130R sekt\u00f6r temsilcisi, toplu konutlarda tek bir saya\u00e7la talep birle\u015ftirme yap\u0131larak, serbest t\u00fcketici stat\u00fcs\u00fc al\u0131nabildi\u011fine dikkat \u00e7ekerek, \u201c\u00d6rne\u011fin bir sitede 500 konut var. Site y\u00f6neticisi perakende veya toptan sat\u0131\u015f \u015firketine gidiyor \u2018Sitemizde ayl\u0131k \u015fu kadar toplam elektrik t\u00fcketimi var, ne kadar indirim alabiliriz\u2019 diyor. \u0130ndirim ve belki \u00e7e\u015fitli promosyonlar kazan\u0131yor\u201d dedi. Elektrik piyasas\u0131nda bug\u00fcn lisansl\u0131 130 toptan sat\u0131\u015f \u015firketi bulunuyor ancak aktif toptan sat\u0131\u015f \u015firketi 30 adet. Sekt\u00f6r temsilcileri, pazar\u0131n hen\u00fcz \u00e7ok k\u00fc\u00e7\u00fck bir pazar oldu\u011funa dikkat \u00e7ekerek, \u00e7ok h\u0131zl\u0131 geli\u015fece\u011fini \u00f6ng\u00f6r\u00fcyor.<\/p>\n<p><strong>Devam\u0131 i\u00e7in <a href=\"http:\/\/www.hurriyet.com.tr\/ekonomi\/25655223.asp\" rel=\"nofollow\" target=\"_blank\">TIKLAYINIZ &gt;&gt;<\/a><\/strong><\/p>\n<p>Kaynak: H\u00fcrriyet<\/p>","protected":false},"excerpt":{"rendered":"<p>Sorry, this entry is only available in Turkish. For the sake of viewer convenience, the content is shown below in the alternative language. You may click the link to switch the active language.T\u00fcketici art\u0131k elektri\u011fi istedi\u011fi sat\u0131c\u0131dan alabiliyor ve faturay\u0131 y\u00fczde 8-10 ucuzlatabiliyor.\u00a0Fakat bu se\u00e7enek \u015fu anda sadece ayl\u0131k elektrik faturas\u0131 133 lira ve \u00fczeri [&hellip;]<\/p>\n","protected":false},"author":1,"featured_media":21679,"comment_status":"open","ping_status":"open","sticky":false,"template":"","format":"standard","meta":[],"categories":[51,53],"tags":[12435,68,61,1229,343,63,67,1009,749,165,750,4907],"views":632,"_links":{"self":[{"href":"https:\/\/www.enerjigazetesi.ist\/en\/wp-json\/wp\/v2\/posts\/21678"}],"collection":[{"href":"https:\/\/www.enerjigazetesi.ist\/en\/wp-json\/wp\/v2\/posts"}],"about":[{"href":"https:\/\/www.enerjigazetesi.ist\/en\/wp-json\/wp\/v2\/types\/post"}],"author":[{"embeddable":true,"href":"https:\/\/www.enerjigazetesi.ist\/en\/wp-json\/wp\/v2\/users\/1"}],"replies":[{"embeddable":true,"href":"https:\/\/www.enerjigazetesi.ist\/en\/wp-json\/wp\/v2\/comments?post=21678"}],"version-history":[{"count":2,"href":"https:\/\/www.enerjigazetesi.ist\/en\/wp-json\/wp\/v2\/posts\/21678\/revisions"}],"predecessor-version":[{"id":21681,"href":"https:\/\/www.enerjigazetesi.ist\/en\/wp-json\/wp\/v2\/posts\/21678\/revisions\/21681"}],"wp:featuredmedia":[{"embeddable":true,"href":"https:\/\/www.enerjigazetesi.ist\/en\/wp-json\/wp\/v2\/media\/21679"}],"wp:attachment":[{"href":"https:\/\/www.enerjigazetesi.ist\/en\/wp-json\/wp\/v2\/media?parent=21678"}],"wp:term":[{"taxonomy":"category","embeddable":true,"href":"https:\/\/www.enerjigazetesi.ist\/en\/wp-json\/wp\/v2\/categories?post=21678"},{"taxonomy":"post_tag","embeddable":true,"href":"https:\/\/www.enerjigazetesi.ist\/en\/wp-json\/wp\/v2\/tags?post=21678"}],"curies":[{"name":"wp","href":"https:\/\/api.w.org\/{rel}","templated":true}]}}