{"id":21665,"date":"2014-01-27T16:15:23","date_gmt":"2014-01-27T13:15:23","guid":{"rendered":"https:\/\/www.enerjigazetesi.ist\/?p=21665"},"modified":"2014-01-27T16:15:46","modified_gmt":"2014-01-27T13:15:46","slug":"yesil-binalarla-yilda-6-milyar-dolar-tasarruf-saglanabilir","status":"publish","type":"post","link":"https:\/\/www.enerjigazetesi.ist\/en\/yesil-binalarla-yilda-6-milyar-dolar-tasarruf-saglanabilir\/","title":{"rendered":"(Turkish) Ye\u015fil Ev&#8217;le Y\u0131lda 6 Milyar $ Tasarruf Sa\u011flanabilir!"},"content":{"rendered":"<p class=\"qtranxs-available-languages-message qtranxs-available-languages-message-en\">Sorry, this entry is only available in <a href=\"https:\/\/www.enerjigazetesi.ist\/tr\/wp-json\/wp\/v2\/posts\/21665\" class=\"qtranxs-available-language-link qtranxs-available-language-link-tr\" title=\"Turkish\">Turkish<\/a>. For the sake of viewer convenience, the content is shown below in the alternative language. You may click the link to switch the active language.<\/p><p><strong>Mevcut binalarda sadece \u0131s\u0131tma verimlili\u011fini art\u0131racak uygulamalardan bile enerji tasarrufunda y\u00fczde 25&#8217;lik bir iyile\u015fme olabilece\u011fini belirten\u00a0Emre \u00c7aml\u0131bel , \u201cBu iyile\u015fmeyle y\u0131lda 6 milyar dolar tasarruf sa\u011flanabilir\u201d dedi.<\/strong><\/p>\n<p>Her ge\u00e7en g\u00fcn yeni projelerin hayat ge\u00e7irildi\u011fi gayrimenkul sekt\u00f6r\u00fcnde, en \u00f6nemli sorunlardan biri de enerji tasarrufu olarak \u00f6n plana \u00e7\u0131k\u0131yor. Binalardaki enerji verimlili\u011fi ile ilgili de\u011ferlendirmede bulunan Gayrimenkul ve Gayrimenkul Yat\u0131r\u0131m Ortakl\u0131\u011f\u0131 Derne\u011fi (GYODER) Y\u00f6netim Kurulu \u00dcyesi Emre \u00c7aml\u0131bel, <strong>binalarda enerji verim<a href=\"https:\/\/www.enerjigazetesi.ist\/wp-content\/uploads\/2013\/05\/yesil-binalar-cevre-ve-sehircilik-bakanligi-enerji-verimli-iklim-duyarli-ve-ekolojik-bina-projelerinin-hazirlanmasi-ve-insasini-tesvik.jpg\"><img loading=\"lazy\" class=\"alignright size-medium wp-image-10562\" title=\"yesil-bina\" src=\"https:\/\/www.enerjigazetesi.ist\/wp-content\/uploads\/2013\/05\/yesil-binalar-cevre-ve-sehircilik-bakanligi-enerji-verimli-iklim-duyarli-ve-ekolojik-bina-projelerinin-hazirlanmasi-ve-insasini-tesvik-300x209.jpg\" alt=\"\" width=\"300\" height=\"209\" srcset=\"https:\/\/www.enerjigazetesi.ist\/wp-content\/uploads\/2013\/05\/yesil-binalar-cevre-ve-sehircilik-bakanligi-enerji-verimli-iklim-duyarli-ve-ekolojik-bina-projelerinin-hazirlanmasi-ve-insasini-tesvik-300x209.jpg 300w, https:\/\/www.enerjigazetesi.ist\/wp-content\/uploads\/2013\/05\/yesil-binalar-cevre-ve-sehircilik-bakanligi-enerji-verimli-iklim-duyarli-ve-ekolojik-bina-projelerinin-hazirlanmasi-ve-insasini-tesvik-500x349.jpg 500w, https:\/\/www.enerjigazetesi.ist\/wp-content\/uploads\/2013\/05\/yesil-binalar-cevre-ve-sehircilik-bakanligi-enerji-verimli-iklim-duyarli-ve-ekolojik-bina-projelerinin-hazirlanmasi-ve-insasini-tesvik-71x50.jpg 71w, https:\/\/www.enerjigazetesi.ist\/wp-content\/uploads\/2013\/05\/yesil-binalar-cevre-ve-sehircilik-bakanligi-enerji-verimli-iklim-duyarli-ve-ekolojik-bina-projelerinin-hazirlanmasi-ve-insasini-tesvik.jpg 538w\" sizes=\"(max-width: 300px) 100vw, 300px\" \/><\/a>lili\u011fi uygulamalar\u0131<\/strong> ile elde edilecek <strong>enerji tasarrufunun<\/strong> yeni yap\u0131lacak enerji tesisi yat\u0131r\u0131m\u0131ndan <strong>6,6 kat daha etkili<\/strong> oldu\u011funu belirtti.<\/p>\n<p><strong>Enerjinin % 40\u2019\u0131 evlerde harcan\u0131yor<\/strong><br \/>\nT\u00fcrkiye&#8217;de enerjinin yakla\u015f\u0131k y\u00fczde 40&#8217;\u0131n\u0131n konutlarda harcand\u0131\u011f\u0131n\u0131 anlatan \u00c7aml\u0131bel, binalarda t\u00fcketilen enerjinin y\u00fczde 70-90 k\u0131sm\u0131n\u0131n \u0131s\u0131tma ve so\u011futma ama\u00e7l\u0131, geriye kalan k\u0131sm\u0131n\u0131n ise ayd\u0131nlatma ve elektrikli cihazlarda kullan\u0131ld\u0131\u011f\u0131n\u0131n tahmin edildi\u011fini vurgulad\u0131.<\/p>\n<p>\u00c7aml\u0131bel, T\u00fcrkiye&#8217;de t\u00fcketilen toplam elektri\u011fin y\u00fczde 25&#8217;inin konutlarda kullan\u0131ld\u0131\u011f\u0131n\u0131 ifade ederek, konutlarda t\u00fcketilen elektri\u011fin yakla\u015f\u0131k y\u00fczde 20&#8217;si ayd\u0131nlatma ama\u00e7l\u0131 oldu\u011funu, dolay\u0131s\u0131yla T\u00fcrkiye&#8217;de toplam harcanan elektri\u011fin y\u00fczde 5&#8217;inin konutlarda sadece ayd\u0131nlatma ama\u00e7l\u0131 kullan\u0131ld\u0131\u011f\u0131n\u0131 s\u00f6yledi.<\/p>\n<p><strong>Ara\u015ft\u0131rmalar yap\u0131l\u0131yor<\/strong><br \/>\nT\u00fcrkiye&#8217;de konutlarda enerji t\u00fcketiminde yap\u0131lacak iyile\u015ftirmelerle elde edilecek tasarrufun b\u00fcy\u00fck \u00f6nem ta\u015f\u0131d\u0131\u011f\u0131n\u0131 anlatan \u00c7aml\u0131bel, \u015f\u00f6yle konu\u015ftu:<\/p>\n<p>\u201cBo\u011fazi\u00e7i \u00dcniversitesi \u0130n\u015faat M\u00fchendisli\u011fi B\u00f6l\u00fcm\u00fc&#8217;nde, enerji verimlili\u011fi ve tasarrufu, enerji sistemleri, s\u00fcrd\u00fcr\u00fclebilirlik, karbon ticareti,\u00a0 finansman\u0131 ve uygulamalar\u0131 konular\u0131nda yapt\u0131\u011f\u0131m doktora \u00e7al\u0131\u015fmas\u0131nda \u00e7ok \u00f6nemli ve ilgin\u00e7 veriler elde ettik. Bu tez, mevcut binalar\u0131n iyile\u015ftirilmesi uygulamalar\u0131n\u0131n optimizasyon y\u00f6ntemiyle se\u00e7ilerek bir finansal model geli\u015ftirilmesini ele al\u0131yor.<\/p>\n<p><strong>Haberin <a href=\"http:\/\/ekonomi.milliyet.com.tr\/-yesil-ev-le-cebimizde-6-milyar-\/ekonomi\/detay\/1827344\/default.htm\" target=\"_blank\">Devam\u0131 \u0130\u00e7in TIKLAYIN&gt;&gt;<\/a><\/strong><\/p>\n<p>Kaynak: Milliyet<\/p>","protected":false},"excerpt":{"rendered":"<p>Sorry, this entry is only available in Turkish. For the sake of viewer convenience, the content is shown below in the alternative language. You may click the link to switch the active language.Mevcut binalarda sadece \u0131s\u0131tma verimlili\u011fini art\u0131racak uygulamalardan bile enerji tasarrufunda y\u00fczde 25&#8217;lik bir iyile\u015fme olabilece\u011fini belirten\u00a0Emre \u00c7aml\u0131bel , \u201cBu iyile\u015fmeyle y\u0131lda 6 milyar [&hellip;]<\/p>\n","protected":false},"author":1,"featured_media":10562,"comment_status":"open","ping_status":"open","sticky":false,"template":"","format":"standard","meta":[],"categories":[53,52],"tags":[2832,63,67,1009,165,103,12,12431,2696,12430,87,5715],"views":2232,"_links":{"self":[{"href":"https:\/\/www.enerjigazetesi.ist\/en\/wp-json\/wp\/v2\/posts\/21665"}],"collection":[{"href":"https:\/\/www.enerjigazetesi.ist\/en\/wp-json\/wp\/v2\/posts"}],"about":[{"href":"https:\/\/www.enerjigazetesi.ist\/en\/wp-json\/wp\/v2\/types\/post"}],"author":[{"embeddable":true,"href":"https:\/\/www.enerjigazetesi.ist\/en\/wp-json\/wp\/v2\/users\/1"}],"replies":[{"embeddable":true,"href":"https:\/\/www.enerjigazetesi.ist\/en\/wp-json\/wp\/v2\/comments?post=21665"}],"version-history":[{"count":3,"href":"https:\/\/www.enerjigazetesi.ist\/en\/wp-json\/wp\/v2\/posts\/21665\/revisions"}],"predecessor-version":[{"id":21668,"href":"https:\/\/www.enerjigazetesi.ist\/en\/wp-json\/wp\/v2\/posts\/21665\/revisions\/21668"}],"wp:featuredmedia":[{"embeddable":true,"href":"https:\/\/www.enerjigazetesi.ist\/en\/wp-json\/wp\/v2\/media\/10562"}],"wp:attachment":[{"href":"https:\/\/www.enerjigazetesi.ist\/en\/wp-json\/wp\/v2\/media?parent=21665"}],"wp:term":[{"taxonomy":"category","embeddable":true,"href":"https:\/\/www.enerjigazetesi.ist\/en\/wp-json\/wp\/v2\/categories?post=21665"},{"taxonomy":"post_tag","embeddable":true,"href":"https:\/\/www.enerjigazetesi.ist\/en\/wp-json\/wp\/v2\/tags?post=21665"}],"curies":[{"name":"wp","href":"https:\/\/api.w.org\/{rel}","templated":true}]}}