{"id":21510,"date":"2014-01-24T16:27:19","date_gmt":"2014-01-24T13:27:19","guid":{"rendered":"https:\/\/www.enerjigazetesi.ist\/?p=21510"},"modified":"2014-01-24T16:27:19","modified_gmt":"2014-01-24T13:27:19","slug":"elektrik-fiyatlarina-bolgesel-fiyatlandirma-sistemi","status":"publish","type":"post","link":"https:\/\/www.enerjigazetesi.ist\/en\/elektrik-fiyatlarina-bolgesel-fiyatlandirma-sistemi\/","title":{"rendered":"(Turkish) Elektrik Fiyatlar\u0131na B\u00f6lgesel Fiyatland\u0131rma Sistemi&#8230;"},"content":{"rendered":"<p class=\"qtranxs-available-languages-message qtranxs-available-languages-message-en\">Sorry, this entry is only available in <a href=\"https:\/\/www.enerjigazetesi.ist\/tr\/wp-json\/wp\/v2\/posts\/21510\" class=\"qtranxs-available-language-link qtranxs-available-language-link-tr\" title=\"Turkish\">Turkish<\/a>. For the sake of viewer convenience, the content is shown below in the alternative language. You may click the link to switch the active language.<\/p><p><strong>Trakya Elektrik Da\u011f\u0131t\u0131m A.\u015e. (TREDA\u015e) Y\u00f6netim Kurulu Ba\u015fkan Vekili Ahmet Erdo\u011fan, t\u00fcketicinin en s\u0131k \u015fikayet etti\u011fi konular\u0131n ba\u015f\u0131nda, do\u011fu illerindeki tahsilat oran\u0131n\u0131n d\u00fc\u015f\u00fckl\u00fc\u011f\u00fc ve ka\u00e7ak kullan\u0131m\u0131n fazla olmas\u0131n\u0131n geldi\u011fini i\u015faret ederek, \u2018B\u00f6lgesel fiyatland\u0131rma\u2019 program\u0131n\u0131n \u00fczerinde \u00e7al\u0131\u015fma yap\u0131ld\u0131\u011f\u0131n\u0131 bildirdi. Ahmet Erdo\u011fan 2 y\u0131l \u00f6nce \u00f6zelle\u015ftirilen TREDA\u015e\u2019\u0131n i\u015fletmesini, 23 y\u0131ll\u0131\u011f\u0131na IC Holding\u2019in ald\u0131\u011f\u0131n\u0131 an\u0131msatt\u0131.<\/strong><\/p>\n<h2>\u2018Yat\u0131r\u0131mlar 70 milyon TL\u2019yi a\u015ft\u0131\u2019<\/h2>\n<p>\u00d6zelle\u015ftirmenin hemen ard\u0131ndan yat\u0131r\u0131mlara a\u011f\u0131rl\u0131k verildi\u011fini ve anlatan Erdo\u011fan, kurum yat\u0131r\u0131mlar\u0131n\u0131n devlet y\u00f6netimindeyken 23 milyon TL civar\u0131nda oldu\u011funu, ancak \u00f6zelle\u015ftirmenin akabinde. 2012 y\u0131l\u0131nda yat\u0131r\u0131m miktar\u0131n\u0131 70 milyon TL\u2019yi a\u015ft\u0131\u011f\u0131n\u0131 aktard\u0131.<a href=\"https:\/\/www.enerjigazetesi.ist\/wp-content\/uploads\/2014\/01\/elektrik-fiyatlarina-bolgesel-fiyatlandirma-sistemi.jpg\"><img loading=\"lazy\" class=\"alignright size-medium wp-image-21511\" title=\"elektrik-fiyatlarina-bolgesel-fiyatlandirma-sistemi\" src=\"https:\/\/www.enerjigazetesi.ist\/wp-content\/uploads\/2014\/01\/elektrik-fiyatlarina-bolgesel-fiyatlandirma-sistemi-300x190.jpg\" alt=\"\" width=\"300\" height=\"190\" srcset=\"https:\/\/www.enerjigazetesi.ist\/wp-content\/uploads\/2014\/01\/elektrik-fiyatlarina-bolgesel-fiyatlandirma-sistemi-300x190.jpg 300w, https:\/\/www.enerjigazetesi.ist\/wp-content\/uploads\/2014\/01\/elektrik-fiyatlarina-bolgesel-fiyatlandirma-sistemi-500x317.jpg 500w, https:\/\/www.enerjigazetesi.ist\/wp-content\/uploads\/2014\/01\/elektrik-fiyatlarina-bolgesel-fiyatlandirma-sistemi-80x50.jpg 80w, https:\/\/www.enerjigazetesi.ist\/wp-content\/uploads\/2014\/01\/elektrik-fiyatlarina-bolgesel-fiyatlandirma-sistemi.jpg 505w\" sizes=\"(max-width: 300px) 100vw, 300px\" \/><\/a><\/p>\n<p>Yap\u0131lan t\u00fcm \u00e7al\u0131\u015fmalar\u0131n m\u00fc\u015fteri memnuniyeti ile do\u011fru orant\u0131l\u0131 oldu\u011funa dikkat \u00e7eken Erdo\u011fan, TREDA\u015e\u2019\u0131n 660 k\u00f6y, 70 belde, 23 il\u00e7e ve 3 ili i\u00e7ine alan 20 bin kilometre karelik alanda hizmet verdi\u011fini kaydetti.<\/p>\n<p>Veznelerin t\u00fcm\u00fcn\u00fcn yenilendi\u011fini ve buna ba\u011fl\u0131 olarak hizmet kalitesinin de artt\u0131\u011f\u0131na de\u011finen Erdo\u011fan, kesintisiz ve kaliteli hizmet i\u00e7in b\u00fcy\u00fck gayret sarfettiklerini anlatt\u0131.<\/p>\n<p>Erdo\u011fan, \u201cIC Holding\u2019e ba\u011fl\u0131 TREDA\u015e, son iki y\u0131ld\u0131r \u00f6zelle\u015ftirmenin verdi\u011fi g\u00fc\u00e7le; yat\u0131r\u0131mlar\u0131n\u0131 en \u00fcst d\u00fczeye \u00e7ekerek, m\u00fc\u015fteri memnuniyetini esas alarak en iyi \u015fekle getirme gayreti i\u00e7indeyiz. Bu noktada kurumumuza gelen ele\u015ftiri ve \u015fikayetleri de, \u2018y\u00f6nlendirici\u2019 olarak g\u00f6r\u00fcyoruz. Menfi noktalara a\u011f\u0131rl\u0131k vererek vatanda\u015f\u0131m\u0131z\u0131n arzu ettiklerini yerine getirmek istiyoruz.\u201d diye konu\u015ftu.<\/p>\n<p>Kendilerine en s\u0131k iletilen \u015fikayetlerin \u2018G\u00fcneydo\u011fu\u2019da elektrik paras\u0131 \u00f6denmedi\u011fi\u2019ne ili\u015fkin oldu\u011funun alt\u0131n\u0131 \u00e7izen Erdo\u011fan, \u201cS\u00f6z konusu b\u00f6lgelerde elektrik paras\u0131 vermeyenler mutlak surette yasal yapt\u0131r\u0131mlarla kar\u015f\u0131 kar\u015f\u0131ya kal\u0131yor. Bu noktada Trakya halk\u0131na bir kez daha te\u015fekk\u00fcr ediyorum. Trakya insan\u0131 yasalara son derece sayg\u0131l\u0131 ve yasal y\u00fck\u00fcml\u00fcl\u00fcklerini yerine getirme konusunda son derece hassas ve sayg\u0131l\u0131. Bunu, 10 y\u0131ll\u0131k Genel M\u00fcd\u00fcrl\u00fck tecr\u00fcbeme dayanarak s\u00f6yl\u00fcyorum.\u201d \u015feklinde konu\u015ftu.<\/p>\n<h2>\u2018G\u00fcneydo\u011fu\u2019nun y\u00fck\u00fcn\u00fc t\u00fcm T\u00fcrkiye se\u00e7iyor\u2019<\/h2>\n<p>G\u00fcneydo\u011fu\u2019da \u00f6denmeyen fatura y\u00fck\u00fcn\u00fc sadece Trakya insan\u0131n\u0131n de\u011fil, t\u00fcm T\u00fcrkiye\u2019deki elektrik abonelerinin \u00f6dedi\u011fine vurgu yapan Erdo\u011fan, ka\u00e7ak kullan\u0131mdan haberdar olan vatanda\u015flar\u0131n da, bu durumu ihbar etmesi gerekti\u011fini, b\u00f6ylelikle kendi hakk\u0131na da sahip \u00e7\u0131kaca\u011f\u0131n\u0131 s\u00f6yledi.<\/p>\n<p>Erdo\u011fan, s\u00f6zlerini \u015f\u00f6yle s\u00fcrd\u00fcrd\u00fc: \u201cTrakya, T\u00fcrkiye\u2019de enerjinin ilk geldi\u011fi b\u00f6lgelerden biri. Dolay\u0131s\u0131yla, 1970\u2019li y\u0131llarda yap\u0131lm\u0131\u015f \u015febeke ve trafolar var. Bunlar y\u0131llar i\u00e7inde ekonomik \u00f6mr\u00fcn\u00fc doldurmu\u015f, ancak devletin verdi\u011fi imkanlarla yat\u0131r\u0131m\u0131 yenilenen bir \u00e7al\u0131\u015fma \u015fekli vard\u0131. \u00d6zelle\u015fmenin ard\u0131ndan ise bu yat\u0131r\u0131mlar 3 kat artt\u0131. Trakya ve Marmara b\u00f6lgesi, di\u011fer b\u00f6lgelere oranla g\u00f6\u00e7\u00fcn fazla oldu\u011fu, sanayi geli\u015fiminin h\u0131zl\u0131 oldu\u011fu b\u00f6lgeler. Bu bize, yat\u0131r\u0131mlar\u0131n her ge\u00e7en g\u00fcn yetersiz kald\u0131\u011f\u0131n\u0131 g\u00f6steriyor. Trakya\u2019da s\u00fcrekli yenilemek zorunday\u0131z. 1980 y\u0131l\u0131ndan bu yana Trakya\u2019da artan sanayile\u015fmeye ba\u011fl\u0131 olarak yat\u0131r\u0131mlarda s\u00fcrekli art\u0131yor. Baz\u0131 il ve il\u00e7elerde enerji nakil hatlar\u0131n\u0131 yeralt\u0131na al\u0131yoruz. Yeni a\u00e7\u0131lan imar alanlar\u0131na elektrik g\u00f6t\u00fcr\u00fcyoruz. Ancak bunlar \u00e7ok fazla bilinmiyor.\u201d<\/p>\n<p>Erdo\u011fan, TREDA\u015e Genel M\u00fcd\u00fcrl\u00fc\u011f\u00fc\u2019n\u00fcn, \u00f6zelle\u015fmenin ard\u0131ndan ikiye b\u00f6l\u00fcnd\u00fc\u011f\u00fcn\u00fc ve \u2018Da\u011f\u0131t\u0131m\u2019\u0131n yan\u0131s\u0131ra Trakya Elektrik Pazarlama A.\u015e.\u2019nin kuruldu\u011funu bildirdi.<\/p>\n<p>Buna ra\u011fmen, TREDA\u015e\u2019\u0131n her ne kadar \u00f6zelle\u015fmi\u015f olsa da kamuya hizmet verdi\u011fini ve i\u015fletmeyi alan IC Holding\u2019in \u2018kirac\u0131\u2019 durumunda oldu\u011funu aktaran Erdo\u011fan; \u201c23 y\u0131l sonra buray\u0131 b\u0131rakaca\u011f\u0131z, bir ba\u015fkas\u0131 ihaleyi alarak hizmete devam edecek.\u201d dedi.<\/p>\n<h2>\u2018Kay\u0131p-ka\u00e7ak oran\u0131 y\u00fczde 14 seviyesinde\u2019<\/h2>\n<p>T\u00fcrkiye\u2019de 2002 y\u0131l\u0131ndaki kay\u0131p-ka\u00e7ak oran\u0131n\u0131n y\u00fczde 26 oldu\u011funu, \u015fimdi ise y\u00fczde 14 seviyelerine d\u00fc\u015ft\u00fc\u011f\u00fcn\u00fc i\u015faret eden Erdo\u011fan, G\u00fcneydo\u011fu\u2019daki kay\u0131p-ka\u00e7ak kullan\u0131m\u0131n\u0131n bu orandan \u00e7\u0131kar\u0131lmas\u0131 halinde, T\u00fcrkiye\u2019nin kay\u0131p ve ka\u00e7ak oran\u0131n\u0131n y\u00fczde 8 seviyelerinde oldu\u011funu s\u00f6yledi.<\/p>\n<p>Erdo\u011fan, \u015f\u00f6yle devam etti: \u201c2016 y\u0131l\u0131ndan sonra b\u00f6lgesel tarifeye ge\u00e7ilecek. \u00dclke genelinde uygulanacak bu projede bir de\u011fi\u015fiklik olmaz ise Trakya kendi kay\u0131p ka\u00e7ak oran\u0131n\u0131 kendisini belirleyecek. Her b\u00f6lgede enerji farkl\u0131 fiyat \u00fczerinden sat\u0131lacak. Kay\u0131p ka\u00e7ak oran\u0131n\u0131n d\u00fc\u015f\u00fck olmas\u0131ndan \u00f6t\u00fcr\u00fc Trakyal\u0131 elektri\u011fi daha ucuza kullanacak. O g\u00fcne kadar ise kay\u0131p ka\u00e7ak oran\u0131n\u0131n ortalamas\u0131 al\u0131nacak. Trakya, y\u00fczde 6\u2019l\u0131k kay\u0131p ka\u00e7ak oran\u0131yla bu bedeli \u00f6derken, Bilecik; y\u00fczde 2\u2019lik kay\u0131p ka\u00e7ak oran\u0131yla ayn\u0131 bedeli \u00f6d\u00fcyor. Vatanda\u015f bunu y\u0131llard\u0131r \u00f6d\u00fcyordu. Ancak tarifelerin a\u00e7\u0131klanmas\u0131n\u0131n ard\u0131ndan haberdar oldu.\u201d<\/p>\n<h2>Sanayici tepkili<\/h2>\n<p>Erdo\u011fan, sanayicilerin kay\u0131p \u2013 ka\u00e7ak konusuna tepki g\u00f6sterdi\u011fini ve \u201cBiz de hi\u00e7 ka\u00e7ak kullan\u0131m yok.\u201d diyerek, bu bedeli \u00f6demeye kar\u015f\u0131 \u00e7\u0131kt\u0131klar\u0131n\u0131 ifade ederek, bunun olmas\u0131 durumunda da, bu bedelin vatanda\u015fa daha fazla y\u00fcklenece\u011fini, bunun i\u00e7in de bu taleplerinin m\u00fcmk\u00fcn olmad\u0131\u011f\u0131n\u0131 kaydetti.<\/p>\n<p><strong>Haberin <a href=\"http:\/\/enerjienstitusu.com\/2014\/01\/24\/elektrik-fiyatlarina-bolgesel-fiyatlandirma-sistemi\/\" target=\"_blank\">Devam\u0131 \u0130\u00e7in TIKLAYIN&gt;&gt;<\/a><\/strong><\/p>","protected":false},"excerpt":{"rendered":"<p>Sorry, this entry is only available in Turkish. For the sake of viewer convenience, the content is shown below in the alternative language. You may click the link to switch the active language.Trakya Elektrik Da\u011f\u0131t\u0131m A.\u015e. (TREDA\u015e) Y\u00f6netim Kurulu Ba\u015fkan Vekili Ahmet Erdo\u011fan, t\u00fcketicinin en s\u0131k \u015fikayet etti\u011fi konular\u0131n ba\u015f\u0131nda, do\u011fu illerindeki tahsilat oran\u0131n\u0131n d\u00fc\u015f\u00fckl\u00fc\u011f\u00fc [&hellip;]<\/p>\n","protected":false},"author":1,"featured_media":21511,"comment_status":"open","ping_status":"open","sticky":false,"template":"","format":"standard","meta":[],"categories":[51,53],"tags":[12372,12371,68,61,343,63,67,1009,165,10164,12369,12370],"views":970,"_links":{"self":[{"href":"https:\/\/www.enerjigazetesi.ist\/en\/wp-json\/wp\/v2\/posts\/21510"}],"collection":[{"href":"https:\/\/www.enerjigazetesi.ist\/en\/wp-json\/wp\/v2\/posts"}],"about":[{"href":"https:\/\/www.enerjigazetesi.ist\/en\/wp-json\/wp\/v2\/types\/post"}],"author":[{"embeddable":true,"href":"https:\/\/www.enerjigazetesi.ist\/en\/wp-json\/wp\/v2\/users\/1"}],"replies":[{"embeddable":true,"href":"https:\/\/www.enerjigazetesi.ist\/en\/wp-json\/wp\/v2\/comments?post=21510"}],"version-history":[{"count":2,"href":"https:\/\/www.enerjigazetesi.ist\/en\/wp-json\/wp\/v2\/posts\/21510\/revisions"}],"predecessor-version":[{"id":21513,"href":"https:\/\/www.enerjigazetesi.ist\/en\/wp-json\/wp\/v2\/posts\/21510\/revisions\/21513"}],"wp:featuredmedia":[{"embeddable":true,"href":"https:\/\/www.enerjigazetesi.ist\/en\/wp-json\/wp\/v2\/media\/21511"}],"wp:attachment":[{"href":"https:\/\/www.enerjigazetesi.ist\/en\/wp-json\/wp\/v2\/media?parent=21510"}],"wp:term":[{"taxonomy":"category","embeddable":true,"href":"https:\/\/www.enerjigazetesi.ist\/en\/wp-json\/wp\/v2\/categories?post=21510"},{"taxonomy":"post_tag","embeddable":true,"href":"https:\/\/www.enerjigazetesi.ist\/en\/wp-json\/wp\/v2\/tags?post=21510"}],"curies":[{"name":"wp","href":"https:\/\/api.w.org\/{rel}","templated":true}]}}