{"id":21458,"date":"2014-01-24T12:23:35","date_gmt":"2014-01-24T09:23:35","guid":{"rendered":"https:\/\/www.enerjigazetesi.ist\/?p=21458"},"modified":"2014-01-24T12:24:56","modified_gmt":"2014-01-24T09:24:56","slug":"enerji-verimliligi-projesi-ile-350-bin-tl-tasarruf-saglandi","status":"publish","type":"post","link":"https:\/\/www.enerjigazetesi.ist\/en\/enerji-verimliligi-projesi-ile-350-bin-tl-tasarruf-saglandi\/","title":{"rendered":"(Turkish) Enerji Verimlili\u011fi Projesi \u0130le 350 Bin TL Tasarruf Sa\u011fland\u0131!"},"content":{"rendered":"<p class=\"qtranxs-available-languages-message qtranxs-available-languages-message-en\">Sorry, this entry is only available in <a href=\"https:\/\/www.enerjigazetesi.ist\/tr\/wp-json\/wp\/v2\/posts\/21458\" class=\"qtranxs-available-language-link qtranxs-available-language-link-tr\" title=\"Turkish\">Turkish<\/a>. For the sake of viewer convenience, the content is shown below in the alternative language. You may click the link to switch the active language.<\/p><p><strong>Enerji Verimlili\u011fi Derne\u011fi Denizli \u015eubesi \u00fcyesi Elsan Elektrik Gere\u00e7leri Sanayi ve Ticaret \u015eirketi\u00a0 yapt\u0131\u011f\u0131 ilk verimlilik projeleri ile y\u0131lda 350 Bin\u00a0 TL lik tasarruf elde etti. Enerji Verimlili\u011fi Derne\u011fi Denizli \u015eubesi, Denizli de sanayi sekt\u00f6r\u00fcn\u00fcn enerji verimlili\u011fi ile ilgili \u00e7al\u0131\u015fmalar\u0131na destek olmaya ve bu konuda projeler y\u00fcr\u00fcterek, \u00fcyelerinin de firmalar\u0131nda yapt\u0131\u011f\u0131 verimlilik projeleri ile ad\u0131na yak\u0131\u015fan \u00e7al\u0131\u015fmalara\u00a0 imza at\u0131yor.<\/strong><\/p>\n<p>Sanayi sekt\u00f6r\u00fcn\u00fcn en \u00f6nemli giderlerinden olan enerji maliyetlerini\u00a0 d\u00fc\u015f\u00fcrmek i\u00e7in \u00e7al\u0131\u015fmalar yapan firmalar\u0131n say\u0131s\u0131 g\u00fcn ge\u00e7tik\u00e7e art\u0131yor. Y\u00fcksek enerji giderleri sebebi ile kar marj\u0131 ve\u00a0 pazarl\u0131k pay\u0131 d\u00fc\u015fen sanayiciler Enerji Verimlili\u011fi ile ilgili yapt\u0131klar\u0131 \u00e7al\u0131\u015fmalar ile maliyetlerini d\u00fc\u015f\u00fcrerek hem firmalar\u0131n\u0131 hem\u00a0 de \u00fclke ekonomilerine b\u00fcy\u00fck kazan\u00e7lar sa\u011flamak hedefinde.<\/p>\n<p>Enerji Verimlili\u011fi Derne\u011fi Denizli \u015eubes<a href=\"https:\/\/www.enerjigazetesi.ist\/wp-content\/uploads\/2013\/08\/turkiyenin-istikbali-gunes-enerjisindedir.jpg\"><img loading=\"lazy\" class=\"size-medium wp-image-14061 alignright\" title=\"g\u00fcne\u015f-enerjisi-enerji-verimlili\u011fi-ve-tasarrufu\" src=\"https:\/\/www.enerjigazetesi.ist\/wp-content\/uploads\/2013\/08\/turkiyenin-istikbali-gunes-enerjisindedir-300x183.jpg\" alt=\"\" width=\"300\" height=\"183\" srcset=\"https:\/\/www.enerjigazetesi.ist\/wp-content\/uploads\/2013\/08\/turkiyenin-istikbali-gunes-enerjisindedir-300x183.jpg 300w, https:\/\/www.enerjigazetesi.ist\/wp-content\/uploads\/2013\/08\/turkiyenin-istikbali-gunes-enerjisindedir-500x305.jpg 500w, https:\/\/www.enerjigazetesi.ist\/wp-content\/uploads\/2013\/08\/turkiyenin-istikbali-gunes-enerjisindedir-80x48.jpg 80w, https:\/\/www.enerjigazetesi.ist\/wp-content\/uploads\/2013\/08\/turkiyenin-istikbali-gunes-enerjisindedir.jpg 505w\" sizes=\"(max-width: 300px) 100vw, 300px\" \/><\/a>i \u00fcyesi Elsan Elektrik Gere\u00e7leri San. Ve Tic. A.\u015e. firmas\u0131nda yapt\u0131\u011f\u0131 Enerji\u00a0 Verimlili\u011fi projelerinin ilk \u00e7al\u0131\u015fmalar\u0131nda enerji\u00a0 cinsinden y\u0131lda 1.350.000Kwh (116 TEP) ekonomik de\u011fer cinsinden 350 Bin TL lik verim elde etti.<\/p>\n<p>Yap\u0131lan yat\u0131r\u0131mlar\u0131n en k\u0131sa zamanda geri d\u00f6nd\u00fc\u011f\u00fcn\u00fc belirten Elsan Enerji\u00a0 Y\u00f6neticisi Emin Alparslan, yapt\u0131klar\u0131 verimlilik \u00e7al\u0131\u015fmalar\u0131n\u0131 3 ba\u015fl\u0131k alt\u0131nda toplad\u0131klar\u0131n\u0131 bunlar\u0131n; Enerji Verimlili\u011fi Y\u00fcksek Ekipman Se\u00e7imi \u0130le Yap\u0131lan Yat\u0131r\u0131mlar ( 450.Bin kWh\/y\u0131l ), G\u00fcne\u015f enerjisi ile elektrik \u00fcretimi ( 700.Bin kWh\/y\u0131l ) Proses \u0130nnovasyonu (200.Bin kWh\/y\u0131l)\u00a0 oldu\u011funu belirtti. Alparslan; &#8221; yapm\u0131\u015f oldu\u011fumuz bu \u00e7al\u0131\u015fmalar ile y\u0131lda 116 TEP\u00a0 enerji tasarrufu elde ettik. \u00d6n\u00fcm\u00fczdeki y\u0131l yapacak oldu\u011fumuz yeni projeler ile\u00a0 hedefimiz y\u0131lda 3.300.000 Kwh (278 tep) bu da ekonomik de\u011fer olarak 850.000 TL olacakt\u0131r.<\/p>\n<p>Enerji\u00a0 ihtiyac\u0131m\u0131z\u0131n %70 ini ithal etti\u011fimiz \u00fclkemizde bizim gibi y\u0131ll\u0131k enerji\u00a0 giderleri \u00e7ok y\u00fcksek olan firmalar bu tarz verimlilik \u00e7al\u0131\u015fmalar\u0131n\u0131 hem kendi ekonomileri hem\u00a0 de \u00fclke ekonomimiz i\u00e7in yapmak zorunda. Elsan olarak biz sadece \u015firket \u00e7\u0131karlar\u0131m\u0131z\u0131 de\u011fil \u00fclkemiz ve gelece\u011fimiz\u00a0 i\u00e7in Enerji Verimlili\u011fine de destek olarak sosyal sorumlulu\u011fumuzu yerine getiriyoruz.\u00a0 \u00dcyesi bulundu\u011fumuz Enerji Verimlili\u011fi Derne\u011finin\u00a0 \u00e7al\u0131\u015fmalar\u0131nda da yer alarak 7&#8217;den 70&#8242; e herkesin bu konuda bilgilendiriyoruz&#8221;\u00a0 dedi.<\/p>\n<p>Enerji Verimlili\u011fi Derne\u011fi Denizli \u015eube\u00a0 Ba\u015fkan\u0131 Mehmet Akg\u00fcn; dernek olarak son yapt\u0131klar\u0131 Denizli \u0130li Sanayide Enerji\u00a0 Verimlili\u011fi Potansiyeli taramas\u0131 Projesi ile Denizlinin Enerji Verimlili\u011fin deki potansiyelini\u00a0 \u00e7\u0131kartacaklar\u0131n\u0131 belirterek, &#8220;Biz Enerji Verimlili\u011fi Derne\u011fi Denizli \u015eubesi olarak kuruldu\u011fumuz g\u00fcnden bu yana \u00fclkemiz ve gelece\u011fimiz\u00a0 i\u00e7in \u00e7al\u0131\u015f\u0131yoruz. Hem dernek olarak hemde \u00fcyelerimiz kendi firmalar\u0131nda yapm\u0131\u015f\u00a0 olduklar\u0131 \u00e7al\u0131\u015fmalar ile sosyal sorumluluklar\u0131m\u0131z\u0131 yerine getirmenin huzuru ve\u00a0 gururu i\u00e7erisindeyiz. Derne\u011fimiz ad\u0131na \u00fcyemizin yapm\u0131\u015f oldu\u011fu verimlilik projeleri tebrik ediyor onlar\u0131n bu \u00e7al\u0131\u015fmalar\u0131n\u0131n t\u00fcm sanayicilerimize \u00f6rnek\u00a0 olmas\u0131n\u0131 temenni ediyorum&#8221; dedi.<\/p>\n<p>Kaynak: <a href=\"http:\/\/www.haberyurdum.com\/350-bin-tl-lik-tasarruf-elde-etti-246288-yerel-basin.html\" target=\"_blank\">Haber Yurdum<\/a><\/p>","protected":false},"excerpt":{"rendered":"<p>Sorry, this entry is only available in Turkish. For the sake of viewer convenience, the content is shown below in the alternative language. You may click the link to switch the active language.Enerji Verimlili\u011fi Derne\u011fi Denizli \u015eubesi \u00fcyesi Elsan Elektrik Gere\u00e7leri Sanayi ve Ticaret \u015eirketi\u00a0 yapt\u0131\u011f\u0131 ilk verimlilik projeleri ile y\u0131lda 350 Bin\u00a0 TL lik [&hellip;]<\/p>\n","protected":false},"author":1,"featured_media":14061,"comment_status":"open","ping_status":"open","sticky":false,"template":"","format":"standard","meta":[],"categories":[53,52,49],"tags":[845,19,12346,12345,63,67,1009,501,165,103,12,1525,248,12351,2326,227,13,12344,12348,12347,12350,105,12349],"views":905,"_links":{"self":[{"href":"https:\/\/www.enerjigazetesi.ist\/en\/wp-json\/wp\/v2\/posts\/21458"}],"collection":[{"href":"https:\/\/www.enerjigazetesi.ist\/en\/wp-json\/wp\/v2\/posts"}],"about":[{"href":"https:\/\/www.enerjigazetesi.ist\/en\/wp-json\/wp\/v2\/types\/post"}],"author":[{"embeddable":true,"href":"https:\/\/www.enerjigazetesi.ist\/en\/wp-json\/wp\/v2\/users\/1"}],"replies":[{"embeddable":true,"href":"https:\/\/www.enerjigazetesi.ist\/en\/wp-json\/wp\/v2\/comments?post=21458"}],"version-history":[{"count":4,"href":"https:\/\/www.enerjigazetesi.ist\/en\/wp-json\/wp\/v2\/posts\/21458\/revisions"}],"predecessor-version":[{"id":21462,"href":"https:\/\/www.enerjigazetesi.ist\/en\/wp-json\/wp\/v2\/posts\/21458\/revisions\/21462"}],"wp:featuredmedia":[{"embeddable":true,"href":"https:\/\/www.enerjigazetesi.ist\/en\/wp-json\/wp\/v2\/media\/14061"}],"wp:attachment":[{"href":"https:\/\/www.enerjigazetesi.ist\/en\/wp-json\/wp\/v2\/media?parent=21458"}],"wp:term":[{"taxonomy":"category","embeddable":true,"href":"https:\/\/www.enerjigazetesi.ist\/en\/wp-json\/wp\/v2\/categories?post=21458"},{"taxonomy":"post_tag","embeddable":true,"href":"https:\/\/www.enerjigazetesi.ist\/en\/wp-json\/wp\/v2\/tags?post=21458"}],"curies":[{"name":"wp","href":"https:\/\/api.w.org\/{rel}","templated":true}]}}