{"id":21439,"date":"2014-01-24T10:29:24","date_gmt":"2014-01-24T07:29:24","guid":{"rendered":"https:\/\/www.enerjigazetesi.ist\/?p=21439"},"modified":"2014-01-24T10:29:24","modified_gmt":"2014-01-24T07:29:24","slug":"elektrikte-serbest-tuketici-sayisi-500-bini-asti","status":"publish","type":"post","link":"https:\/\/www.enerjigazetesi.ist\/en\/elektrikte-serbest-tuketici-sayisi-500-bini-asti\/","title":{"rendered":"(Turkish) Elektrikte Serbest T\u00fcketici Say\u0131s\u0131 500 Bini A\u015ft\u0131!"},"content":{"rendered":"<p class=\"qtranxs-available-languages-message qtranxs-available-languages-message-en\">Sorry, this entry is only available in <a href=\"https:\/\/www.enerjigazetesi.ist\/tr\/wp-json\/wp\/v2\/posts\/21439\" class=\"qtranxs-available-language-link qtranxs-available-language-link-tr\" title=\"Turkish\">Turkish<\/a>. For the sake of viewer convenience, the content is shown below in the alternative language. You may click the link to switch the active language.<\/p><p><strong>T\u00fcketti\u011fi elektri\u011fi istedi\u011fi sat\u0131c\u0131dan almaya ba\u015flayan serbest t\u00fcketici say\u0131s\u0131 500 bin adet s\u0131n\u0131r\u0131n\u0131n \u00fczerine \u00e7\u0131kt\u0131. Elektrik piyasas\u0131ndaki serbestle\u015fme \u00e7al\u0131\u015fmalar\u0131 \u00e7er\u00e7evesindeki en kritik uygulamalardan biri de serbest t\u00fcketici uygulamas\u0131. <\/strong><strong>Eskiden t\u00fcketiciler sadece devletten elektrik al\u0131rken, da\u011f\u0131t\u0131m \u00f6zelle\u015ftirmeleriyle birlikte bu hizmet \u00f6zel \u015firketlerden al\u0131nmaya ba\u015fland\u0131.<\/strong><\/p>\n<p><strong>YILLIK ASGAR\u0130 5000 kWh T\u00dcKETENLER<\/strong><br \/>\nBu arada, belirli bir miktar\u0131n \u00fczerinde elektrik t\u00fcketen abonelerin, ihtiyac\u0131n\u0131 sadece b\u00f6lgesindeki da\u011f\u0131t\u0131c\u0131dan de\u011fil, istedi\u011fi tedarik\u00e7iden alabilmesine ili\u015fkin uygulama da yay\u0131l\u0131yor.<a href=\"https:\/\/www.enerjigazetesi.ist\/wp-content\/uploads\/2013\/02\/elektrik-faturasi111-505x290.jpg\"><img loading=\"lazy\" class=\"alignright size-medium wp-image-7160\" title=\"elektrik-faturas\u0131\" src=\"https:\/\/www.enerjigazetesi.ist\/wp-content\/uploads\/2013\/02\/elektrik-faturasi111-505x290-300x172.jpg\" alt=\"\" width=\"300\" height=\"172\" srcset=\"https:\/\/www.enerjigazetesi.ist\/wp-content\/uploads\/2013\/02\/elektrik-faturasi111-505x290-300x172.jpg 300w, https:\/\/www.enerjigazetesi.ist\/wp-content\/uploads\/2013\/02\/elektrik-faturasi111-505x290-500x287.jpg 500w, https:\/\/www.enerjigazetesi.ist\/wp-content\/uploads\/2013\/02\/elektrik-faturasi111-505x290-80x45.jpg 80w, https:\/\/www.enerjigazetesi.ist\/wp-content\/uploads\/2013\/02\/elektrik-faturasi111-505x290.jpg 505w\" sizes=\"(max-width: 300px) 100vw, 300px\" \/><\/a><br \/>\n2013 y\u0131l\u0131 ba\u015f\u0131nda serbest t\u00fcketici stat\u00fcs\u00fcnden yararlanabilmek i\u00e7in gereken y\u0131ll\u0131k asgari elektrik t\u00fcketim miktar\u0131n\u0131n 5000 kWh`a d\u00fc\u015f\u00fcr\u00fclmesiyle milyonlarca t\u00fcketici de bu kapsama girdi.<\/p>\n<p><strong>B\u0130R YILDA 41 B\u0130NDEN 500 B\u0130NE<\/strong><br \/>\nBu stat\u00fcn\u00fcn sa\u011flad\u0131\u011f\u0131, elektrik tedarik\u00e7isini istedi\u011fi gibi belirleme hakk\u0131n\u0131 kullananlar\u0131n say\u0131s\u0131 da buna ba\u011fl\u0131 olarak h\u0131zla artmaya ba\u015flad\u0131. 2013 y\u0131l\u0131 ba\u015f\u0131nda sadece 41 bin civar\u0131nda bulunan serbest t\u00fcketici say\u0131s\u0131, 1 Ocak 2014 tarihinde yar\u0131m milyonu a\u015ft\u0131. Serbest t\u00fcketici say\u0131s\u0131 506 bin 729`a ula\u015f\u0131rken, serbest t\u00fcketici sayac\u0131 adedi ise 684 bin 88`e \u00e7\u0131kt\u0131. Serbest t\u00fcketici say\u0131s\u0131 ile serbest saya\u00e7 adedi aras\u0131ndaki bu fark, ayn\u0131 t\u00fcketicinin birden fazla saya\u00e7 kullanmas\u0131ndan kaynaklan\u0131yor.<\/p>\n<p><strong>L\u0130M\u0130T A\u015eA\u011eI, ABONE SAYISI YUKARI<\/strong><br \/>\n\u00d6n\u00fcm\u00fczdeki d\u00f6nemde serbest t\u00fcketici stat\u00fcs\u00fcnden yararlanan abone say\u0131s\u0131ndaki art\u0131\u015f\u0131n devam etmesi bekleniyor. Bu arada, serbest t\u00fcketici stat\u00fcs\u00fc i\u00e7in aranan asgari t\u00fcketim limitinin \u00f6n\u00fcm\u00fczdeki g\u00fcnlerde y\u0131ll\u0131k 5000 kWh`tan 2500 kWh seviyesine d\u00fc\u015f\u00fcr\u00fclmesi bekleniyor. Bu ad\u0131m at\u0131l\u0131rsa, toplam abone say\u0131s\u0131n\u0131n \u00e7ok b\u00fcy\u00fck bir b\u00f6l\u00fcm\u00fc serbest t\u00fcketici stat\u00fcs\u00fcn\u00fcn sa\u011flad\u0131\u011f\u0131 haklardan yararlanabilecekler listesi i\u00e7inde yer almaya ba\u015flayacak. Listenin b\u00fcy\u00fcmesi de serbest t\u00fcketici ve serbest t\u00fcketici sayac\u0131 say\u0131lar\u0131ndaki art\u0131\u015f\u0131 h\u0131zland\u0131racak.<\/p>\n<p>Kaynak: <a href=\"http:\/\/enerjigunlugu.net\/serbest-tuketicilerin-sayisi-500-bini-gecti_6754.html\" target=\"_blank\">Enerji G\u00fcnl\u00fc\u011f\u00fc<\/a><\/p>","protected":false},"excerpt":{"rendered":"<p>Sorry, this entry is only available in Turkish. For the sake of viewer convenience, the content is shown below in the alternative language. You may click the link to switch the active language.T\u00fcketti\u011fi elektri\u011fi istedi\u011fi sat\u0131c\u0131dan almaya ba\u015flayan serbest t\u00fcketici say\u0131s\u0131 500 bin adet s\u0131n\u0131r\u0131n\u0131n \u00fczerine \u00e7\u0131kt\u0131. Elektrik piyasas\u0131ndaki serbestle\u015fme \u00e7al\u0131\u015fmalar\u0131 \u00e7er\u00e7evesindeki en kritik uygulamalardan [&hellip;]<\/p>\n","protected":false},"author":1,"featured_media":7160,"comment_status":"open","ping_status":"open","sticky":false,"template":"","format":"standard","meta":[],"categories":[51,53],"tags":[12341,68,61,130,63,67,1009,165,4907],"views":759,"_links":{"self":[{"href":"https:\/\/www.enerjigazetesi.ist\/en\/wp-json\/wp\/v2\/posts\/21439"}],"collection":[{"href":"https:\/\/www.enerjigazetesi.ist\/en\/wp-json\/wp\/v2\/posts"}],"about":[{"href":"https:\/\/www.enerjigazetesi.ist\/en\/wp-json\/wp\/v2\/types\/post"}],"author":[{"embeddable":true,"href":"https:\/\/www.enerjigazetesi.ist\/en\/wp-json\/wp\/v2\/users\/1"}],"replies":[{"embeddable":true,"href":"https:\/\/www.enerjigazetesi.ist\/en\/wp-json\/wp\/v2\/comments?post=21439"}],"version-history":[{"count":2,"href":"https:\/\/www.enerjigazetesi.ist\/en\/wp-json\/wp\/v2\/posts\/21439\/revisions"}],"predecessor-version":[{"id":21441,"href":"https:\/\/www.enerjigazetesi.ist\/en\/wp-json\/wp\/v2\/posts\/21439\/revisions\/21441"}],"wp:featuredmedia":[{"embeddable":true,"href":"https:\/\/www.enerjigazetesi.ist\/en\/wp-json\/wp\/v2\/media\/7160"}],"wp:attachment":[{"href":"https:\/\/www.enerjigazetesi.ist\/en\/wp-json\/wp\/v2\/media?parent=21439"}],"wp:term":[{"taxonomy":"category","embeddable":true,"href":"https:\/\/www.enerjigazetesi.ist\/en\/wp-json\/wp\/v2\/categories?post=21439"},{"taxonomy":"post_tag","embeddable":true,"href":"https:\/\/www.enerjigazetesi.ist\/en\/wp-json\/wp\/v2\/tags?post=21439"}],"curies":[{"name":"wp","href":"https:\/\/api.w.org\/{rel}","templated":true}]}}