{"id":21384,"date":"2014-01-23T11:45:11","date_gmt":"2014-01-23T08:45:11","guid":{"rendered":"https:\/\/www.enerjigazetesi.ist\/?p=21384"},"modified":"2014-01-23T11:45:11","modified_gmt":"2014-01-23T08:45:11","slug":"kuraklik-nedeniyle-heslerin-elektrik-uretimi-olumsuz-etkilenecek","status":"publish","type":"post","link":"https:\/\/www.enerjigazetesi.ist\/en\/kuraklik-nedeniyle-heslerin-elektrik-uretimi-olumsuz-etkilenecek\/","title":{"rendered":"(Turkish) Kurakl\u0131k Nedeniyle HES\u2019lerin Elektrik \u00dcretimi Olumsuz Etkilenecek!"},"content":{"rendered":"<p class=\"qtranxs-available-languages-message qtranxs-available-languages-message-en\">Sorry, this entry is only available in <a href=\"https:\/\/www.enerjigazetesi.ist\/tr\/wp-json\/wp\/v2\/posts\/21384\" class=\"qtranxs-available-language-link qtranxs-available-language-link-tr\" title=\"Turkish\">Turkish<\/a>. For the sake of viewer convenience, the content is shown below in the alternative language. You may click the link to switch the active language.<\/p><p><strong>T\u00fcrkiye genelinde ya\u011f\u0131\u015flar\u0131n mevsim normallerinin alt\u0131nda olmas\u0131 dolay\u0131s\u0131yla, hidroelektrik santrallerinde (HES) elektrik \u00fcretiminin olumsuz etkilenebilece\u011fi bildirildi. T\u00fcrkiye\u2019nin ilk \u00f6nemli enerji yat\u0131r\u0131m\u0131 olan Keban Baraj\u0131 ve Hidroelektrik Santrali\u2019ndeki su debisi, ya\u015fanan kurakl\u0131k nedeniyle ge\u00e7en y\u0131l\u0131n ayn\u0131 d\u00f6nemine g\u00f6re 36 cm daha a\u015fa\u011f\u0131da \u00f6l\u00e7\u00fcld\u00fc.<\/strong><\/p>\n<p>Keban HES \u0130\u015fletme M\u00fcd\u00fcr\u00fc Tahsin Yaz\u0131c\u0131, yapt\u0131\u011f\u0131 a\u00e7\u0131klamada, 2012 y\u0131l\u0131nda 5,6 milyar, 2013 y\u0131l\u0131nda ise 5,9 milyar kilowat\/saat enerji \u00fcrettiklerini bildirdi.<\/p>\n<p>T\u00fcrkiye\u2019de enerji \u00fcreten HES\u2019lerde ilk 3\u2032e girdiklerini, suyun bol olmas\u0131 durumunda bu rakamlar\u0131n daha da y\u00fc<a href=\"https:\/\/www.enerjigazetesi.ist\/wp-content\/uploads\/2014\/01\/kuraklik-nedeniyle-heslerin-elektrik-uretimi-olumsuz-etkilenecek.jpg\"><img loading=\"lazy\" class=\"alignright size-medium wp-image-21385\" title=\"kuraklik-nedeniyle-heslerin-elektrik-uretimi-olumsuz-etkilenecek\" src=\"https:\/\/www.enerjigazetesi.ist\/wp-content\/uploads\/2014\/01\/kuraklik-nedeniyle-heslerin-elektrik-uretimi-olumsuz-etkilenecek-300x197.jpg\" alt=\"\" width=\"300\" height=\"197\" srcset=\"https:\/\/www.enerjigazetesi.ist\/wp-content\/uploads\/2014\/01\/kuraklik-nedeniyle-heslerin-elektrik-uretimi-olumsuz-etkilenecek-300x197.jpg 300w, https:\/\/www.enerjigazetesi.ist\/wp-content\/uploads\/2014\/01\/kuraklik-nedeniyle-heslerin-elektrik-uretimi-olumsuz-etkilenecek-75x50.jpg 75w, https:\/\/www.enerjigazetesi.ist\/wp-content\/uploads\/2014\/01\/kuraklik-nedeniyle-heslerin-elektrik-uretimi-olumsuz-etkilenecek.jpg 425w\" sizes=\"(max-width: 300px) 100vw, 300px\" \/><\/a>kselebilece\u011fini aktaran Yaz\u0131c\u0131, bu y\u0131l i\u00e7erisinde Keban Baraj\u0131\u2019na su getiren havzalarda ya\u011f\u0131\u015f olmad\u0131\u011f\u0131n\u0131 an\u0131msatt\u0131.<\/p>\n<p>Murat, F\u0131rat ve Munzur\u2019u kapsayan F\u0131rat Havzas\u0131\u2019nda ya\u011f\u0131\u015f olmad\u0131\u011f\u0131n\u0131 vurgulayan Yaz\u0131c\u0131, \u201cF\u0131rat Havzas\u0131 takriben 66 bin kilometrekarelik bir alan. Havzam\u0131z\u0131n hi\u00e7bir k\u0131sm\u0131nda ya\u011f\u0131\u015f yok. Buralarda \u00f6zellikle kar ya\u011f\u0131\u015f\u0131n\u0131n olmamas\u0131n\u0131 bize suyun az gelece\u011fi \u015feklinde yorumlayabiliriz\u201d dedi.<\/p>\n<p>Temennilerinin kar ya\u011f\u0131\u015f\u0131n\u0131n olmas\u0131 ve ge\u00e7en y\u0131llar\u0131n \u00fcst\u00fcnde bir su seviyesi yakalamak oldu\u011funu kaydeden Yaz\u0131c\u0131, \u015funlar\u0131 s\u00f6yledi: \u201c\u0130n\u015fallah uzun y\u0131llar ortalamam\u0131z\u0131n \u00fcst\u00fcnde su gelir, biz de enerjimizi bol bol \u00fcretiriz. T\u00fcrkiye\u2019nin bu enerji talebine yard\u0131mc\u0131 oluruz diye d\u00fc\u015f\u00fcn\u00fcyoruz. Su gelmemesi halinde bizim \u00fcretimlerimiz haliyle daha d\u00fc\u015f\u00fck olacak, daha az \u00fcretim yapaca\u011f\u0131z. Bu da bizim \u00e7ok istemedi\u011fimiz durumlar. B\u00fcy\u00fck bir \u00fcmitle dua ediyoruz.\u201d<\/p>\n<p>HES\u2019lerde \u00fcretilen enerjinin maliyetinin d\u00fc\u015f\u00fck oldu\u011funu, buralarda \u00fcretim ne kadar fazla olursa enerji maliyetlerinin de o kadar a\u015fa\u011f\u0131 inece\u011fini vurgulayan Yaz\u0131c\u0131, konu\u015fmas\u0131n\u0131 \u015f\u00f6yle tamamlad\u0131:<\/p>\n<p>\u201cMaliyet konusu pek bildi\u011fimiz bir konu de\u011fil ama hidroelektrik santrallerin maliyetleri \u00e7ok d\u00fc\u015f\u00fck. Bunlarla enerjiyi \u00fcretirseniz fiyatlar\u0131 daha d\u00fc\u015f\u00fck olur. Art\u0131k yeni enerji borsas\u0131 olu\u015ftu. Burada saplan\u0131yor fiyatlar. Suyla \u00fcretim fazla olursa fiyatlar\u0131n daha d\u00fc\u015f\u00fck olaca\u011f\u0131 kanaatindeyim. \u0130thal do\u011falgazla, k\u00f6m\u00fcrle \u00fcretimin maliyetleri biraz daha fazla.\u201d<\/p>\n<p>Kaynak: <a href=\"http:\/\/ekonomi.haber7.com\/turkiye-ekonomisi\/haber\/1119430-kuraklik-heslere-de-olumsuz-yansiyacak\" target=\"_blank\">Kanal 7<\/a><\/p>","protected":false},"excerpt":{"rendered":"<p>Sorry, this entry is only available in Turkish. For the sake of viewer convenience, the content is shown below in the alternative language. You may click the link to switch the active language.T\u00fcrkiye genelinde ya\u011f\u0131\u015flar\u0131n mevsim normallerinin alt\u0131nda olmas\u0131 dolay\u0131s\u0131yla, hidroelektrik santrallerinde (HES) elektrik \u00fcretiminin olumsuz etkilenebilece\u011fi bildirildi. T\u00fcrkiye\u2019nin ilk \u00f6nemli enerji yat\u0131r\u0131m\u0131 olan Keban [&hellip;]<\/p>\n","protected":false},"author":1,"featured_media":21385,"comment_status":"open","ping_status":"open","sticky":false,"template":"","format":"standard","meta":[],"categories":[53,47],"tags":[19,63,67,1009,165,35370,1090,12318,12313,12319],"views":1324,"_links":{"self":[{"href":"https:\/\/www.enerjigazetesi.ist\/en\/wp-json\/wp\/v2\/posts\/21384"}],"collection":[{"href":"https:\/\/www.enerjigazetesi.ist\/en\/wp-json\/wp\/v2\/posts"}],"about":[{"href":"https:\/\/www.enerjigazetesi.ist\/en\/wp-json\/wp\/v2\/types\/post"}],"author":[{"embeddable":true,"href":"https:\/\/www.enerjigazetesi.ist\/en\/wp-json\/wp\/v2\/users\/1"}],"replies":[{"embeddable":true,"href":"https:\/\/www.enerjigazetesi.ist\/en\/wp-json\/wp\/v2\/comments?post=21384"}],"version-history":[{"count":1,"href":"https:\/\/www.enerjigazetesi.ist\/en\/wp-json\/wp\/v2\/posts\/21384\/revisions"}],"predecessor-version":[{"id":21386,"href":"https:\/\/www.enerjigazetesi.ist\/en\/wp-json\/wp\/v2\/posts\/21384\/revisions\/21386"}],"wp:featuredmedia":[{"embeddable":true,"href":"https:\/\/www.enerjigazetesi.ist\/en\/wp-json\/wp\/v2\/media\/21385"}],"wp:attachment":[{"href":"https:\/\/www.enerjigazetesi.ist\/en\/wp-json\/wp\/v2\/media?parent=21384"}],"wp:term":[{"taxonomy":"category","embeddable":true,"href":"https:\/\/www.enerjigazetesi.ist\/en\/wp-json\/wp\/v2\/categories?post=21384"},{"taxonomy":"post_tag","embeddable":true,"href":"https:\/\/www.enerjigazetesi.ist\/en\/wp-json\/wp\/v2\/tags?post=21384"}],"curies":[{"name":"wp","href":"https:\/\/api.w.org\/{rel}","templated":true}]}}