{"id":21375,"date":"2014-01-23T10:50:43","date_gmt":"2014-01-23T07:50:43","guid":{"rendered":"https:\/\/www.enerjigazetesi.ist\/?p=21375"},"modified":"2014-01-23T10:50:54","modified_gmt":"2014-01-23T07:50:54","slug":"yildiz-petrol-fiyati-ve-dolar-kuru-artisinin-yillik-maliyeti-7-milyar-dolar","status":"publish","type":"post","link":"https:\/\/www.enerjigazetesi.ist\/en\/yildiz-petrol-fiyati-ve-dolar-kuru-artisinin-yillik-maliyeti-7-milyar-dolar\/","title":{"rendered":"(Turkish) Y\u0131ld\u0131z: Petrol Fiyat\u0131 ve Dolar Kuru Art\u0131\u015f\u0131n\u0131n Y\u0131ll\u0131k Maliyeti 7 Milyar Dolar&#8230;"},"content":{"rendered":"<p class=\"qtranxs-available-languages-message qtranxs-available-languages-message-en\">Sorry, this entry is only available in <a href=\"https:\/\/www.enerjigazetesi.ist\/tr\/wp-json\/wp\/v2\/posts\/21375\" class=\"qtranxs-available-language-link qtranxs-available-language-link-tr\" title=\"Turkish\">Turkish<\/a>. For the sake of viewer convenience, the content is shown below in the alternative language. You may click the link to switch the active language.<\/p><p><strong>Enerji ve Tabii Kaynaklar Bakan\u0131 Taner Y\u0131ld\u0131z, \u015eubat ay\u0131nda do\u011falgaz ve elektri\u011fe zam yap\u0131lmayaca\u011f\u0131n\u0131 s\u00f6yledi. \u0130stanbul Sanayi Odas\u0131\u2019n\u0131n \u201cT\u00fcrkiye\u2019nin Enerji G\u00f6r\u00fcn\u00fcm\u00fc ile Alternatif \u00c7\u00f6z\u00fcmler ve Sanayimiz\u201d konulu meclis toplant\u0131s\u0131na kat\u0131lan Bakan Taner Y\u0131ld\u0131z, gazetecilerin sorular\u0131n\u0131 yan\u0131tlad\u0131.<\/strong><\/p>\n<p>Bakan Y\u0131ld\u0131z, dolar paritesindeki art\u0131\u015f\u0131n\u0131n hat\u0131rlatan gazetecilerin \u201cDo\u011falgaz ve elektri\u011fe zam olacak m\u0131\u201d sorusuna \u015f\u00f6yle cevap verdi:<\/p>\n<p>\u201cDolar paritesinin 2.27\u2032lere kadar \u00e7\u0131kmas\u0131, toplam sepet kurunun bu noktalara ula\u015fmas\u0131 enerji maliyetini etkilemektedir. \u015eu anda siyasi gerek\u00e7elerle de\u011fil ama teknik gerek\u00e7elerle biz bunu g\u00f6\u011f\u00fcslemeye gayret ediyoruz. Yerli katk\u0131lar\u0131m\u0131z\u0131n su gibi r\u00fczgar gibi g\u00fcne\u015f gibi kaynaklar\u0131m\u0131z\u0131n artt\u0131r\u0131lmas\u0131n\u0131 hedefliyoruz. Sudaki ucuz maliyetimizi, do\u011falgazdaki y\u00fcksek maliyetimizle dengelemeye \u00e7al\u0131\u015f\u0131yoruz. \u015eu anda direniyoruz. \u0130n\u015fallah \u015eubat ay\u0131nda da do\u011falgaza zam yapmayaca\u011f\u0131m\u0131z\u0131 tekrar ediyorum.<\/p>\n<p>Elektrikte zaten 3\u2032er ayl\u0131k d\u00f6nemde de\u011ferlendirildi\u011fi i\u00e7in Ocak \u015eubat ve Mart ay\u0131nda zam yapmayaca\u011f\u0131m\u0131z\u0131 s\u00f6ylemi\u015ftim. Ama \u00fcmit ediyorum ki bu paritenin d\u00fc\u015fmesi bir \u00e7ok a\u00e7\u0131ktan do\u011fru olacakt\u0131r. Bu parite ger\u00e7ek yeri de\u011fildir. Bu rakama ula\u015fmas\u0131 siyasi nedenlerle olmu\u015ftur. Gerek\u00e7esi siyasi olan bir olgunun sonu\u00e7lar\u0131 da siyasi gerek\u00e7eler ortadan kald\u0131r\u0131larak yani T\u00fcrkiye\u2019nin istikrar\u0131n\u0131 istedi\u011fimiz noktaya ula\u015ft\u0131rarak sa\u011flayabiliriz. Ekonomik olmaktan ziyade sonu\u00e7lar\u0131 ekonomik ama sebepleri siyasi bir konudan bahsediyoruz. \u0130n\u015fallah bunlar yerli yerine oturacakt\u0131r.\u201d<\/p>\n<h2>\u201cMaliyet 7 milyar dolar\u201d<\/h2>\n<p>Dolar paritesindeki y\u00fckseli\u015fin maliyetini de a\u00e7\u0131klayan Enerji ve Tabii Kaynaklar Bakan\u0131 Taner Y\u0131ld\u0131z, \u201cYaln<a href=\"https:\/\/www.enerjigazetesi.ist\/wp-content\/uploads\/2014\/01\/yildiz-petrol-fiyati-ve-dolar-kuru-artisinin-yillik-maliyeti-7-milyar-dolar.jpg\"><img loading=\"lazy\" class=\"alignright size-medium wp-image-21376\" title=\"yildiz-petrol-fiyati-ve-dolar-kuru-artisinin-yillik-maliyeti-7-milyar-dolar\" src=\"https:\/\/www.enerjigazetesi.ist\/wp-content\/uploads\/2014\/01\/yildiz-petrol-fiyati-ve-dolar-kuru-artisinin-yillik-maliyeti-7-milyar-dolar-300x200.jpg\" alt=\"\" width=\"300\" height=\"200\" srcset=\"https:\/\/www.enerjigazetesi.ist\/wp-content\/uploads\/2014\/01\/yildiz-petrol-fiyati-ve-dolar-kuru-artisinin-yillik-maliyeti-7-milyar-dolar-300x200.jpg 300w, https:\/\/www.enerjigazetesi.ist\/wp-content\/uploads\/2014\/01\/yildiz-petrol-fiyati-ve-dolar-kuru-artisinin-yillik-maliyeti-7-milyar-dolar-74x50.jpg 74w, https:\/\/www.enerjigazetesi.ist\/wp-content\/uploads\/2014\/01\/yildiz-petrol-fiyati-ve-dolar-kuru-artisinin-yillik-maliyeti-7-milyar-dolar.jpg 366w\" sizes=\"(max-width: 300px) 100vw, 300px\" \/><\/a>\u0131zca bunun 1 y\u0131l s\u00fcrmesi halinde bu paritelerle ve bu Petrol fiyatlar\u0131yla beraber yakla\u015f\u0131k 7 milyar dolar bir maliyet art\u0131\u015f\u0131ndan bahsediyoruz. \u015eu anki maliyetlerimiz yakla\u015f\u0131k 2 milyar civar\u0131nda artm\u0131\u015f durumda. B\u00fct\u00fcn bunlar\u0131 kendi i\u00e7inde absorbe etmeye \u00e7al\u0131\u015f\u0131yoruz\u201d dedi.<\/p>\n<p>Kuzey Irak petrollerinin ta\u015f\u0131nmas\u0131 konusundaki soruyu da yan\u0131tlayan Y\u0131ld\u0131z, \u201cKuzey Irak\u2019ta \u00fcretilen Petrol s\u00f6zle\u015fmeler gere\u011fi Irak\u2019\u0131n tamam\u0131na ait olan bir petrold\u00fcr. Bu petrol T\u00fcrkiye\u2019nin petrol\u00fc de\u011fildir. Onlar \u00fcretti\u011fi kadar biz ta\u015f\u0131r\u0131z. \u015eu anda Ceyhan\u2019daki depolara do\u011fru ta\u015f\u0131n\u0131yor normalde. Bunlar\u0131n her birisi resmi rakamlarla yap\u0131lan i\u015flemlerdir. Bug\u00fcn ister Irak\u2019\u0131n Kuzeyinden ister G\u00fcney\u2019inde gelsin her petrol \u0131rak petrol\u00fcd\u00fcr. Karde\u015flerimiz kendi aralar\u0131nda Ba\u011fdat ve Erbil olarak uzla\u015facaklard\u0131r. Yoklu\u011fu payla\u015fmak yerine varl\u0131\u011f\u0131 payla\u015facaklard\u0131r. Ben buna inan\u0131yorum\u201d diye konu\u015ftu.<\/p>\n<h2>Irak ve petrol<\/h2>\n<p>Petrol\u00fcn ta\u015f\u0131nmas\u0131 ile ilgili Ba\u011fdat ile Erbil aras\u0131nda bir komite kuruldu\u011funu hat\u0131rlatan Y\u0131ld\u0131z, \u201cTop onlardad\u0131r. Onlar kar\u015f\u0131l\u0131kl\u0131 g\u00f6r\u00fc\u015fmelerde bulunacaklar. Bu arada farkl\u0131 a\u00e7\u0131klamalar da oldu. Biz bu s\u00f6ylemlerin oturmas\u0131n\u0131 bekliyoruz. Kendi aralar\u0131nda bir uzla\u015f\u0131 olacakt\u0131r. Irak\u2019\u0131n normalle\u015fmesine katk\u0131d\u0131r. T\u00fcrkiye kom\u015fuluk ve dostluk tavr\u0131n\u0131 muhafaza edecektir\u201d ifadelerini kulland\u0131.<\/p>\n<p>Irak\u2019tan petrol ak\u0131\u015f\u0131n\u0131n devam etti\u011fini hat\u0131rlatan Bakan Y\u0131ld\u0131z, \u201cCeyhan\u2019a kadar petrol geliyor. Ama biz Ba\u011fdat\u2019a \u015funu her zaman s\u00f6yledik. Buradan bir petrol akarsa, d\u00fcnya pazarlar\u0131na sunulursa mutlaka bunun muhasebele\u015fmesine, miktar\u0131na, paraland\u0131r\u0131lmas\u0131na, bankalardaki hesaplara var\u0131ncaya kadar Ba\u011fdat y\u00f6netiminin tayin etti\u011fi ki\u015fi bu i\u015flemlerin yan\u0131nda olacak. Bu gizli sakl\u0131 bir i\u015f olmad\u0131\u011f\u0131 gibi \u015feffaf a\u00e7\u0131k bir i\u015ftir\u201d \u015feklinde konu\u015ftu. \u0130ran ile BM G\u00fcvenlik Konseyi\u2019nin 5 daimi \u00fcyesi ve Almanya (5+1) aras\u0131nda anla\u015fma sa\u011flanmas\u0131n\u0131 da yorumlayan Bakan Y\u0131ld\u0131z, \u015funlar\u0131 s\u00f6yledi: \u201c5 + 1 toplant\u0131s\u0131nda sonra \u0130ran\u2019\u0131n gerek b\u00f6lgesinde, gerekse d\u00fcnaydaki normalle\u015fme s\u00fcr\u00e7e ba\u015flat\u0131lm\u0131\u015f bulunmakta.<\/p>\n<p>Bundan en fazla olumlu etkilenecek \u00fclkelerden birisi T\u00fcrkiye\u2019dir. Hem kom\u015fu hem dost ve karde\u015f \u00fclkedir. Hem do\u011falgaz hem petrol ticaretimiz bulunmaktad\u0131r. 2013 y\u0131l\u0131nda yaln\u0131zca \u0130ran\u2019dan ald\u0131\u011f\u0131m\u0131z 7.6 milyar dolarl\u0131k do\u011falgaz ve petrol ald\u0131k. Bu ciddi bir rakam. Biz \u0130ran ile b\u00fct\u00fcn makul \u00f6l\u00e7\u00fcler i\u00e7erisinde b\u00fct\u00fcn yapt\u0131\u011f\u0131m\u0131z resmi i\u015flemlerle beraber \u0130ranla olan ticaretimizi daha olumlu noktalara ta\u015f\u0131mak istiyoruz.\u201d<\/p>\n<p>Kaynak: <a href=\"http:\/\/www.stargundem.com\/ekonomi\/1377863-subatta-zam-yok.html\" target=\"_blank\">Star G\u00fcndem<\/a><\/p>","protected":false},"excerpt":{"rendered":"<p>Sorry, this entry is only available in Turkish. For the sake of viewer convenience, the content is shown below in the alternative language. You may click the link to switch the active language.Enerji ve Tabii Kaynaklar Bakan\u0131 Taner Y\u0131ld\u0131z, \u015eubat ay\u0131nda do\u011falgaz ve elektri\u011fe zam yap\u0131lmayaca\u011f\u0131n\u0131 s\u00f6yledi. \u0130stanbul Sanayi Odas\u0131\u2019n\u0131n \u201cT\u00fcrkiye\u2019nin Enerji G\u00f6r\u00fcn\u00fcm\u00fc ile Alternatif [&hellip;]<\/p>\n","protected":false},"author":1,"featured_media":21376,"comment_status":"open","ping_status":"open","sticky":false,"template":"","format":"standard","meta":[],"categories":[53,44],"tags":[710,12315,12314,63,3851,67,1009,3160,165,745,7371,8805,667,846],"views":548,"_links":{"self":[{"href":"https:\/\/www.enerjigazetesi.ist\/en\/wp-json\/wp\/v2\/posts\/21375"}],"collection":[{"href":"https:\/\/www.enerjigazetesi.ist\/en\/wp-json\/wp\/v2\/posts"}],"about":[{"href":"https:\/\/www.enerjigazetesi.ist\/en\/wp-json\/wp\/v2\/types\/post"}],"author":[{"embeddable":true,"href":"https:\/\/www.enerjigazetesi.ist\/en\/wp-json\/wp\/v2\/users\/1"}],"replies":[{"embeddable":true,"href":"https:\/\/www.enerjigazetesi.ist\/en\/wp-json\/wp\/v2\/comments?post=21375"}],"version-history":[{"count":3,"href":"https:\/\/www.enerjigazetesi.ist\/en\/wp-json\/wp\/v2\/posts\/21375\/revisions"}],"predecessor-version":[{"id":21379,"href":"https:\/\/www.enerjigazetesi.ist\/en\/wp-json\/wp\/v2\/posts\/21375\/revisions\/21379"}],"wp:featuredmedia":[{"embeddable":true,"href":"https:\/\/www.enerjigazetesi.ist\/en\/wp-json\/wp\/v2\/media\/21376"}],"wp:attachment":[{"href":"https:\/\/www.enerjigazetesi.ist\/en\/wp-json\/wp\/v2\/media?parent=21375"}],"wp:term":[{"taxonomy":"category","embeddable":true,"href":"https:\/\/www.enerjigazetesi.ist\/en\/wp-json\/wp\/v2\/categories?post=21375"},{"taxonomy":"post_tag","embeddable":true,"href":"https:\/\/www.enerjigazetesi.ist\/en\/wp-json\/wp\/v2\/tags?post=21375"}],"curies":[{"name":"wp","href":"https:\/\/api.w.org\/{rel}","templated":true}]}}