{"id":21327,"date":"2014-01-22T14:20:35","date_gmt":"2014-01-22T11:20:35","guid":{"rendered":"https:\/\/www.enerjigazetesi.ist\/?p=21327"},"modified":"2014-01-22T14:20:53","modified_gmt":"2014-01-22T11:20:53","slug":"enerji-maliyeti-sanayi-icin-ayak-bagi","status":"publish","type":"post","link":"https:\/\/www.enerjigazetesi.ist\/en\/enerji-maliyeti-sanayi-icin-ayak-bagi\/","title":{"rendered":"(Turkish) Enerji Maliyeti Sanayi \u0130\u00e7in Ayak Ba\u011f\u0131&#8230;"},"content":{"rendered":"<p class=\"qtranxs-available-languages-message qtranxs-available-languages-message-en\">Sorry, this entry is only available in <a href=\"https:\/\/www.enerjigazetesi.ist\/tr\/wp-json\/wp\/v2\/posts\/21327\" class=\"qtranxs-available-language-link qtranxs-available-language-link-tr\" title=\"Turkish\">Turkish<\/a>. For the sake of viewer convenience, the content is shown below in the alternative language. You may click the link to switch the active language.<\/p><p><strong>T\u00fcrkiye ihracat\u0131nda yerli kaynaklar\u0131 en fazla kullanan ve ithal \u00fcr\u00fcnlere ba\u011f\u0131ml\u0131l\u0131\u011f\u0131 en az olan stratejik sekt\u00f6rleri aras\u0131ndaki \u00e7imento, cam ve seramik, durgun ge\u00e7en 2013 y\u0131l\u0131nda ba\u015far\u0131 grafi\u011fini s\u00fcrd\u00fcrd\u00fc. Ge\u00e7en y\u0131l y\u00fczde 2 art\u0131\u015fla 3.4 milyar dolar ihracata imza atan birlik, 2023 hedefleri olan 7.3 milyar dolara ula\u015fmakta kararl\u0131 olduklar\u0131n\u0131 a\u00e7\u0131klad\u0131.<\/strong><\/p>\n<p>\u00c7imento, Seramik, Cam ve Toprak \u00dcr\u00fcnleri \u0130hracat\u00e7\u0131lar\u0131 Birli\u011fi (\u00c7CS\u0130B) Ba\u015fkan\u0131 Ali \u00d6zin\u00f6n\u00fc, T\u00fcrkiye\u2019ye net d\u00f6viz girdisi sa\u011flayan \u00fc\u00e7 sekt\u00f6r\u00fcn en \u00f6nemli girdi maliyeti olan enerjide desteklenmesi gerekti\u011fini s\u00f6yledi. \u00d6zin\u00f6n\u00fc, \u201c\u00c7imento, cam ve seramikte, enerjinin vergilendirilmesi a\u015famas\u0131nda AB mevzuat\u0131na uyum \u00f6nem ta\u015f\u0131yor. AB\u2019de, stratejik sekt\u00f6rlerde \u00fcretimde kullan\u0131lan enerjiden vergi al\u0131nm\u0131yor. B\u00f6yle bir uygulama, en \u00f6nemli girdi maliyeti enerji olan sekt\u00f6rleri b\u00fcy\u00fck \u00f6l\u00e7\u00fcde rahatlatacak\u201d dedi. \u00d6zin\u00f6n\u00fc, \u201c\u00dcr\u00fcnlerimizle ula\u015ft\u0131\u011f\u0131m\u0131z \u00fclke say\u0131s\u0131 185\u2019e \u00e7\u0131kt\u0131. \u00dc\u00e7 sekt\u00f6rle en \u00e7ok ihracat yapt\u0131\u011f\u0131m\u0131z \u00fclkeler; Irak, Almanya, Libya, Rusya, \u0130srail ve \u0130ngiltere oldu\u201d dedi.<\/p>\n<h2>Libya pazar\u0131 yeniden kapand\u0131<\/h2>\n<p>\u00c7CS\u0130B\u2019e ba\u011fl\u0131 sekt\u00f6rlerin ayr\u0131 ayr\u0131 i<a href=\"https:\/\/www.enerjigazetesi.ist\/wp-content\/uploads\/2014\/01\/enerji-maliyeti-sanayi-icin-ayak-bagi.jpg\"><img loading=\"lazy\" class=\"alignleft size-medium wp-image-21328\" title=\"enerji-maliyeti-sanayi-icin-ayak-bagi\" src=\"https:\/\/www.enerjigazetesi.ist\/wp-content\/uploads\/2014\/01\/enerji-maliyeti-sanayi-icin-ayak-bagi-300x204.jpg\" alt=\"\" width=\"300\" height=\"204\" srcset=\"https:\/\/www.enerjigazetesi.ist\/wp-content\/uploads\/2014\/01\/enerji-maliyeti-sanayi-icin-ayak-bagi-300x204.jpg 300w, https:\/\/www.enerjigazetesi.ist\/wp-content\/uploads\/2014\/01\/enerji-maliyeti-sanayi-icin-ayak-bagi-73x50.jpg 73w, https:\/\/www.enerjigazetesi.ist\/wp-content\/uploads\/2014\/01\/enerji-maliyeti-sanayi-icin-ayak-bagi.jpg 384w\" sizes=\"(max-width: 300px) 100vw, 300px\" \/><\/a>hracat performanslar\u0131na aktaran \u00d6zin\u00f6n\u00fc, \u00e7imento sekt\u00f6r\u00fcn\u00fcn ge\u00e7en y\u0131l 750.4 milyon dolar ihracata imza att\u0131\u011f\u0131n\u0131, en \u00e7ok ihracat\u0131 Libya, Irak ve Rusya Federasyonu\u2019na yapt\u0131klar\u0131n\u0131 a\u00e7\u0131klad\u0131. Sekt\u00f6rde en y\u00fcksek ihracat art\u0131\u015f\u0131n\u0131 y\u00fczde 129\u2019luk oranla Libya\u2019ya ger\u00e7ekle\u015ftirdiklerini, Suriye\u2019ye ise y\u00fczde 82\u2019lik bir art\u0131\u015f kaydettiklerini belirten Ba\u015fkan, s\u00f6zlerini \u015f\u00f6yle s\u00fcrd\u00fcrd\u00fc: \u201c\u0130hracat art\u0131\u015f\u0131m\u0131z, bu \u00fclkelerin yeniden imar \u00e7al\u0131\u015fmalar\u0131 ile do\u011fru orant\u0131l\u0131. Libya\u2019da yat\u0131r\u0131m hamlesinin ba\u015flamas\u0131 ile in\u015faat sekt\u00f6r\u00fc canlanm\u0131\u015f ve T\u00fcrkiye\u2019den \u00e7imento \u00fcr\u00fcnlerine ihtiya\u00e7 duyulmu\u015ftu. Bu talep \u00fczerine Libya pazar\u0131nda iyi bir ba\u015flang\u0131\u00e7 yapt\u0131k. Ancak \u00fclkenin yeniden kaosa s\u00fcr\u00fcklenmesi \u00fczerine ihracat neredeyse tamamen durdu.\u201d<\/p>\n<h2>Kalitesiz \u00fcr\u00fcnler ithal ediliyor<\/h2>\n<p>Sekt\u00f6rde artan ithalata da dikkat \u00e7eken \u00d6zin\u00f6n\u00fc, \u201c\u0130hracat gelirlerinden vergi almayan gerek Uzakdo\u011fu gerekse kom\u015fu co\u011frafyadaki pek \u00e7ok \u00fclke, T\u00fcrkiye\u2019yi hedef pazar olarak belirlemi\u015f durumda. Bu da bizi s\u0131k\u0131nt\u0131ya sokuyor\u201d diye konu\u015ftu. \u00c7CS\u0130B Y\u00f6netim Kurulu Ba\u015fkan Yard\u0131mc\u0131s\u0131 Cemil Tokel de, \u00fclkeye kalitesiz cam \u00fcr\u00fcnleri ithal edildi\u011fini belirterek, \u201c\u00d6zellikle yak\u0131n kom\u015fumuz olan \u00fclkelerdeki krizler, insan sa\u011fl\u0131\u011f\u0131n\u0131 tehdit edecek d\u00fczeyde kalitesiz \u00fcr\u00fcnlerin T\u00fcrkiye i\u00e7 pazar\u0131na girmesine neden oluyor. \u0130\u00e7 piyasa adeta kalitesiz \u00fcr\u00fcnlerin istilas\u0131 alt\u0131nda\u201d dedi.<\/p>\n<p>Kaynak: <a href=\"http:\/\/enerjienstitusu.com\/2014\/01\/22\/enerji-maliyeti-sanayi-icin-ayak-bagi\/\" target=\"_blank\">Enerji Enstit\u00fcs\u00fc<\/a><\/p>","protected":false},"excerpt":{"rendered":"<p>Sorry, this entry is only available in Turkish. For the sake of viewer convenience, the content is shown below in the alternative language. You may click the link to switch the active language.T\u00fcrkiye ihracat\u0131nda yerli kaynaklar\u0131 en fazla kullanan ve ithal \u00fcr\u00fcnlere ba\u011f\u0131ml\u0131l\u0131\u011f\u0131 en az olan stratejik sekt\u00f6rleri aras\u0131ndaki \u00e7imento, cam ve seramik, durgun ge\u00e7en [&hellip;]<\/p>\n","protected":false},"author":1,"featured_media":21328,"comment_status":"closed","ping_status":"closed","sticky":false,"template":"","format":"standard","meta":[],"categories":[53],"tags":[12298,812,12296,63,67,1009,3160,165,1902,12297,5793],"views":802,"_links":{"self":[{"href":"https:\/\/www.enerjigazetesi.ist\/en\/wp-json\/wp\/v2\/posts\/21327"}],"collection":[{"href":"https:\/\/www.enerjigazetesi.ist\/en\/wp-json\/wp\/v2\/posts"}],"about":[{"href":"https:\/\/www.enerjigazetesi.ist\/en\/wp-json\/wp\/v2\/types\/post"}],"author":[{"embeddable":true,"href":"https:\/\/www.enerjigazetesi.ist\/en\/wp-json\/wp\/v2\/users\/1"}],"replies":[{"embeddable":true,"href":"https:\/\/www.enerjigazetesi.ist\/en\/wp-json\/wp\/v2\/comments?post=21327"}],"version-history":[{"count":3,"href":"https:\/\/www.enerjigazetesi.ist\/en\/wp-json\/wp\/v2\/posts\/21327\/revisions"}],"predecessor-version":[{"id":21331,"href":"https:\/\/www.enerjigazetesi.ist\/en\/wp-json\/wp\/v2\/posts\/21327\/revisions\/21331"}],"wp:featuredmedia":[{"embeddable":true,"href":"https:\/\/www.enerjigazetesi.ist\/en\/wp-json\/wp\/v2\/media\/21328"}],"wp:attachment":[{"href":"https:\/\/www.enerjigazetesi.ist\/en\/wp-json\/wp\/v2\/media?parent=21327"}],"wp:term":[{"taxonomy":"category","embeddable":true,"href":"https:\/\/www.enerjigazetesi.ist\/en\/wp-json\/wp\/v2\/categories?post=21327"},{"taxonomy":"post_tag","embeddable":true,"href":"https:\/\/www.enerjigazetesi.ist\/en\/wp-json\/wp\/v2\/tags?post=21327"}],"curies":[{"name":"wp","href":"https:\/\/api.w.org\/{rel}","templated":true}]}}