{"id":21309,"date":"2014-01-22T10:08:36","date_gmt":"2014-01-22T07:08:36","guid":{"rendered":"https:\/\/www.enerjigazetesi.ist\/?p=21309"},"modified":"2014-01-22T11:36:17","modified_gmt":"2014-01-22T08:36:17","slug":"odas-sanliurfadaki-gunes-santralini-devreye-aldi","status":"publish","type":"post","link":"https:\/\/www.enerjigazetesi.ist\/en\/odas-sanliurfadaki-gunes-santralini-devreye-aldi\/","title":{"rendered":"(Turkish) Oda\u015f, \u015eanl\u0131urfa\u2019daki G\u00fcne\u015f Santral\u0131n\u0131 Devreye Ald\u0131!"},"content":{"rendered":"<p class=\"qtranxs-available-languages-message qtranxs-available-languages-message-en\">Sorry, this entry is only available in <a href=\"https:\/\/www.enerjigazetesi.ist\/tr\/wp-json\/wp\/v2\/posts\/21309\" class=\"qtranxs-available-language-link qtranxs-available-language-link-tr\" title=\"Turkish\">Turkish<\/a>. For the sake of viewer convenience, the content is shown below in the alternative language. You may click the link to switch the active language.<\/p><p><strong>Oda\u015f Elektrik, \u015eanl\u0131urfa`d<\/strong><strong>aki<\/strong><a href=\"https:\/\/www.enerjigazetesi.ist\/wp-content\/uploads\/2014\/01\/odas-sanliurfadaki-gunes-santralini-devreye-aldi.jpg\"><img loading=\"lazy\" class=\"alignleft size-medium wp-image-21310\" title=\"odas-sanliurfadaki-gunes-santralini-devreye-aldi\" src=\"https:\/\/www.enerjigazetesi.ist\/wp-content\/uploads\/2014\/01\/odas-sanliurfadaki-gunes-santralini-devreye-aldi-300x205.jpg\" alt=\"\" width=\"300\" height=\"205\" srcset=\"https:\/\/www.enerjigazetesi.ist\/wp-content\/uploads\/2014\/01\/odas-sanliurfadaki-gunes-santralini-devreye-aldi-300x205.jpg 300w, https:\/\/www.enerjigazetesi.ist\/wp-content\/uploads\/2014\/01\/odas-sanliurfadaki-gunes-santralini-devreye-aldi-72x50.jpg 72w, https:\/\/www.enerjigazetesi.ist\/wp-content\/uploads\/2014\/01\/odas-sanliurfadaki-gunes-santralini-devreye-aldi.jpg 372w\" sizes=\"(max-width: 300px) 100vw, 300px\" \/><\/a><strong> do\u011falgaz santralinin i\u00e7 t\u00fcketim ihtiyac\u0131n\u0131 kar\u015f\u0131lamak \u00fczere kurdu\u011fu 0,25 MW kapasiteli g\u00fcne\u015f enerjisi santralini devreye ald\u0131.\u00a0<\/strong><\/p>\n<p>Oda\u015f Elektrik`ten yap\u0131lan a\u00e7\u0131klamada \u015eirket`in \u015eanl\u0131urfa`da kurdu\u011fu g\u00fcne\u015f enerji santralinden Bakanl\u0131k kabul\u00fcn\u00fcn al\u0131nd\u0131\u011f\u0131 belirtildi. A\u00e7\u0131klamada \u015f\u00f6yle denildi:<\/p>\n<p>\u201c\u015eanl\u0131urfa`da bulunan do\u011falgaz santralimizin T\u00fcrkiye`de ilk olarak hem \u00fcretim i\u00e7in gerekli olan i\u00e7 t\u00fcketim ihtiyac\u0131n\u0131 kar\u015f\u0131layacak hem de \u00fcretti\u011fi fazla elektrik enerjisini sisteme satacak olan ayn\u0131 sahadaki 0,25 MW kapasiteli g\u00fcne\u015f enerjisi santralimizin Bakanl\u0131k kabul\u00fc al\u0131narak devreye al\u0131nm\u0131\u015ft\u0131r.\u201d<\/p>\n<p>Kaynak: <a href=\"http:\/\/enerjigunlugu.net\/odas-sanliurfadaki-gunes-santralini-devreye-aldi_6727.html\" target=\"_blank\">Enerji G\u00fcnl\u00fc\u011f\u00fc<\/a><\/p>","protected":false},"excerpt":{"rendered":"<p>Sorry, this entry is only available in Turkish. For the sake of viewer convenience, the content is shown below in the alternative language. You may click the link to switch the active language.Oda\u015f Elektrik, \u015eanl\u0131urfa`daki do\u011falgaz santralinin i\u00e7 t\u00fcketim ihtiyac\u0131n\u0131 kar\u015f\u0131lamak \u00fczere kurdu\u011fu 0,25 MW kapasiteli g\u00fcne\u015f enerjisi santralini devreye ald\u0131.\u00a0 Oda\u015f Elektrik`ten yap\u0131lan a\u00e7\u0131klamada [&hellip;]<\/p>\n","protected":false},"author":1,"featured_media":21310,"comment_status":"open","ping_status":"open","sticky":false,"template":"","format":"standard","meta":[],"categories":[53,49],"tags":[12285,63,67,1009,165,2326,227,13,2569,12284,2097],"views":934,"_links":{"self":[{"href":"https:\/\/www.enerjigazetesi.ist\/en\/wp-json\/wp\/v2\/posts\/21309"}],"collection":[{"href":"https:\/\/www.enerjigazetesi.ist\/en\/wp-json\/wp\/v2\/posts"}],"about":[{"href":"https:\/\/www.enerjigazetesi.ist\/en\/wp-json\/wp\/v2\/types\/post"}],"author":[{"embeddable":true,"href":"https:\/\/www.enerjigazetesi.ist\/en\/wp-json\/wp\/v2\/users\/1"}],"replies":[{"embeddable":true,"href":"https:\/\/www.enerjigazetesi.ist\/en\/wp-json\/wp\/v2\/comments?post=21309"}],"version-history":[{"count":2,"href":"https:\/\/www.enerjigazetesi.ist\/en\/wp-json\/wp\/v2\/posts\/21309\/revisions"}],"predecessor-version":[{"id":21312,"href":"https:\/\/www.enerjigazetesi.ist\/en\/wp-json\/wp\/v2\/posts\/21309\/revisions\/21312"}],"wp:featuredmedia":[{"embeddable":true,"href":"https:\/\/www.enerjigazetesi.ist\/en\/wp-json\/wp\/v2\/media\/21310"}],"wp:attachment":[{"href":"https:\/\/www.enerjigazetesi.ist\/en\/wp-json\/wp\/v2\/media?parent=21309"}],"wp:term":[{"taxonomy":"category","embeddable":true,"href":"https:\/\/www.enerjigazetesi.ist\/en\/wp-json\/wp\/v2\/categories?post=21309"},{"taxonomy":"post_tag","embeddable":true,"href":"https:\/\/www.enerjigazetesi.ist\/en\/wp-json\/wp\/v2\/tags?post=21309"}],"curies":[{"name":"wp","href":"https:\/\/api.w.org\/{rel}","templated":true}]}}