{"id":21297,"date":"2014-01-22T10:51:20","date_gmt":"2014-01-22T07:51:20","guid":{"rendered":"https:\/\/www.enerjigazetesi.ist\/?p=21297"},"modified":"2014-01-22T11:55:45","modified_gmt":"2014-01-22T08:55:45","slug":"dogalgazda-isi-tasarrufu-saglamak-icin-neler-yapilmalidir","status":"publish","type":"post","link":"https:\/\/www.enerjigazetesi.ist\/en\/dogalgazda-isi-tasarrufu-saglamak-icin-neler-yapilmalidir\/","title":{"rendered":"(Turkish) Do\u011falgazda Is\u0131 Tasarrufu Sa\u011flamak \u0130\u00e7in Neler Yap\u0131lmal\u0131d\u0131r?"},"content":{"rendered":"<p class=\"qtranxs-available-languages-message qtranxs-available-languages-message-en\">Sorry, this entry is only available in <a href=\"https:\/\/www.enerjigazetesi.ist\/tr\/wp-json\/wp\/v2\/posts\/21297\" class=\"qtranxs-available-language-link qtranxs-available-language-link-tr\" title=\"Turkish\">Turkish<\/a>. For the sake of viewer convenience, the content is shown below in the alternative language. You may click the link to switch the active language.<\/p><p><strong>K\u0131r\u015fehir Seyfe G\u00f6l\u00fc Ekoloji Derne\u011fi Ba\u015fkan\u0131 az yo\u011fu\u015fmal\u0131 kombi gerekmez s\u00f6ylevi \u00e7ok do\u011fru enerji tasarrufu sa\u011flar\u0131z&#8221; dedi. ve Makine M\u00fchendisleri Odas\u0131 Y\u00fcr\u00fctme Kurulu \u00dcyesi \u00d6mer \u00c7etiner, &#8220;Bina veya dairemize d\u00fczg\u00fcn bir \u0131s\u0131 yal\u0131t\u0131m\u0131 yapt\u0131r\u0131rsak k\u0131\u015f\u0131n so\u011fuktan, yaz\u0131n s\u0131caktan korunarak konforumuzu art\u0131r\u0131r ve y\u00fczde 50 ye yak\u0131n enerji tasarrufu sa\u011flar\u0131z.<\/strong> <a href=\"https:\/\/www.enerjigazetesi.ist\/wp-content\/uploads\/2014\/01\/dogalgazda-isi-tasarrufu-saglamak-icin-neler-yapilmalidir.jpg\"><img loading=\"lazy\" class=\"alignright size-medium wp-image-21298\" title=\"dogalgazda-isi-tasarrufu-saglamak-icin-neler-yapilmalidir\" src=\"https:\/\/www.enerjigazetesi.ist\/wp-content\/uploads\/2014\/01\/dogalgazda-isi-tasarrufu-saglamak-icin-neler-yapilmalidir-300x188.jpg\" alt=\"\" width=\"300\" height=\"188\" srcset=\"https:\/\/www.enerjigazetesi.ist\/wp-content\/uploads\/2014\/01\/dogalgazda-isi-tasarrufu-saglamak-icin-neler-yapilmalidir-300x188.jpg 300w, https:\/\/www.enerjigazetesi.ist\/wp-content\/uploads\/2014\/01\/dogalgazda-isi-tasarrufu-saglamak-icin-neler-yapilmalidir-500x313.jpg 500w, https:\/\/www.enerjigazetesi.ist\/wp-content\/uploads\/2014\/01\/dogalgazda-isi-tasarrufu-saglamak-icin-neler-yapilmalidir-80x50.jpg 80w, https:\/\/www.enerjigazetesi.ist\/wp-content\/uploads\/2014\/01\/dogalgazda-isi-tasarrufu-saglamak-icin-neler-yapilmalidir.jpg 505w\" sizes=\"(max-width: 300px) 100vw, 300px\" \/><\/a><\/p>\n<p>Yo\u011fu\u015fmal\u0131 kombi kullan\u0131m\u0131nda hem yak\u0131t tasarrufu sa\u011flar, hem de \u00e7evreyi fazla kirletmeyiz. Konumu ne olursa olsun her t\u00fcrl\u00fc mekana yo\u011fu\u015fmal\u0131 kombiyi tavsiye ediyoruz. Evimiz k\u00fc\u00e7\u00fck veya petek say\u0131m\u0131z bir s\u00f6ylev de\u011fildir. Y\u00fczde 15 veya y\u00fczde 25 mutlaka tasarruf ederiz.<\/p>\n<p>Kalorifer tesisat\u0131m\u0131z do\u011fru \u00e7ekilmeli, boru \u00e7aplar\u0131 uygun olmal\u0131d\u0131r.Binan\u0131z\u0131n veya odam\u0131z\u0131n \u0131s\u0131 ihtiyac\u0131n\u0131 hesaplarken, mekan\u0131n hacmini, y\u00f6n\u00fcn\u00fc, \u0131s\u0131 yal\u0131t\u0131m\u0131n\u0131 ve r\u00fczgar fakt\u00f6r\u00fcn\u00fc dikkate almal\u0131y\u0131z. \u00c7ok az kulland\u0131\u011f\u0131m\u0131z veya kullanmad\u0131\u011f\u0131m\u0131z odalar\u0131 tamamen kapatmak do\u011fru de\u011fildir.<\/p>\n<p>Oda termostad\u0131 ve Termostatik vana kullanarak hem konforumuzu art\u0131r\u0131r hemde Enerji Verimlili\u011fi i\u00e7in gerekli tedbirlerin al\u0131nmas\u0131 gerekti\u011fini s\u00f6yleyen \u00c7etiner, &#8220;En ucuz enerji tasarruf edilen enerjidir&#8221; prensibinden hareket ederek nerelerden nas\u0131l tasarruf edebilece\u011fimizi \u00f6\u011frenmeliyiz. Is\u0131 tasarrufu ile ilgili tedbirlerin Is\u0131 yal\u0131t\u0131m\u0131,Verimli \u0131s\u0131tma cihazlar\u0131,Uygun tesisat,Tasarruf ekipmanlar\u0131 gerekmektedir&#8221; \u015feklinde konu\u015ftu.<\/p>\n<p>Kaynak: <a href=\"http:\/\/www.medya73.com\/dogalgazda-isi-tasarrufu-icin-neler-yapilmalidir-yerel-basin-haber-240078.html\" target=\"_blank\">Medya 73<\/a><\/p>","protected":false},"excerpt":{"rendered":"<p>Sorry, this entry is only available in Turkish. For the sake of viewer convenience, the content is shown below in the alternative language. You may click the link to switch the active language.K\u0131r\u015fehir Seyfe G\u00f6l\u00fc Ekoloji Derne\u011fi Ba\u015fkan\u0131 az yo\u011fu\u015fmal\u0131 kombi gerekmez s\u00f6ylevi \u00e7ok do\u011fru enerji tasarrufu sa\u011flar\u0131z&#8221; dedi. ve Makine M\u00fchendisleri Odas\u0131 Y\u00fcr\u00fctme Kurulu [&hellip;]<\/p>\n","protected":false},"author":1,"featured_media":21298,"comment_status":"open","ping_status":"open","sticky":false,"template":"","format":"standard","meta":[],"categories":[46,53,52],"tags":[12279,63,67,1009,165,103,12,12281,12283,1253,12282,9822,12280],"views":811,"_links":{"self":[{"href":"https:\/\/www.enerjigazetesi.ist\/en\/wp-json\/wp\/v2\/posts\/21297"}],"collection":[{"href":"https:\/\/www.enerjigazetesi.ist\/en\/wp-json\/wp\/v2\/posts"}],"about":[{"href":"https:\/\/www.enerjigazetesi.ist\/en\/wp-json\/wp\/v2\/types\/post"}],"author":[{"embeddable":true,"href":"https:\/\/www.enerjigazetesi.ist\/en\/wp-json\/wp\/v2\/users\/1"}],"replies":[{"embeddable":true,"href":"https:\/\/www.enerjigazetesi.ist\/en\/wp-json\/wp\/v2\/comments?post=21297"}],"version-history":[{"count":6,"href":"https:\/\/www.enerjigazetesi.ist\/en\/wp-json\/wp\/v2\/posts\/21297\/revisions"}],"predecessor-version":[{"id":21316,"href":"https:\/\/www.enerjigazetesi.ist\/en\/wp-json\/wp\/v2\/posts\/21297\/revisions\/21316"}],"wp:featuredmedia":[{"embeddable":true,"href":"https:\/\/www.enerjigazetesi.ist\/en\/wp-json\/wp\/v2\/media\/21298"}],"wp:attachment":[{"href":"https:\/\/www.enerjigazetesi.ist\/en\/wp-json\/wp\/v2\/media?parent=21297"}],"wp:term":[{"taxonomy":"category","embeddable":true,"href":"https:\/\/www.enerjigazetesi.ist\/en\/wp-json\/wp\/v2\/categories?post=21297"},{"taxonomy":"post_tag","embeddable":true,"href":"https:\/\/www.enerjigazetesi.ist\/en\/wp-json\/wp\/v2\/tags?post=21297"}],"curies":[{"name":"wp","href":"https:\/\/api.w.org\/{rel}","templated":true}]}}