{"id":2128,"date":"2012-09-18T09:42:33","date_gmt":"2012-09-18T06:42:33","guid":{"rendered":"https:\/\/www.enerjigazetesi.ist\/?p=2128"},"modified":"2012-09-18T09:42:33","modified_gmt":"2012-09-18T06:42:33","slug":"enerji-oscarlarini-bakan-taner-yildiz-verecek","status":"publish","type":"post","link":"https:\/\/www.enerjigazetesi.ist\/en\/enerji-oscarlarini-bakan-taner-yildiz-verecek\/","title":{"rendered":"(Turkish) Enerji Oscar&#8217;lar\u0131n\u0131 Bakan Taner Y\u0131ld\u0131z Verecek"},"content":{"rendered":"<p class=\"qtranxs-available-languages-message qtranxs-available-languages-message-en\">Sorry, this entry is only available in <a href=\"https:\/\/www.enerjigazetesi.ist\/tr\/wp-json\/wp\/v2\/posts\/2128\" class=\"qtranxs-available-language-link qtranxs-available-language-link-tr\" title=\"Turkish\">Turkish<\/a>. For the sake of viewer convenience, the content is shown below in the alternative language. You may click the link to switch the active language.<\/p><p><\/p>\n<h2>Enerji Oscar \u00d6d\u00fclleri 2011 t\u00f6reni i\u00e7in geri say\u0131m ba\u015flad\u0131.<\/h2>\n<p><strong>Sekt\u00f6rel Fuarc\u0131l\u0131k taraf\u0131ndan d\u00fczenlenen, her y\u0131l ICCI &#8211; Enerji ve \u00c7evre Fuar\u0131 ve Konferans\u0131 kapsam\u0131nda verilen Enerji Oscar \u00d6d\u00fclleri 2011 \u00f6d\u00fcl gecesi i\u00e7in geri say\u0131m ba\u015flad\u0131.<\/strong><\/p>\n<p><img loading=\"lazy\" class=\"alignright  wp-image-2129\" title=\"enerji-oscarlari-taner-yildizdan-geliyor-19206\" src=\"https:\/\/www.enerjigazetesi.ist\/wp-content\/uploads\/2012\/09\/enerji-oscarlari-taner-yildizdan-geliyor-19206.jpg\" alt=\"\" width=\"354\" height=\"230\" \/>\u00d6d\u00fcllere ba\u015fvuru yapan adaylar aras\u0131ndan \u00f6d\u00fcl alacak \u015firketler, yar\u0131\u015fma j\u00fcrisinin say\u0131sal verileri sistematik de\u011ferlendirmesini yaparak onaylamas\u0131n\u0131n ard\u0131ndan belirlendi. T\u00fcrkiye&#8217;de ilk kez ge\u00e7ti\u011fimiz y\u0131l verilen Enerji Oscar \u00d6d\u00fclleri, 2 kategoride toplam 8 \u015firket \u00f6d\u00fcllerini Enerji ve Tabii Kaynaklar Bakan\u0131 Taner Y\u0131ld\u0131z&#8217;\u0131n elinden alacak. T\u00fcrkiye&#8217;de enerji sekt\u00f6r\u00fcn\u00fcn en \u00f6nemli ve lider 70 \u015firketinin ba\u015fvuruda bulundu\u011fu Enerji Oscar&#8217;lar\u0131 26 Eyl\u00fcl 2012 tarihinde JW Marriott Hotel Ankara&#8217;da d\u00fczenlenecek muhte\u015fem \u00f6d\u00fcl t\u00f6reniyle sahiplerini bulacak.<br \/>\nT\u00fcrkiye&#8217;nin en b\u00fcy\u00fck enerji ve \u00e7evre konferans\u0131n\u0131 d\u00fczenleyen sekt\u00f6r\u00fcn\u00fcn lider kurulu\u015fu Sekt\u00f6rel Fuarc\u0131l\u0131k, ikinci kez T\u00fcrkiye&#8217;nin en ba\u015far\u0131l\u0131 enerji projelerini \u00f6d\u00fcllendiriliyor. \u00dclkemizdeki enerji sekt\u00f6r\u00fcn\u00fcn ba\u015far\u0131l\u0131 proje uygulamalar\u0131n\u0131n se\u00e7ildi\u011fi ve enerji sekt\u00f6r\u00fcn\u00fcn en prestijli yar\u0131\u015fmas\u0131 olarak bilinen Enerji Oscar \u00d6d\u00fclleri 2011 kapsam\u0131nda 2 farkl\u0131 kategoride toplam 8 \u00f6d\u00fcl verilecek.<\/p>\n<p><strong>Oscar&#8217;lar\u0131 Bakan Y\u0131ld\u0131z Verecek<\/strong><\/p>\n<p>\u00d6d\u00fcl t\u00f6renine Enerji ve Tabii Kaynaklar Bakan\u0131 Taner Y\u0131ld\u0131z, Tbmm Sanayi, Ticaret, Enerji, Tabii Kaynaklar Bilgi ve Teknoloji Komisyonu Ba\u015fkan\u0131 Mahmut M\u00fccahit F\u0131nd\u0131kl\u0131, Tbmm \u00c7evre Komisyonu Ba\u015fkan\u0131 ve Ak Parti \u0130stanbul Milletvekili Erol Kaya ve Enerji Piyasas\u0131 D\u00fczenleme Kurumu Ba\u015fkan\u0131 Hasan K\u00f6kta\u015f ile pek \u00e7ok \u00f6zel ve kamu kurumunun \u00fcst d\u00fczey y\u00f6neticileri, enerji sekt\u00f6r\u00fcnde faaliyet g\u00f6steren sivil toplum kurulu\u015flar\u0131n\u0131n y\u00f6neticileri kat\u0131lacak.<\/p>\n<p><strong>Enerjinin Dev \u015eirketleri<\/strong><\/p>\n<p>Ba\u015fvurular\u0131 kabul edilen \u015firketler aras\u0131nda T\u00fcrkiye&#8217;de faaliyet g\u00f6steren \u00f6nemli enerji \u015firketleri bulunuyor. Ak Enerji, Aksa Enerji, Enerjisa, Gama Enerji, Polat Enerji, T\u00fcrk Telekom ve Zorlu Enerji gibi \u015firketler de Enerji Oscar \u00d6d\u00fclleri 2011 i\u00e7in m\u00fccadele edecek ve \u00fclkemizin enerji sekt\u00f6r\u00fcnde verilen en prestijli \u00f6d\u00fcl\u00fcne sahip olmak i\u00e7in yar\u0131\u015facaklar.<\/p>\n<p><strong>\u00d6d\u00fcl T\u00f6reni 26 Eyl\u00fcl \u00c7ar\u015famba G\u00fcn\u00fc<\/strong><\/p>\n<p>\u00dclkemizde faaliyet g\u00f6steren \u015firketleri, sivil toplum \u00f6rg\u00fctlerini, akademisyenler ve kamu kurumlar\u0131n\u0131n enerji alan\u0131nda yapt\u0131\u011f\u0131 \u00f6zverili \u00e7al\u0131\u015fmalar\u0131 te\u015fvik etmeyi ama\u00e7layan Enerji Oscar \u00d6d\u00fclleri, her y\u0131l ICCI &#8211; Enerji ve \u00c7evre Fuar\u0131 ve Konferans\u0131 kapsam\u0131nda sahiplerini buluyor. \u00d6d\u00fcllere ba\u015fvuran \u015firketler &#8216;Yenilenebilir Enerji Santralleri&#8217; ve &#8216;Termik Santraller&#8217; olmak \u00fczere iki kategoride yar\u0131\u015facak. Yenilenebilir Enerji Santralleri kategorisinde 5, Termik Santraller kategorisinde ise 3 \u00f6d\u00fcl verilecek. \u00d6d\u00fcller, 26 Eyl\u00fcl 2012 tarihinde JW Marriott Hotel Ankara&#8217;da d\u00fczenlenecek muhte\u015fem \u00f6d\u00fcl t\u00f6reniyle sahiplerini bulacak.<\/p>\n<p><strong>Yar\u0131\u015fma J\u00fcrisi<\/strong><\/p>\n<p>Prof. Dr. Beril TU\u011eRUL (\u0130stanbul Teknik \u00dcniversitesi Enerji Enstit\u00fcs\u00fc), Do\u00e7. Dr. Mustafa TIRIS, (T\u2013Dinamik Enerji), Muzaffer BA\u015eARAN, Dr. O\u011fuz CAN (Recydia), S\u00fcreyya Y\u00fccel \u00d6ZDEN (D\u00fcnya Enerji Konseyi T\u00fcrkiye Milli Komitesi), Do\u00e7. Dr. Yurdakul Y\u0130\u011e\u0130TG\u00dcDEN (Enerji ve Tabii Kaynaklar Bakanl\u0131\u011f\u0131 Emekli M\u00fcste\u015far) ve Yasemin \u00d6R\u00dcC\u00dc (ETKB Enerji \u0130\u015fleri Genel M\u00fcd\u00fcrl\u00fc\u011f\u00fc),<\/p>\n<p><strong>Enerji Oscar \u00d6d\u00fclleri 2011<\/strong> <strong>Kategorileri<\/strong><br \/>\n<strong><\/strong><br \/>\nYenilenebilir Enerji Santralleri<br \/>\n\u00b7 R\u00fczgar Santralleri<br \/>\n\u00b7 Hidroelektrik Santralleri<br \/>\n\u00b7 Jeotermal Santralleri<br \/>\n\u00b7 Biyok\u00fctle ve At\u0131k Santralleri<br \/>\n\u00b7 G\u00fcne\u015f Santralleri<br \/>\nTermik Santraller<br \/>\n\u00b7 Do\u011falgaz Santralleri<br \/>\n\u00b7 K\u00f6m\u00fcr Santralleri<br \/>\n\u00b7 At\u0131k Is\u0131 Santralleri<\/p>\n<p>Kaynak: <a href=\"http:\/\/www.haberler.com\/enerji-oscar-larini-bakan-taner-yildiz-verecek-3945167-haberi\/\" target=\"_blank\">Haberler<\/a><\/p>","protected":false},"excerpt":{"rendered":"<p>Sorry, this entry is only available in Turkish. For the sake of viewer convenience, the content is shown below in the alternative language. You may click the link to switch the active language. Enerji Oscar \u00d6d\u00fclleri 2011 t\u00f6reni i\u00e7in geri say\u0131m ba\u015flad\u0131. Sekt\u00f6rel Fuarc\u0131l\u0131k taraf\u0131ndan d\u00fczenlenen, her y\u0131l ICCI &#8211; Enerji ve \u00c7evre Fuar\u0131 ve [&hellip;]<\/p>\n","protected":false},"author":1,"featured_media":2129,"comment_status":"open","ping_status":"open","sticky":false,"template":"","format":"standard","meta":[],"categories":[53,52],"tags":[582,581,579,580],"views":743,"_links":{"self":[{"href":"https:\/\/www.enerjigazetesi.ist\/en\/wp-json\/wp\/v2\/posts\/2128"}],"collection":[{"href":"https:\/\/www.enerjigazetesi.ist\/en\/wp-json\/wp\/v2\/posts"}],"about":[{"href":"https:\/\/www.enerjigazetesi.ist\/en\/wp-json\/wp\/v2\/types\/post"}],"author":[{"embeddable":true,"href":"https:\/\/www.enerjigazetesi.ist\/en\/wp-json\/wp\/v2\/users\/1"}],"replies":[{"embeddable":true,"href":"https:\/\/www.enerjigazetesi.ist\/en\/wp-json\/wp\/v2\/comments?post=2128"}],"version-history":[{"count":2,"href":"https:\/\/www.enerjigazetesi.ist\/en\/wp-json\/wp\/v2\/posts\/2128\/revisions"}],"predecessor-version":[{"id":2131,"href":"https:\/\/www.enerjigazetesi.ist\/en\/wp-json\/wp\/v2\/posts\/2128\/revisions\/2131"}],"wp:featuredmedia":[{"embeddable":true,"href":"https:\/\/www.enerjigazetesi.ist\/en\/wp-json\/wp\/v2\/media\/2129"}],"wp:attachment":[{"href":"https:\/\/www.enerjigazetesi.ist\/en\/wp-json\/wp\/v2\/media?parent=2128"}],"wp:term":[{"taxonomy":"category","embeddable":true,"href":"https:\/\/www.enerjigazetesi.ist\/en\/wp-json\/wp\/v2\/categories?post=2128"},{"taxonomy":"post_tag","embeddable":true,"href":"https:\/\/www.enerjigazetesi.ist\/en\/wp-json\/wp\/v2\/tags?post=2128"}],"curies":[{"name":"wp","href":"https:\/\/api.w.org\/{rel}","templated":true}]}}