{"id":21274,"date":"2014-01-21T17:17:47","date_gmt":"2014-01-21T14:17:47","guid":{"rendered":"https:\/\/www.enerjigazetesi.ist\/?p=21274"},"modified":"2014-01-21T17:17:47","modified_gmt":"2014-01-21T14:17:47","slug":"bakan-yildiz-nukleer-enerji-artik-bir-zorunluluktur","status":"publish","type":"post","link":"https:\/\/www.enerjigazetesi.ist\/en\/bakan-yildiz-nukleer-enerji-artik-bir-zorunluluktur\/","title":{"rendered":"(Turkish) Bakan Y\u0131ld\u0131z: N\u00fckleer Enerji Art\u0131k Bir Zorunluluktur&#8230;"},"content":{"rendered":"<p class=\"qtranxs-available-languages-message qtranxs-available-languages-message-en\">Sorry, this entry is only available in <a href=\"https:\/\/www.enerjigazetesi.ist\/tr\/wp-json\/wp\/v2\/posts\/21274\" class=\"qtranxs-available-language-link qtranxs-available-language-link-tr\" title=\"Turkish\">Turkish<\/a>. For the sake of viewer convenience, the content is shown below in the alternative language. You may click the link to switch the active language.<\/p><p><strong>Enerji ve Tabii Kaynaklar Bakan\u0131 Taner Y\u0131ld\u0131z, Uluslararas\u0131 Atom Enerjisi Ajans\u0131n\u0131n (UAEA) denetimi sonucu T\u00fcrkiye\u2019nin \u201cn\u00fckleer g\u00fcvence denetimi\u201d bak\u0131m\u0131ndan en \u00fcst s\u0131n\u0131ftaki \u00fclkeler aras\u0131na girdi\u011fini belirtti. Enerji ve Tabii Kaynaklar Bakan\u0131 Taner Y\u0131ld\u0131z,\u201dT\u00fcrkiye\u2019nin h\u0131zl\u0131 \u015fekilde artan enerji ihtiyac\u0131n\u0131 gi<a href=\"https:\/\/www.enerjigazetesi.ist\/wp-content\/uploads\/2014\/01\/bakan-yildiz-nukleer-enerji-artik-bir-zorunluluktur.jpg\"><img loading=\"lazy\" class=\"alignright size-medium wp-image-21275\" title=\"bakan-yildiz-nukleer-enerji-artik-bir-zorunluluktur\" src=\"https:\/\/www.enerjigazetesi.ist\/wp-content\/uploads\/2014\/01\/bakan-yildiz-nukleer-enerji-artik-bir-zorunluluktur-300x201.jpg\" alt=\"\" width=\"300\" height=\"201\" srcset=\"https:\/\/www.enerjigazetesi.ist\/wp-content\/uploads\/2014\/01\/bakan-yildiz-nukleer-enerji-artik-bir-zorunluluktur-300x201.jpg 300w, https:\/\/www.enerjigazetesi.ist\/wp-content\/uploads\/2014\/01\/bakan-yildiz-nukleer-enerji-artik-bir-zorunluluktur-74x50.jpg 74w, https:\/\/www.enerjigazetesi.ist\/wp-content\/uploads\/2014\/01\/bakan-yildiz-nukleer-enerji-artik-bir-zorunluluktur.jpg 407w\" sizes=\"(max-width: 300px) 100vw, 300px\" \/><\/a>dermek i\u00e7in n\u00fckleer enerji bir alternatif de\u011fil, art\u0131k bir zorunluluktur\u201d de\u011ferlendirmesinde bulundu.<\/strong><\/p>\n<p>Bakanl\u0131ktan yap\u0131lan yaz\u0131l\u0131 a\u00e7\u0131klamaya g\u00f6re, Bakan Y\u0131ld\u0131z UAEA\u2019n\u0131n denetimine ili\u015fkin bilgi verdi. Bu \u00e7al\u0131\u015fman\u0131n UAEA \u00fcyesi \u00fclke olarak T\u00fcrkiye\u2019nin iste\u011fiyle yap\u0131ld\u0131\u011f\u0131n\u0131 bildiren Y\u0131ld\u0131z, \u015funlar\u0131 kaydetti:<\/p>\n<p>\u201c\u00c7al\u0131\u015fma sonunda UAEA i\u015fbirli\u011finde kendi i\u015fleyi\u015fimizde var olan eksiklikler giderilecek ve yola daha donan\u0131ml\u0131 devam edilecek. Biz, \u00f6zellikle Fuku\u015fima kazas\u0131ndan sonra g\u00fcvenlik tedbirlerinin \u00e7ok daha fazla al\u0131nd\u0131\u011f\u0131, standartlar\u0131n y\u00fckseldi\u011fi n\u00fckleer santrallere sahip olaca\u011f\u0131z. Ayr\u0131ca bu \u00e7al\u0131\u015fma n\u00fckleer enerjinin teknik ve yasal altyap\u0131s\u0131, \u00e7evresel etkileri, yerel sanayinin kat\u0131l\u0131m\u0131 gibi konularda \u00fclkemize \u00f6nemli katk\u0131 sa\u011flayacakt\u0131r.<\/p>\n<p>\u00dclkemiz ayr\u0131ca, n\u00fckleer enerjinin bar\u0131\u015f\u00e7\u0131l ama\u00e7larla kullan\u0131lmas\u0131na ili\u015fkin ilgili uluslararas\u0131 anla\u015fmalar\u0131 onaylam\u0131\u015ft\u0131r ve bu anla\u015fmalar\u0131n gere\u011fi olarak \u00fclkemiz, Uluslararas\u0131 Atom Enerjisi Ajans\u0131n\u0131n denetimine a\u00e7\u0131kt\u0131r. UAEA\u2019n\u0131n denetimi sonucu \u00fclkemiz \u2018n\u00fckleer g\u00fcvence denetimi\u2019 bak\u0131m\u0131ndan en \u00fcst s\u0131n\u0131ftaki \u00fclkeler aras\u0131na girmi\u015ftir. T\u00fcrkiye\u2019nin h\u0131zl\u0131 \u015fekilde artan enerji ihtiyac\u0131n\u0131 gidermek i\u00e7in n\u00fckleer enerji bir alternatif de\u011fil, art\u0131k bir zorunluluktur.\u201d<\/p>\n<p>Kaynak: <a href=\"http:\/\/enerjienstitusu.com\/2014\/01\/21\/bakan-yildiz-nukleer-enerji-artik-bir-zorunluluktur\/\" target=\"_blank\">Enerji Enstit\u00fcs\u00fc<\/a><\/p>","protected":false},"excerpt":{"rendered":"<p>Sorry, this entry is only available in Turkish. For the sake of viewer convenience, the content is shown below in the alternative language. You may click the link to switch the active language.Enerji ve Tabii Kaynaklar Bakan\u0131 Taner Y\u0131ld\u0131z, Uluslararas\u0131 Atom Enerjisi Ajans\u0131n\u0131n (UAEA) denetimi sonucu T\u00fcrkiye\u2019nin \u201cn\u00fckleer g\u00fcvence denetimi\u201d bak\u0131m\u0131ndan en \u00fcst s\u0131n\u0131ftaki \u00fclkeler [&hellip;]<\/p>\n","protected":false},"author":1,"featured_media":21275,"comment_status":"open","ping_status":"open","sticky":false,"template":"","format":"standard","meta":[],"categories":[53,43],"tags":[710,3383,63,67,1009,12259,165,71,21,12258,667,846,5837,6374],"views":612,"_links":{"self":[{"href":"https:\/\/www.enerjigazetesi.ist\/en\/wp-json\/wp\/v2\/posts\/21274"}],"collection":[{"href":"https:\/\/www.enerjigazetesi.ist\/en\/wp-json\/wp\/v2\/posts"}],"about":[{"href":"https:\/\/www.enerjigazetesi.ist\/en\/wp-json\/wp\/v2\/types\/post"}],"author":[{"embeddable":true,"href":"https:\/\/www.enerjigazetesi.ist\/en\/wp-json\/wp\/v2\/users\/1"}],"replies":[{"embeddable":true,"href":"https:\/\/www.enerjigazetesi.ist\/en\/wp-json\/wp\/v2\/comments?post=21274"}],"version-history":[{"count":1,"href":"https:\/\/www.enerjigazetesi.ist\/en\/wp-json\/wp\/v2\/posts\/21274\/revisions"}],"predecessor-version":[{"id":21276,"href":"https:\/\/www.enerjigazetesi.ist\/en\/wp-json\/wp\/v2\/posts\/21274\/revisions\/21276"}],"wp:featuredmedia":[{"embeddable":true,"href":"https:\/\/www.enerjigazetesi.ist\/en\/wp-json\/wp\/v2\/media\/21275"}],"wp:attachment":[{"href":"https:\/\/www.enerjigazetesi.ist\/en\/wp-json\/wp\/v2\/media?parent=21274"}],"wp:term":[{"taxonomy":"category","embeddable":true,"href":"https:\/\/www.enerjigazetesi.ist\/en\/wp-json\/wp\/v2\/categories?post=21274"},{"taxonomy":"post_tag","embeddable":true,"href":"https:\/\/www.enerjigazetesi.ist\/en\/wp-json\/wp\/v2\/tags?post=21274"}],"curies":[{"name":"wp","href":"https:\/\/api.w.org\/{rel}","templated":true}]}}