{"id":21248,"date":"2014-01-21T16:29:01","date_gmt":"2014-01-21T13:29:01","guid":{"rendered":"https:\/\/www.enerjigazetesi.ist\/?p=21248"},"modified":"2014-01-21T16:30:32","modified_gmt":"2014-01-21T13:30:32","slug":"surekli-mevzuat-degisikligi-ruzgar-yatirimlarina-zarar-veriyor","status":"publish","type":"post","link":"https:\/\/www.enerjigazetesi.ist\/en\/surekli-mevzuat-degisikligi-ruzgar-yatirimlarina-zarar-veriyor\/","title":{"rendered":"(Turkish) S\u00fcrekli Mevzuat De\u011fi\u015fikli\u011fi R\u00fczgar Yat\u0131r\u0131mlar\u0131na Zarar Veriyor!"},"content":{"rendered":"<p class=\"qtranxs-available-languages-message qtranxs-available-languages-message-en\">Sorry, this entry is only available in <a href=\"https:\/\/www.enerjigazetesi.ist\/tr\/wp-json\/wp\/v2\/posts\/21248\" class=\"qtranxs-available-language-link qtranxs-available-language-link-tr\" title=\"Turkish\">Turkish<\/a>. For the sake of viewer convenience, the content is shown below in the alternative language. You may click the link to switch the active language.<\/p><p><strong>Enerji Piyasas\u0131 D\u00fczenleme Kurumu (EPDK) verilerine g\u00f6re, r\u00fczg\u00e2r yat\u0131r\u0131mlar\u0131 son y\u0131llarda yava\u015flama s\u00fcrecine girdi.\u00a02010 y\u0131l\u0131nda 528 megavat kurulu g\u00fcc\u00fcnde r\u00fczg\u00e2r g\u00fcc\u00fc devreye girerken, 2013\u2019te bu rakam 428 megavatta kald\u0131.\u00a0R\u00fczg\u00e2r yat\u0131r\u0131mlar\u0131yla ilgili<a href=\"https:\/\/www.enerjigazetesi.ist\/wp-content\/uploads\/2014\/01\/surekli-mevzuat-degisikligi-ruzgar-yatirimlarina-zarar-veriyor.jpg\"><img loading=\"lazy\" class=\"alignleft size-medium wp-image-21249\" title=\"surekli-mevzuat-degisikligi-ruzgar-yatirimlarina-zarar-veriyor\" src=\"https:\/\/www.enerjigazetesi.ist\/wp-content\/uploads\/2014\/01\/surekli-mevzuat-degisikligi-ruzgar-yatirimlarina-zarar-veriyor-300x198.jpg\" alt=\"\" width=\"300\" height=\"198\" srcset=\"https:\/\/www.enerjigazetesi.ist\/wp-content\/uploads\/2014\/01\/surekli-mevzuat-degisikligi-ruzgar-yatirimlarina-zarar-veriyor-300x198.jpg 300w, https:\/\/www.enerjigazetesi.ist\/wp-content\/uploads\/2014\/01\/surekli-mevzuat-degisikligi-ruzgar-yatirimlarina-zarar-veriyor-500x330.jpg 500w, https:\/\/www.enerjigazetesi.ist\/wp-content\/uploads\/2014\/01\/surekli-mevzuat-degisikligi-ruzgar-yatirimlarina-zarar-veriyor-75x50.jpg 75w, https:\/\/www.enerjigazetesi.ist\/wp-content\/uploads\/2014\/01\/surekli-mevzuat-degisikligi-ruzgar-yatirimlarina-zarar-veriyor.jpg 505w\" sizes=\"(max-width: 300px) 100vw, 300px\" \/><\/a> s\u00fcrekli mevzuat de\u011fi\u015fikli\u011fi sekt\u00f6re zarar veriyor.<\/strong><\/p>\n<p>S\u00fcrekli mevzuat de\u011fi\u015fikli\u011fi, yat\u0131r\u0131mc\u0131lar\u0131 tedirgin ediyor, yat\u0131r\u0131mlar\u0131 olumsuz etkiliyor. Orman ve Su \u0130\u015fleri Bakanl\u0131\u011f\u0131\u2019n\u0131n r\u00fczg\u00e2r enerjisi santralleri ile ilgili yapt\u0131\u011f\u0131 \u2018Ekolojik De\u011ferlendirme Raporu\u2019 mevzuat \u00e7al\u0131\u015fmas\u0131, yat\u0131r\u0131mc\u0131y\u0131 tedirgin etti. Sekt\u00f6r uzmanlar\u0131, yeni mevzuat\u0131n yat\u0131r\u0131mlar\u0131 yaava\u015flataca\u011f\u0131n\u0131 ve b\u00fcrokrasiyi art\u0131rd\u0131\u011f\u0131n\u0131 s\u00f6yl\u00fcyor. R\u00fczg\u00e2rda yeni mevzuat \u00e7al\u0131\u015fmas\u0131yla ilgili bakanl\u0131k kaynaklar\u0131 ise, \u2018\u00c7al\u0131\u015fmas\u0131n\u0131n hen\u00fcz tamamlanmad\u0131\u011f\u0131, konuyla ilgili baz\u0131 \u00fcniversite, bilim adam\u0131 ve sekt\u00f6r temsilcilerinin g\u00f6r\u00fc\u015flerinin topland\u0131\u011f\u0131\u2019 bilgisini verdi.<\/p>\n<p>Sekt\u00f6r, Orman ve Su \u0130\u015fleri Bakanl\u0131\u011f\u0131\u2019n\u0131n konuyla ilgili son mevzuat \u00e7al\u0131\u015fmas\u0131 olan Ekolojik De\u011ferlendirme Raporu\u2019nun mutlaka sekt\u00f6rde dahil edilerek tamamlanmas\u0131n\u0131 istiyor. Sekt\u00f6r yetkilileri, son y\u0131llarda yava\u015flayan r\u00fczg\u00e2r yat\u0131r\u0131mlar\u0131n\u0131n daha da yava\u015flayaca\u011f\u0131n\u0131 s\u00f6yl\u00fcyor.<\/p>\n<p>Kaynak: <a href=\"http:\/\/enerjienstitusu.com\/2014\/01\/21\/surekli-mevzuat-degisikligi-ruzgar-yatirimlarina-zarar-veriyor\/\" target=\"_blank\">Enerji Enstit\u00fcs\u00fc<\/a><\/p>","protected":false},"excerpt":{"rendered":"<p>Sorry, this entry is only available in Turkish. For the sake of viewer convenience, the content is shown below in the alternative language. You may click the link to switch the active language.Enerji Piyasas\u0131 D\u00fczenleme Kurumu (EPDK) verilerine g\u00f6re, r\u00fczg\u00e2r yat\u0131r\u0131mlar\u0131 son y\u0131llarda yava\u015flama s\u00fcrecine girdi.\u00a02010 y\u0131l\u0131nda 528 megavat kurulu g\u00fcc\u00fcnde r\u00fczg\u00e2r g\u00fcc\u00fc devreye girerken, [&hellip;]<\/p>\n","protected":false},"author":1,"featured_media":21249,"comment_status":"open","ping_status":"open","sticky":false,"template":"","format":"standard","meta":[],"categories":[53,50],"tags":[63,67,1009,1046,165,750,5679,474,69,16,5132,5484],"views":934,"_links":{"self":[{"href":"https:\/\/www.enerjigazetesi.ist\/en\/wp-json\/wp\/v2\/posts\/21248"}],"collection":[{"href":"https:\/\/www.enerjigazetesi.ist\/en\/wp-json\/wp\/v2\/posts"}],"about":[{"href":"https:\/\/www.enerjigazetesi.ist\/en\/wp-json\/wp\/v2\/types\/post"}],"author":[{"embeddable":true,"href":"https:\/\/www.enerjigazetesi.ist\/en\/wp-json\/wp\/v2\/users\/1"}],"replies":[{"embeddable":true,"href":"https:\/\/www.enerjigazetesi.ist\/en\/wp-json\/wp\/v2\/comments?post=21248"}],"version-history":[{"count":8,"href":"https:\/\/www.enerjigazetesi.ist\/en\/wp-json\/wp\/v2\/posts\/21248\/revisions"}],"predecessor-version":[{"id":21257,"href":"https:\/\/www.enerjigazetesi.ist\/en\/wp-json\/wp\/v2\/posts\/21248\/revisions\/21257"}],"wp:featuredmedia":[{"embeddable":true,"href":"https:\/\/www.enerjigazetesi.ist\/en\/wp-json\/wp\/v2\/media\/21249"}],"wp:attachment":[{"href":"https:\/\/www.enerjigazetesi.ist\/en\/wp-json\/wp\/v2\/media?parent=21248"}],"wp:term":[{"taxonomy":"category","embeddable":true,"href":"https:\/\/www.enerjigazetesi.ist\/en\/wp-json\/wp\/v2\/categories?post=21248"},{"taxonomy":"post_tag","embeddable":true,"href":"https:\/\/www.enerjigazetesi.ist\/en\/wp-json\/wp\/v2\/tags?post=21248"}],"curies":[{"name":"wp","href":"https:\/\/api.w.org\/{rel}","templated":true}]}}