{"id":21235,"date":"2014-01-21T11:27:00","date_gmt":"2014-01-21T08:27:00","guid":{"rendered":"https:\/\/www.enerjigazetesi.ist\/?p=21235"},"modified":"2014-01-21T11:30:01","modified_gmt":"2014-01-21T08:30:01","slug":"enerjiye-talebi-azaltmanin-yolu-cevre-dostu-binalardan-geciyor","status":"publish","type":"post","link":"https:\/\/www.enerjigazetesi.ist\/en\/enerjiye-talebi-azaltmanin-yolu-cevre-dostu-binalardan-geciyor\/","title":{"rendered":"(Turkish) Enerjiye Talebi Azaltmanin Yolu \u00c7evre Dostu Binalardan Ge\u00e7iyor&#8230;"},"content":{"rendered":"<p class=\"qtranxs-available-languages-message qtranxs-available-languages-message-en\">Sorry, this entry is only available in <a href=\"https:\/\/www.enerjigazetesi.ist\/tr\/wp-json\/wp\/v2\/posts\/21235\" class=\"qtranxs-available-language-link qtranxs-available-language-link-tr\" title=\"Turkish\">Turkish<\/a>. For the sake of viewer convenience, the content is shown below in the alternative language. You may click the link to switch the active language.<\/p><p><strong>Emre Il\u0131cal\u0131, k\u0131\u015f aylar\u0131nda artan enerji ihtiyac\u0131 nedeniyle uygulanan enerji kesintilerinin k\u0131sa vadeli \u00e7\u00f6z\u00fcmler oldu\u011funu, kal\u0131c\u0131 \u00e7\u00f6z\u00fcm\u00fcn enerjiye talebi azaltmaktan ve \u00e7evre dostu ye\u015fil binalar \u00fcretmekten ge\u00e7ti\u011fini s\u00f6yledi.\u00a0 Il\u0131cal\u0131, s\u00f6zkonusu ye\u015fil binalar\u0131n 3 ayr\u0131 a\u00e7\u0131dan enerji piyasas\u0131 konusunda d\u00fczenleyici yan\u0131 bulundu\u011funa dikkat \u00e7ekti.<\/strong><\/p>\n<p>T\u00fcrkiye k\u0131\u015f aylar\u0131nda zirveye ula\u015fan enerji s\u0131k\u0131nt\u0131s\u0131 i\u00e7in \u00fcretimi art\u0131rmak ve talebi d\u00fc\u015f\u00fcrmek zorunda.\u00a0 G\u00fcn\u00fcm\u00fc<a href=\"https:\/\/www.enerjigazetesi.ist\/wp-content\/uploads\/2013\/04\/yesil-bina-lar-zirvesi-gerceklestirildi.jpg\"><img loading=\"lazy\" class=\"alignright size-medium wp-image-9317\" title=\"ye\u015fil bina\" src=\"https:\/\/www.enerjigazetesi.ist\/wp-content\/uploads\/2013\/04\/yesil-bina-lar-zirvesi-gerceklestirildi-300x181.jpg\" alt=\"\" width=\"300\" height=\"181\" srcset=\"https:\/\/www.enerjigazetesi.ist\/wp-content\/uploads\/2013\/04\/yesil-bina-lar-zirvesi-gerceklestirildi-300x181.jpg 300w, https:\/\/www.enerjigazetesi.ist\/wp-content\/uploads\/2013\/04\/yesil-bina-lar-zirvesi-gerceklestirildi-80x48.jpg 80w, https:\/\/www.enerjigazetesi.ist\/wp-content\/uploads\/2013\/04\/yesil-bina-lar-zirvesi-gerceklestirildi.jpg 480w\" sizes=\"(max-width: 300px) 100vw, 300px\" \/><\/a>zde zaman zaman uygulanan enerji kesintileri ile sorun giderilmeye \u00e7al\u0131\u015f\u0131lsa da uzmanlar kal\u0131c\u0131 \u00e7\u00f6z\u00fcmler bulunmad\u0131k\u00e7a bu t\u00fcr uygulamalar\u0131n g\u00fcn\u00fc kurtarmaktan \u00f6teye gidemeyece\u011fini belirtiyor.<\/p>\n<p><strong>Enerjinin Y\u00fczde 40\u2019\u0131n\u0131 Binalar T\u00fcketiyor<\/strong><\/p>\n<p>\u00c7evre dostu binalar dan\u0131\u015fmanl\u0131k \u015firketi Altensis Kurucu Orta\u011f\u0131 ve Ye\u015fil Bina Dan\u0131\u015fman\u0131 Emre Il\u0131cal\u0131, enerji arz s\u0131k\u0131nt\u0131s\u0131na y\u00f6nelik kal\u0131c\u0131 \u00e7\u00f6z\u00fcm\u00fcn enerjiye talebi azaltmaktan ge\u00e7ti\u011fini s\u00f6yledi. T\u00fcm d\u00fcnyadaki enerji t\u00fcketiminin yakla\u015f\u0131k %40\u2019\u0131n\u0131n binalarla ilgili oldu\u011funu hat\u0131rlatan Emre Il\u0131cal\u0131, enerji verimlili\u011fi ve tasarrufu \u00fczerine dayal\u0131 olan \u00e7evre dostu binalar\u0131n bu a\u00e7\u0131dan soruna kal\u0131c\u0131 \u00e7\u00f6z\u00fcm sundu\u011funu a\u00e7\u0131klad\u0131.<\/p>\n<p><strong>Ye\u015fil Binalar\u0131n Enerji Piyasas\u0131na Etkileri<\/strong><\/p>\n<p>Emre Il\u0131cal\u0131<strong> \u201c<\/strong>Asl\u0131nda Ye\u015fil Binalar\u0131n \u00f6z\u00fcnde <em>en ucuz enerji, geri kazan\u0131lan enerjidir<\/em> d\u00fc\u015f\u00fcncesi yat\u0131yor. Bu noktada hedef sadece enerji tasarrufu de\u011fil;\u00a0 enerji verimlili\u011fi yani ayn\u0131 konfor \u015fartlar\u0131n\u0131 sa\u011flarken, kullan\u0131lan enerji seviyesini d\u00fc\u015f\u00fcrmekolarak belirleniyor. Bu sayede enerji arz\u0131n\u0131n da kontrol alt\u0131nda tutulmas\u0131 ve olas\u0131 enerji kesintilerinin azalt\u0131lmas\u0131 y\u00f6n\u00fcnde ciddi rol oynanabiliyor\u201d dedi.<\/p>\n<p>Il\u0131cal\u0131, s\u00f6z konusu ye\u015fil binalar\u0131n 3 ayr\u0131 a\u00e7\u0131dan enerji piyasas\u0131 konusunda d\u00fczenleyici yan\u0131 bulundu\u011funa dikkat \u00e7ekti. Emre Il\u0131cal\u0131\u00a0 \u201c\u00c7evre dostu binalarda enerji etkin tasar\u0131m ve sistemlerle enerji talep y\u00f6n\u00fc kontrol alt\u0131na al\u0131nabiliyor. Yine yenilenebilir enerji sistemlerine yer vererek kendi enerjisini \u00fcreten binalar haline geliyor. \u00d6l\u00e7emiyorsan y\u00f6netemezsin mant\u0131\u011f\u0131ndan yola \u00e7\u0131karak, ye\u015fil binalarda en \u00e7ok aranan \u00f6zelliklerden biri enerji t\u00fcketen ve \u00fcreten sistemler m\u00fcmk\u00fcn oldu\u011funca ayr\u0131 ayr\u0131 takip edilerek, olas\u0131 verimsizlik durumlar\u0131 an\u0131nda tespit edilebiliyor\u201d dedi.<\/p>\n<p><strong>Ye\u015fil Kentsel D\u00f6n\u00fc\u015f\u00fcm 30 Milyar Dolarl\u0131k Tasarruf Getirir<\/strong><\/p>\n<p>\u00dclkemizde ye\u015fil binalara yap\u0131lacak yat\u0131r\u0131mlar sonucunda kullan\u0131lan enerjinin verimli bir \u015fekilde, yani konfor \u015fartlar\u0131ndan \u00f6d\u00fcn vermeden daha az t\u00fcketilmesinin sa\u011flanaca\u011f\u0131n\u0131 dile getiren Emre Il\u0131cal\u0131, enerji arz g\u00fcvenli\u011finin sa\u011flanmas\u0131, cari a\u00e7\u0131ktaki en belirleyici fakt\u00f6r olan enerji ithalat\u0131n\u0131n azalt\u0131lmas\u0131 gibi sosyal ve ekonomik faydalar sa\u011flanaca\u011f\u0131n\u0131 da a\u00e7\u0131klad\u0131. Il\u0131cal\u0131, bu anlamda \u00f6zellikle kentsel d\u00f6n\u00fc\u015f\u00fcm s\u00fcrecinde ye\u015fil binalara verilen a\u011f\u0131rl\u0131\u011fa g\u00f6re 30 Milyar dolara varan bir tasarruf hedeflenebilece\u011fini ifade etti.<\/p>\n<p>Altensis Kurucu Orta\u011f\u0131 Emre Il\u0131cal\u0131 \u201cAyr\u0131ca, son aylarda s\u0131k s\u0131k rastlanan do\u011falgaz talebinin artmas\u0131 sebebiyle olu\u015fan kesintilerin de \u00f6n\u00fcne ge\u00e7ilecek, enerji talebi belli bir d\u00fczene girecek, kullan\u0131lacak yenilenebilir enerji kaynaklar\u0131 ile d\u00fc\u015f\u00fck karbon emisyonlu enerji \u015febekeye y\u00fck getirmeden \u00fcretilecektir.\u00a0 \u00dclkemizin Kyoto ve Rio protokollerinde imzalad\u0131\u011f\u0131 hedeflere ula\u015fmas\u0131 i\u00e7in karbon emisyonlar\u0131n\u0131 azaltmas\u0131 gerekmektedir. Yap\u0131lacak ye\u015fil binalar\u0131n beraberinde getirdi\u011fi yukar\u0131daki \u00f6zellikler karbon emisyonlar\u0131n\u0131 % 30\u2019a varan \u00f6l\u00e7\u00fcde azaltabilir. Bu sayede geli\u015fmekte olan sanayilerin bu anlamda rahatlamas\u0131n\u0131n \u00f6n\u00fc a\u00e7\u0131lacakt\u0131r\u201d diye konu\u015ftu.<\/p>\n<p>Yay\u0131nc\u0131: <a href=\"https:\/\/www.enerjigazetesi.ist\" target=\"_blank\">Enerji Gazetesi<\/a><\/p>","protected":false},"excerpt":{"rendered":"<p>Sorry, this entry is only available in Turkish. For the sake of viewer convenience, the content is shown below in the alternative language. You may click the link to switch the active language.Emre Il\u0131cal\u0131, k\u0131\u015f aylar\u0131nda artan enerji ihtiyac\u0131 nedeniyle uygulanan enerji kesintilerinin k\u0131sa vadeli \u00e7\u00f6z\u00fcmler oldu\u011funu, kal\u0131c\u0131 \u00e7\u00f6z\u00fcm\u00fcn enerjiye talebi azaltmaktan ve \u00e7evre dostu [&hellip;]<\/p>\n","protected":false},"author":1,"featured_media":9317,"comment_status":"open","ping_status":"open","sticky":false,"template":"","format":"standard","meta":[],"categories":[53,52],"tags":[2203,1100,12254,63,67,1009,2698,165,103,12,55,12256],"views":704,"_links":{"self":[{"href":"https:\/\/www.enerjigazetesi.ist\/en\/wp-json\/wp\/v2\/posts\/21235"}],"collection":[{"href":"https:\/\/www.enerjigazetesi.ist\/en\/wp-json\/wp\/v2\/posts"}],"about":[{"href":"https:\/\/www.enerjigazetesi.ist\/en\/wp-json\/wp\/v2\/types\/post"}],"author":[{"embeddable":true,"href":"https:\/\/www.enerjigazetesi.ist\/en\/wp-json\/wp\/v2\/users\/1"}],"replies":[{"embeddable":true,"href":"https:\/\/www.enerjigazetesi.ist\/en\/wp-json\/wp\/v2\/comments?post=21235"}],"version-history":[{"count":5,"href":"https:\/\/www.enerjigazetesi.ist\/en\/wp-json\/wp\/v2\/posts\/21235\/revisions"}],"predecessor-version":[{"id":21240,"href":"https:\/\/www.enerjigazetesi.ist\/en\/wp-json\/wp\/v2\/posts\/21235\/revisions\/21240"}],"wp:featuredmedia":[{"embeddable":true,"href":"https:\/\/www.enerjigazetesi.ist\/en\/wp-json\/wp\/v2\/media\/9317"}],"wp:attachment":[{"href":"https:\/\/www.enerjigazetesi.ist\/en\/wp-json\/wp\/v2\/media?parent=21235"}],"wp:term":[{"taxonomy":"category","embeddable":true,"href":"https:\/\/www.enerjigazetesi.ist\/en\/wp-json\/wp\/v2\/categories?post=21235"},{"taxonomy":"post_tag","embeddable":true,"href":"https:\/\/www.enerjigazetesi.ist\/en\/wp-json\/wp\/v2\/tags?post=21235"}],"curies":[{"name":"wp","href":"https:\/\/api.w.org\/{rel}","templated":true}]}}