{"id":2123,"date":"2012-09-20T14:45:46","date_gmt":"2012-09-20T11:45:46","guid":{"rendered":"https:\/\/www.enerjigazetesi.ist\/?p=2123"},"modified":"2012-09-21T11:28:53","modified_gmt":"2012-09-21T08:28:53","slug":"enerjinin-yuzde-1ini-turkiye-tuketti","status":"publish","type":"post","link":"https:\/\/www.enerjigazetesi.ist\/en\/enerjinin-yuzde-1ini-turkiye-tuketti\/","title":{"rendered":"(Turkish) Enerjinin Y\u00fczde 1&#8217;ini T\u00fcrkiye T\u00fcketti&#8230;"},"content":{"rendered":"<p class=\"qtranxs-available-languages-message qtranxs-available-languages-message-en\">Sorry, this entry is only available in <a href=\"https:\/\/www.enerjigazetesi.ist\/tr\/wp-json\/wp\/v2\/posts\/2123\" class=\"qtranxs-available-language-link qtranxs-available-language-link-tr\" title=\"Turkish\">Turkish<\/a>. For the sake of viewer convenience, the content is shown below in the alternative language. You may click the link to switch the active language.<\/p><p><strong>BP D\u00fcnya Enerji \u0130statistikleri Raporu&#8217;na g\u00f6re, ge\u00e7en y\u0131l <a href=\"http:\/\/www.enve.com.tr\" target=\"_blank\">d\u00fcnya enerjisinin<\/a> y\u00fczde 1&#8217;ini T\u00fcrkiye t\u00fcketti.<\/strong><\/p>\n<p>BP&#8217;nin enerji sekt\u00f6r\u00fcn\u00fcn t\u00fcm alt alanlar\u0131na ili\u015fkin k\u00fcresel verilerden derledi\u011fi raporda, <a href=\"http:\/\/www.enve.com.tr\" target=\"_blank\">enerji t\u00fcketimi<\/a> bir \u00f6nceki y\u0131la g\u00f6re y\u00fczde 9,2 art\u0131\u015f g\u00f6steren T\u00fcrkiye&#8217;nin, d\u00fcnya enerji t\u00fcketiminden y\u00fczde 1 pay ald\u0131\u011f\u0131 belirtildi.<\/p>\n<p><img loading=\"lazy\" class=\"alignright size-full wp-image-2124\" title=\"dunya-enerji-nin-yuzde-1-ini-turkiye-tuketti\" src=\"https:\/\/www.enerjigazetesi.ist\/wp-content\/uploads\/2012\/09\/enerji-nin-yuzde-1-ini-turkiye-tuketti.jpg\" alt=\"\" width=\"300\" height=\"225\" srcset=\"https:\/\/www.enerjigazetesi.ist\/wp-content\/uploads\/2012\/09\/enerji-nin-yuzde-1-ini-turkiye-tuketti.jpg 300w, https:\/\/www.enerjigazetesi.ist\/wp-content\/uploads\/2012\/09\/enerji-nin-yuzde-1-ini-turkiye-tuketti-66x50.jpg 66w\" sizes=\"(max-width: 300px) 100vw, 300px\" \/>Petrol t\u00fcketiminde de 2010 y\u0131l\u0131na g\u00f6re y\u00fczde 5,8&#8217;lik art\u0131\u015fla 32 milyon ton d\u00fczeyine ula\u015fan T\u00fcrkiye, bu alanda d\u00fcnyadaki t\u00fcketimin y\u00fczde 0,8&#8217;ini ger\u00e7ekle\u015ftirmi\u015f oldu.<br \/>\nABD, 833,6 milyon ton petrolle toplam d\u00fcnya t\u00fcketiminin y\u00fczde 20,5&#8217;ini tek ba\u015f\u0131na ger\u00e7ekle\u015ftirirken, 461,8 milyon ton <strong>Petrol<\/strong> t\u00fcketen \u00c7in, y\u00fczde 11,4&#8217;l\u00fck payla ikinci s\u0131rada yer ald\u0131.<br \/>\nT\u00fcrkiye, ge\u00e7en y\u0131l do\u011fal gaz t\u00fcketimini y\u00fczde 24,3 art\u0131ran Yunanistan ve y\u00fczde 21,5 art\u0131ran <strong>\u00c7in<\/strong>&#8216;in ard\u0131ndan, bir \u00f6nceki y\u0131la g\u00f6re y\u00fczde 17,3&#8217;l\u00fck t\u00fcketim art\u0131\u015f\u0131yla \u00fc\u00e7\u00fcnc\u00fc s\u0131rada yer ald\u0131.<br \/>\nGe\u00e7en y\u0131l 45,7 milyar metrek\u00fcp do\u011fal gaz t\u00fcketen T\u00fcrkiye, d\u00fcnya t\u00fcketiminin y\u00fczde 1,4&#8217;\u00fcn\u00fc ger\u00e7ekle\u015ftirmi\u015f oldu.<br \/>\n\u00c7in, d\u00fcnya birincil enerji kaynaklar\u0131 t\u00fcketiminde y\u00fczde 21,3&#8217;l\u00fck payla ba\u015f\u0131 \u00e7ekerken, 18,5&#8217;lik t\u00fcketim pay\u0131 ile <strong>ABD<\/strong> ikinci s\u0131rada yer ald\u0131.<\/p>\n<p><strong>Siz de \u00a0Konu \u0130le \u0130lgili:<\/strong><\/p>\n<div><a href=\"http:\/\/www.enve.com.tr\/\" target=\"_blank\"><strong>Enerji Verimlili\u011fi Dan\u0131\u015fmanl\u0131\u011f\u0131<\/strong> <\/a>Hizmeti Bilgisini; <strong>\u00a0\u201d ENVE Enerji \u201d\u00a0Dan\u0131\u015fma Hatt\u0131 <\/strong>: 0212 323 00 85 nolu telefondan veya <a href=\"http:\/\/www.enve.com.tr\/\">www.enve.com.tr<\/a> web adresinden alabilirsiniz.<\/div>\n<div>Kaynak: <a href=\"http:\/\/www.stargundem.com\/gundem\/1288397-enerjinin-yuzde-1ini-turkiye-tuketti.html\" target=\"_blank\">StarG\u00fcndem<br \/>\n<\/a><\/div>\n<p><\/p>","protected":false},"excerpt":{"rendered":"<p>Sorry, this entry is only available in Turkish. For the sake of viewer convenience, the content is shown below in the alternative language. You may click the link to switch the active language.BP D\u00fcnya Enerji \u0130statistikleri Raporu&#8217;na g\u00f6re, ge\u00e7en y\u0131l d\u00fcnya enerjisinin y\u00fczde 1&#8217;ini T\u00fcrkiye t\u00fcketti. BP&#8217;nin enerji sekt\u00f6r\u00fcn\u00fcn t\u00fcm alt alanlar\u0131na ili\u015fkin k\u00fcresel verilerden [&hellip;]<\/p>\n","protected":false},"author":1,"featured_media":2124,"comment_status":"open","ping_status":"open","sticky":false,"template":"","format":"standard","meta":[],"categories":[53,52],"tags":[577,67,75,578],"views":594,"_links":{"self":[{"href":"https:\/\/www.enerjigazetesi.ist\/en\/wp-json\/wp\/v2\/posts\/2123"}],"collection":[{"href":"https:\/\/www.enerjigazetesi.ist\/en\/wp-json\/wp\/v2\/posts"}],"about":[{"href":"https:\/\/www.enerjigazetesi.ist\/en\/wp-json\/wp\/v2\/types\/post"}],"author":[{"embeddable":true,"href":"https:\/\/www.enerjigazetesi.ist\/en\/wp-json\/wp\/v2\/users\/1"}],"replies":[{"embeddable":true,"href":"https:\/\/www.enerjigazetesi.ist\/en\/wp-json\/wp\/v2\/comments?post=2123"}],"version-history":[{"count":4,"href":"https:\/\/www.enerjigazetesi.ist\/en\/wp-json\/wp\/v2\/posts\/2123\/revisions"}],"predecessor-version":[{"id":2260,"href":"https:\/\/www.enerjigazetesi.ist\/en\/wp-json\/wp\/v2\/posts\/2123\/revisions\/2260"}],"wp:featuredmedia":[{"embeddable":true,"href":"https:\/\/www.enerjigazetesi.ist\/en\/wp-json\/wp\/v2\/media\/2124"}],"wp:attachment":[{"href":"https:\/\/www.enerjigazetesi.ist\/en\/wp-json\/wp\/v2\/media?parent=2123"}],"wp:term":[{"taxonomy":"category","embeddable":true,"href":"https:\/\/www.enerjigazetesi.ist\/en\/wp-json\/wp\/v2\/categories?post=2123"},{"taxonomy":"post_tag","embeddable":true,"href":"https:\/\/www.enerjigazetesi.ist\/en\/wp-json\/wp\/v2\/tags?post=2123"}],"curies":[{"name":"wp","href":"https:\/\/api.w.org\/{rel}","templated":true}]}}