{"id":212,"date":"2012-06-07T05:41:39","date_gmt":"2012-06-07T05:41:39","guid":{"rendered":"https:\/\/www.enerjigazetesi.ist\/?p=212"},"modified":"2012-06-07T15:01:12","modified_gmt":"2012-06-07T15:01:12","slug":"dogayla-dost-iletisimle-daha-temiz-hava","status":"publish","type":"post","link":"https:\/\/www.enerjigazetesi.ist\/en\/dogayla-dost-iletisimle-daha-temiz-hava\/","title":{"rendered":"(Turkish) Do\u011fayla Dost \u0130leti\u015fimle Daha Temiz Hava"},"content":{"rendered":"<p class=\"qtranxs-available-languages-message qtranxs-available-languages-message-en\">Sorry, this entry is only available in <a href=\"https:\/\/www.enerjigazetesi.ist\/tr\/wp-json\/wp\/v2\/posts\/212\" class=\"qtranxs-available-language-link qtranxs-available-language-link-tr\" title=\"Turkish\">Turkish<\/a>. For the sake of viewer convenience, the content is shown below in the alternative language. You may click the link to switch the active language.<\/p><p><\/p>\n<div>\n<p><img loading=\"lazy\" class=\"alignleft\" title=\"Enerji Verimlili\u011fi\" src=\"https:\/\/www.enerjigazetesi.ist\/wp-content\/uploads\/2012\/06\/green.jpg\" alt=\"\" width=\"296\" height=\"218\" \/>T\u00fcrk Telekom, enerji d\u00f6n\u00fc\u015f\u00fcm\u00fc program\u0131 ile her y\u0131l 5 bin 400 hektarl\u0131k bir orman\u0131n azaltaca\u011f\u0131 kadar karbon emisyonunu engelleyecek.<\/p>\n<\/div>\n<div>\n<p>T\u00fcrkiye\u2019nin ileti\u015fim \u015firketi T\u00fcrk Telekom, kurumsal vatanda\u015f sorumlulu\u011fuyla \u00e7evre ve s\u00fcrd\u00fcr\u00fclebilirlik konusunda t\u00fcm \u00e7al\u0131\u015fanlar\u0131yla birlikte daha iyi bir gelecek i\u00e7in \u00e7al\u0131\u015fmalar\u0131n\u0131 s\u00fcrd\u00fcr\u00fcyor. T\u00fcrk Telekom, kendi i\u015f s\u00fcre\u00e7lerinde ve ofis uygulamalar\u0131nda d\u00fc\u015f\u00fck karbon ve s\u00fcrd\u00fcr\u00fclebilirlik ilkelerine y\u00f6nelik geni\u015f \u00f6l\u00e7ekli \u00e7al\u0131\u015fmalar\u0131nda T\u00fcrkiye\u2019nin d\u00f6rt bir k\u00f6\u015fesine yay\u0131lan 24 bin \u00e7al\u0131\u015fan\u0131 ve y\u00f6netim merkezi ile binalar\u0131ndan olu\u015fan a\u011f\u0131n\u0131 kullan\u0131yor. T\u00fcrk Telekom, g\u00fcne\u015f ve r\u00fczgar gibi alternatif enerji kullan\u0131m\u0131ndan, g\u00f6r\u00fcnt\u00fcl\u00fc g\u00f6r\u00fc\u015fme teknolojilerine, \u00e7evreci yaz\u0131 karakteri Ecofont kullan\u0131m\u0131ndan e-e\u011fitime, filo optimizasyon \u00e7al\u0131\u015fmalar\u0131ndan enerji tasarruflu \u00fcr\u00fcn ve hizmetlere kadar pek \u00e7ok s\u00fcrd\u00fcr\u00fclebilirlik projesini, \u00e7al\u0131\u015fanlar\u0131n\u0131, onlar\u0131n ailelerini, tedarik\u00e7ilerini, yat\u0131r\u0131mc\u0131lar\u0131n\u0131, m\u00fc\u015fterilerini ve halk\u0131 da i\u00e7ine ald\u0131\u011f\u0131 Do\u011fayla Dost \u0130leti\u015fim projesi \u00e7at\u0131s\u0131 alt\u0131nda ger\u00e7ekle\u015ftiriyor.<\/p>\n<p>En \u0130yi Raporlama \u00d6d\u00fcl\u00fc<\/p>\n<p>T\u00fcrk Telekom, 1 y\u0131l \u00f6nce ba\u015flatt\u0131\u011f\u0131 Do\u011fayla Dost \u0130leti\u015fim projesi ile sa\u011flad\u0131\u011f\u0131 karbon sal\u0131n\u0131m\u0131n\u0131n azalt\u0131lmas\u0131 ve yenilenebilir enerji kullan\u0131m\u0131 ile gelecek nesillere ya\u015fanabilir bir \u00e7evre b\u0131rakma hedefinde \u00f6nemli ad\u0131mlar att\u0131. Uzun vadedeki hedefi ise enerji d\u00f6n\u00fc\u015f\u00fcm\u00fc program\u0131n\u0131n 2014 y\u0131l\u0131nda tamamlanmas\u0131 ile her y\u0131l 5 bin 400 hektarl\u0131k bir orman\u0131n azaltaca\u011f\u0131 kadar karbon emisyonunu engellemek. Bu program\u0131n ta\u015f\u0131y\u0131c\u0131 unsuru olan Do\u011fayla Dost \u0130leti\u015fim projesi i\u00e7in d\u00fcnyan\u0131n s\u00fcrd\u00fcr\u00fclebilirli\u011fini sa\u011flamada kararl\u0131l\u0131k ve ortak gayret g\u00f6steren 24 bin T\u00fcrk Telekom s\u00fcrd\u00fcr\u00fclebilirlik ve \u00e7evre el\u00e7isi \u00e7al\u0131\u015fmalar\u0131n\u0131 t\u00fcm h\u0131z\u0131yla s\u00fcrd\u00fcr\u00fcyor. D\u00fcnyan\u0131n en prestijli \u00e7evre projelerinden biri olarak kabul edilen \u2018Karbon Saydaml\u0131k Projesi\u2019ne (CDP) T\u00fcrkiye\u2019den raporlama yapan ilk telekom\u00fcnikasyon \u015firketi olan T\u00fcrk Telekom, bu \u00e7al\u0131\u015fmalar\u0131yla hem T\u00fcrkiye\u2019de en iyi raporlama yapan \u015firket \u00f6d\u00fcl\u00fcn\u00fc ald\u0131 hem de uluslararas\u0131 yat\u0131r\u0131mc\u0131lar\u0131n ilgi oda\u011f\u0131 oldu.<\/p>\n<p>Kaynak: <a href=\"http:\/\/www.stargazete.com\/cevre\/dogayla-dost-iletisimle-daha-temiz-hava\/haber-598280\">Star Gazetesi<\/a><\/p>\n<\/div>\n<p><\/p>","protected":false},"excerpt":{"rendered":"<p>Sorry, this entry is only available in Turkish. For the sake of viewer convenience, the content is shown below in the alternative language. You may click the link to switch the active language. T\u00fcrk Telekom, enerji d\u00f6n\u00fc\u015f\u00fcm\u00fc program\u0131 ile her y\u0131l 5 bin 400 hektarl\u0131k bir orman\u0131n azaltaca\u011f\u0131 kadar karbon emisyonunu engelleyecek. T\u00fcrkiye\u2019nin ileti\u015fim \u015firketi [&hellip;]<\/p>\n","protected":false},"author":1,"featured_media":215,"comment_status":"open","ping_status":"open","sticky":false,"template":"","format":"standard","meta":[],"categories":[53,52],"tags":[],"views":682,"_links":{"self":[{"href":"https:\/\/www.enerjigazetesi.ist\/en\/wp-json\/wp\/v2\/posts\/212"}],"collection":[{"href":"https:\/\/www.enerjigazetesi.ist\/en\/wp-json\/wp\/v2\/posts"}],"about":[{"href":"https:\/\/www.enerjigazetesi.ist\/en\/wp-json\/wp\/v2\/types\/post"}],"author":[{"embeddable":true,"href":"https:\/\/www.enerjigazetesi.ist\/en\/wp-json\/wp\/v2\/users\/1"}],"replies":[{"embeddable":true,"href":"https:\/\/www.enerjigazetesi.ist\/en\/wp-json\/wp\/v2\/comments?post=212"}],"version-history":[{"count":15,"href":"https:\/\/www.enerjigazetesi.ist\/en\/wp-json\/wp\/v2\/posts\/212\/revisions"}],"predecessor-version":[{"id":312,"href":"https:\/\/www.enerjigazetesi.ist\/en\/wp-json\/wp\/v2\/posts\/212\/revisions\/312"}],"wp:featuredmedia":[{"embeddable":true,"href":"https:\/\/www.enerjigazetesi.ist\/en\/wp-json\/wp\/v2\/media\/215"}],"wp:attachment":[{"href":"https:\/\/www.enerjigazetesi.ist\/en\/wp-json\/wp\/v2\/media?parent=212"}],"wp:term":[{"taxonomy":"category","embeddable":true,"href":"https:\/\/www.enerjigazetesi.ist\/en\/wp-json\/wp\/v2\/categories?post=212"},{"taxonomy":"post_tag","embeddable":true,"href":"https:\/\/www.enerjigazetesi.ist\/en\/wp-json\/wp\/v2\/tags?post=212"}],"curies":[{"name":"wp","href":"https:\/\/api.w.org\/{rel}","templated":true}]}}