{"id":21143,"date":"2014-01-20T10:23:01","date_gmt":"2014-01-20T07:23:01","guid":{"rendered":"https:\/\/www.enerjigazetesi.ist\/?p=21143"},"modified":"2014-01-20T10:23:01","modified_gmt":"2014-01-20T07:23:01","slug":"bakan-yildiz-zamandaki-nukleer-yaziya-tepkisini-gosterdi","status":"publish","type":"post","link":"https:\/\/www.enerjigazetesi.ist\/en\/bakan-yildiz-zamandaki-nukleer-yaziya-tepkisini-gosterdi\/","title":{"rendered":"(Turkish) Bakan Y\u0131ld\u0131z, Zaman&#8217;daki \u2018N\u00fckleer\u2019 Yaz\u0131ya Tepkisini G\u00f6sterdi!"},"content":{"rendered":"<p class=\"qtranxs-available-languages-message qtranxs-available-languages-message-en\">Sorry, this entry is only available in <a href=\"https:\/\/www.enerjigazetesi.ist\/tr\/wp-json\/wp\/v2\/posts\/21143\" class=\"qtranxs-available-language-link qtranxs-available-language-link-tr\" title=\"Turkish\">Turkish<\/a>. For the sake of viewer convenience, the content is shown below in the alternative language. You may click the link to switch the active language.<\/p><p><strong>Enerji Bakan\u0131 Taner Y\u0131ld\u0131z, b\u00fcy\u00fckel\u00e7iler konferans\u0131nda Zaman Gazetesi\u2019nden \u015eahin Alpay\u2019\u0131n T\u00fcrkiye\u2019de kurulacak n\u00fckleer santral ile ilgili s\u00f6zlerini ele\u015ftirdi. Bakan Y\u0131ld\u0131z, Zaman gazetesi yazar\u0131 Alpay<a href=\"https:\/\/www.enerjigazetesi.ist\/wp-content\/uploads\/2014\/01\/bakan-yildiz-zamandaki-nukleer-yaziya-tepkisini-gosterdi.jpg\"><img loading=\"lazy\" class=\"alignright size-medium wp-image-21144\" title=\"bakan-yildiz-zamandaki-nukleer-yaziya-tepkisini-gosterdi\" src=\"https:\/\/www.enerjigazetesi.ist\/wp-content\/uploads\/2014\/01\/bakan-yildiz-zamandaki-nukleer-yaziya-tepkisini-gosterdi-300x180.jpg\" alt=\"\" width=\"300\" height=\"180\" srcset=\"https:\/\/www.enerjigazetesi.ist\/wp-content\/uploads\/2014\/01\/bakan-yildiz-zamandaki-nukleer-yaziya-tepkisini-gosterdi-300x180.jpg 300w, https:\/\/www.enerjigazetesi.ist\/wp-content\/uploads\/2014\/01\/bakan-yildiz-zamandaki-nukleer-yaziya-tepkisini-gosterdi-80x48.jpg 80w, https:\/\/www.enerjigazetesi.ist\/wp-content\/uploads\/2014\/01\/bakan-yildiz-zamandaki-nukleer-yaziya-tepkisini-gosterdi.jpg 406w\" sizes=\"(max-width: 300px) 100vw, 300px\" \/><\/a>\u2019\u0131n yazd\u0131\u011f\u0131, \u201cT\u00fcrkiye, \u0130ran gibi n\u00fckleer yak\u0131t\u0131n zenginle\u015ftirilmesi ile alakal\u0131 madde koymu\u015f\u201d yaz\u0131s\u0131na \u00e7ok sert tepki g\u00f6sterdi.<\/strong><\/p>\n<p>Y\u0131ld\u0131z, \u015funlar\u0131 s\u00f6yledi:<\/p>\n<p>\u201cNeymi\u015f, T\u00fcrkiye, \u0130ran gibi n\u00fckleer yak\u0131t\u0131n zenginle\u015ftirilmesi ile alakal\u0131 madde koymu\u015f. Biz bu anla\u015fmay\u0131 ABD, Kanada, Rusya, Fransa ile yapm\u0131\u015f\u0131z. Hepsinde benzer madde var. Madde iki \u00fclke kendi aras\u0131nda anla\u015f\u0131rlarsa bu konuda \u00e7al\u0131\u015fma yapabilirler ifadesini i\u00e7eriyor.<\/p>\n<p>10 y\u0131llardan bu yana T\u00fcrkiye herhangi bir \u00fclke ile n\u00fckleer m\u00fczakere yapacaksa \u00f6nce bar\u0131\u015f\u00e7\u0131l anla\u015fmaya d\u00f6n\u00fck bu maddeleri koyar. Ama birden bire T\u00fcrkiye\u2019nin uranyum zenginle\u015ftirmesi ile ilgili bir nokta olu\u015ftu. Bunun genel konjonkt\u00fcrle ilgisi var. Ama bir yazar\u0131m\u0131z dikkatli olun ey d\u00fcnya b\u00f6yle bir risk var diyor. Ben tekrar sordum \u2018Bu arkada\u015f\u0131m\u0131z T\u00fcrkiye vatanda\u015f\u0131 m\u0131?\u2019 diye.\u201d<\/p>\n<p>Kaynak: <a href=\"http:\/\/haber.stargazete.com\/medya\/taner-yildizdan-zaman-yazarina-tepki\/haber-830683\" target=\"_blank\">Star Gazetesi<\/a><\/p>","protected":false},"excerpt":{"rendered":"<p>Sorry, this entry is only available in Turkish. For the sake of viewer convenience, the content is shown below in the alternative language. You may click the link to switch the active language.Enerji Bakan\u0131 Taner Y\u0131ld\u0131z, b\u00fcy\u00fckel\u00e7iler konferans\u0131nda Zaman Gazetesi\u2019nden \u015eahin Alpay\u2019\u0131n T\u00fcrkiye\u2019de kurulacak n\u00fckleer santral ile ilgili s\u00f6zlerini ele\u015ftirdi. Bakan Y\u0131ld\u0131z, Zaman gazetesi yazar\u0131 [&hellip;]<\/p>\n","protected":false},"author":1,"featured_media":21144,"comment_status":"open","ping_status":"open","sticky":false,"template":"","format":"standard","meta":[],"categories":[53,43],"tags":[63,67,1009,165,71,21,3093,12220,12217,12219,667,1016,10682,12218],"views":607,"_links":{"self":[{"href":"https:\/\/www.enerjigazetesi.ist\/en\/wp-json\/wp\/v2\/posts\/21143"}],"collection":[{"href":"https:\/\/www.enerjigazetesi.ist\/en\/wp-json\/wp\/v2\/posts"}],"about":[{"href":"https:\/\/www.enerjigazetesi.ist\/en\/wp-json\/wp\/v2\/types\/post"}],"author":[{"embeddable":true,"href":"https:\/\/www.enerjigazetesi.ist\/en\/wp-json\/wp\/v2\/users\/1"}],"replies":[{"embeddable":true,"href":"https:\/\/www.enerjigazetesi.ist\/en\/wp-json\/wp\/v2\/comments?post=21143"}],"version-history":[{"count":1,"href":"https:\/\/www.enerjigazetesi.ist\/en\/wp-json\/wp\/v2\/posts\/21143\/revisions"}],"predecessor-version":[{"id":21145,"href":"https:\/\/www.enerjigazetesi.ist\/en\/wp-json\/wp\/v2\/posts\/21143\/revisions\/21145"}],"wp:featuredmedia":[{"embeddable":true,"href":"https:\/\/www.enerjigazetesi.ist\/en\/wp-json\/wp\/v2\/media\/21144"}],"wp:attachment":[{"href":"https:\/\/www.enerjigazetesi.ist\/en\/wp-json\/wp\/v2\/media?parent=21143"}],"wp:term":[{"taxonomy":"category","embeddable":true,"href":"https:\/\/www.enerjigazetesi.ist\/en\/wp-json\/wp\/v2\/categories?post=21143"},{"taxonomy":"post_tag","embeddable":true,"href":"https:\/\/www.enerjigazetesi.ist\/en\/wp-json\/wp\/v2\/tags?post=21143"}],"curies":[{"name":"wp","href":"https:\/\/api.w.org\/{rel}","templated":true}]}}