{"id":21091,"date":"2014-01-19T20:10:05","date_gmt":"2014-01-19T17:10:05","guid":{"rendered":"https:\/\/www.enerjigazetesi.ist\/?p=21091"},"modified":"2014-01-19T20:10:05","modified_gmt":"2014-01-19T17:10:05","slug":"gunes-enerjisi-gece-de-kullanilmasini-saglayan-yontem","status":"publish","type":"post","link":"https:\/\/www.enerjigazetesi.ist\/en\/gunes-enerjisi-gece-de-kullanilmasini-saglayan-yontem\/","title":{"rendered":"(Turkish) G\u00fcne\u015f Enerjisinin Gece de Kullan\u0131lmas\u0131n\u0131 Sa\u011flayan Y\u00f6ntem!"},"content":{"rendered":"<p class=\"qtranxs-available-languages-message qtranxs-available-languages-message-en\">Sorry, this entry is only available in <a href=\"https:\/\/www.enerjigazetesi.ist\/tr\/wp-json\/wp\/v2\/posts\/21091\" class=\"qtranxs-available-language-link qtranxs-available-language-link-tr\" title=\"Turkish\">Turkish<\/a>. For the sake of viewer convenience, the content is shown below in the alternative language. You may click the link to switch the active language.<\/p><p><strong>G\u00fcnd\u00fcz elde edilen g\u00fcne\u015f enerjisinin gece de kullan\u0131lmas\u0131n\u0131 sa\u011flayan yeni bir y\u00f6ntem geli\u015ftirildi. AB<a href=\"https:\/\/www.enerjigazetesi.ist\/wp-content\/uploads\/2014\/01\/gunes-enerjisi-gece-de-kullanilmasini-saglayan-yontem.jpg\"><img loading=\"lazy\" class=\"alignright size-medium wp-image-21092\" title=\"gunes-enerjisi-gece-de-kullanilmasini-saglayan-yontem\" src=\"https:\/\/www.enerjigazetesi.ist\/wp-content\/uploads\/2014\/01\/gunes-enerjisi-gece-de-kullanilmasini-saglayan-yontem-300x197.jpg\" alt=\"\" width=\"300\" height=\"197\" srcset=\"https:\/\/www.enerjigazetesi.ist\/wp-content\/uploads\/2014\/01\/gunes-enerjisi-gece-de-kullanilmasini-saglayan-yontem-300x197.jpg 300w, https:\/\/www.enerjigazetesi.ist\/wp-content\/uploads\/2014\/01\/gunes-enerjisi-gece-de-kullanilmasini-saglayan-yontem-500x328.jpg 500w, https:\/\/www.enerjigazetesi.ist\/wp-content\/uploads\/2014\/01\/gunes-enerjisi-gece-de-kullanilmasini-saglayan-yontem-76x50.jpg 76w, https:\/\/www.enerjigazetesi.ist\/wp-content\/uploads\/2014\/01\/gunes-enerjisi-gece-de-kullanilmasini-saglayan-yontem.jpg 628w\" sizes=\"(max-width: 300px) 100vw, 300px\" \/><\/a>D\u2019deki North Carolina \u00dcniversitesi\u2019nde g\u00f6rev alan Tom Meyer ve ekibindeki bilim adamlar\u0131, g\u00fcnd\u00fcz elde edilen g\u00fcne\u015f enerjisinin gece de kullan\u0131lmas\u0131n\u0131 sa\u011flayan yeni bir y\u00f6ntem geli\u015ftirdiler.<\/strong><\/p>\n<p>Tom Meyer ve ekibinin North Carolina \u00dcniversitesi\u2019nin resmi sitesi \u00fczerinden yay\u0131nlad\u0131klar\u0131 bas\u0131n a\u00e7\u0131klamas\u0131nda, geli\u015ftirilen yeni y\u00f6ntemle ilgili bilgiler yer al\u0131yor. Bu bilgilere g\u00f6re, geli\u015ftirilen bu y\u00f6ntemle g\u00fcne\u015f enerjisi elektrik yerine hidrojen yak\u0131t\u0131na d\u00f6n\u00fc\u015ft\u00fcr\u00fcl\u00fcyor. Bu d\u00f6n\u00fc\u015f\u00fcm\u00fc sa\u011flamak i\u00e7in geli\u015ftirilen DSPEC pili, g\u00fcne\u015f enerjisini toplad\u0131ktan sonra bu enerjiyi kullanarak su molek\u00fcllerini bile\u015fenlerine ay\u0131r\u0131yor. Bu i\u015flemin sonucunda ortaya \u00e7\u0131kan hidrojen ve oksijen yakalan\u0131yor ve depolan\u0131yor. Bu sayede elde edilen hidrojen yak\u0131t\u0131n\u0131n yan\u0131 s\u0131ra elde edilen oksijen de do\u011faya geri sal\u0131n\u0131yor.<\/p>\n<p>Geli\u015ftirilen bu y\u00f6ntemle g\u00fcne\u015f enerjisinin en b\u00fcy\u00fck handikap\u0131 olan enerjinin uzun s\u00fcreli olarak korunam\u0131yor olmas\u0131 sorunu \u00f6nemli \u00f6l\u00e7\u00fcde \u00e7\u00f6z\u00fcme kavu\u015fturulacak ve G\u00fcne\u015f enerjisi daha g\u00fcvenilir ve istikrarl\u0131 bir enerji kayna\u011f\u0131 haline gelecek.<\/p>\n<p>Kaynak: <a href=\"http:\/\/enerjigunlugu.net\/gunes-enerjisi-gece-de-kullanilabilecek_6677.html\" target=\"_blank\">Enerji G\u00fcnl\u00fc\u011f\u00fc<\/a><\/p>","protected":false},"excerpt":{"rendered":"<p>Sorry, this entry is only available in Turkish. For the sake of viewer convenience, the content is shown below in the alternative language. You may click the link to switch the active language.G\u00fcnd\u00fcz elde edilen g\u00fcne\u015f enerjisinin gece de kullan\u0131lmas\u0131n\u0131 sa\u011flayan yeni bir y\u00f6ntem geli\u015ftirildi. ABD\u2019deki North Carolina \u00dcniversitesi\u2019nde g\u00f6rev alan Tom Meyer ve ekibindeki [&hellip;]<\/p>\n","protected":false},"author":1,"featured_media":21092,"comment_status":"open","ping_status":"open","sticky":false,"template":"","format":"standard","meta":[],"categories":[53,49],"tags":[1198,12186,12187,63,67,1009,165,227,13,12183,12184,12185],"views":709,"_links":{"self":[{"href":"https:\/\/www.enerjigazetesi.ist\/en\/wp-json\/wp\/v2\/posts\/21091"}],"collection":[{"href":"https:\/\/www.enerjigazetesi.ist\/en\/wp-json\/wp\/v2\/posts"}],"about":[{"href":"https:\/\/www.enerjigazetesi.ist\/en\/wp-json\/wp\/v2\/types\/post"}],"author":[{"embeddable":true,"href":"https:\/\/www.enerjigazetesi.ist\/en\/wp-json\/wp\/v2\/users\/1"}],"replies":[{"embeddable":true,"href":"https:\/\/www.enerjigazetesi.ist\/en\/wp-json\/wp\/v2\/comments?post=21091"}],"version-history":[{"count":1,"href":"https:\/\/www.enerjigazetesi.ist\/en\/wp-json\/wp\/v2\/posts\/21091\/revisions"}],"predecessor-version":[{"id":21093,"href":"https:\/\/www.enerjigazetesi.ist\/en\/wp-json\/wp\/v2\/posts\/21091\/revisions\/21093"}],"wp:featuredmedia":[{"embeddable":true,"href":"https:\/\/www.enerjigazetesi.ist\/en\/wp-json\/wp\/v2\/media\/21092"}],"wp:attachment":[{"href":"https:\/\/www.enerjigazetesi.ist\/en\/wp-json\/wp\/v2\/media?parent=21091"}],"wp:term":[{"taxonomy":"category","embeddable":true,"href":"https:\/\/www.enerjigazetesi.ist\/en\/wp-json\/wp\/v2\/categories?post=21091"},{"taxonomy":"post_tag","embeddable":true,"href":"https:\/\/www.enerjigazetesi.ist\/en\/wp-json\/wp\/v2\/tags?post=21091"}],"curies":[{"name":"wp","href":"https:\/\/api.w.org\/{rel}","templated":true}]}}