{"id":21023,"date":"2014-01-17T10:47:42","date_gmt":"2014-01-17T07:47:42","guid":{"rendered":"https:\/\/www.enerjigazetesi.ist\/?p=21023"},"modified":"2014-01-17T10:47:50","modified_gmt":"2014-01-17T07:47:50","slug":"nisanda-dogalgaza-yuzde-15-elektrige-yuzde-10-zam-gelir","status":"publish","type":"post","link":"https:\/\/www.enerjigazetesi.ist\/en\/nisanda-dogalgaza-yuzde-15-elektrige-yuzde-10-zam-gelir\/","title":{"rendered":"(Turkish) \u2018Nisan&#8217;da Do\u011falgaza Y\u00fczde 15, Elektri\u011fe Y\u00fczde 10 Zam Gelir&#8230;\u2019"},"content":{"rendered":"<p class=\"qtranxs-available-languages-message qtranxs-available-languages-message-en\">Sorry, this entry is only available in <a href=\"https:\/\/www.enerjigazetesi.ist\/tr\/wp-json\/wp\/v2\/posts\/21023\" class=\"qtranxs-available-language-link qtranxs-available-language-link-tr\" title=\"Turkish\">Turkish<\/a>. For the sake of viewer convenience, the content is shown below in the alternative language. You may click the link to switch the active language.<\/p><p><strong>Elektrik \u00dcreticileri Derne\u011fi Ba\u015fkan\u0131 \u00d6nder Karaduman, Nisan ay\u0131nda arka arkaya zam beklendi\u011fini belirterek, \u201cDo\u011falgaza y\u00fczde 15, elektri\u011fe y\u00fczde 10 zam gelir\u201d dedi.<a href=\"https:\/\/www.enerjigazetesi.ist\/wp-content\/uploads\/2014\/01\/nisanda-dogalgaza-yuzde-15-elektrige-yuzde-10-zam-gelir.jpg\"><img loading=\"lazy\" class=\"alignright size-medium wp-image-21024\" title=\"nisanda-dogalgaza-yuzde-15-elektrige-yuzde-10-zam-gelir\" src=\"https:\/\/www.enerjigazetesi.ist\/wp-content\/uploads\/2014\/01\/nisanda-dogalgaza-yuzde-15-elektrige-yuzde-10-zam-gelir-300x193.jpg\" alt=\"\" width=\"300\" height=\"193\" srcset=\"https:\/\/www.enerjigazetesi.ist\/wp-content\/uploads\/2014\/01\/nisanda-dogalgaza-yuzde-15-elektrige-yuzde-10-zam-gelir-300x193.jpg 300w, https:\/\/www.enerjigazetesi.ist\/wp-content\/uploads\/2014\/01\/nisanda-dogalgaza-yuzde-15-elektrige-yuzde-10-zam-gelir-500x322.jpg 500w, https:\/\/www.enerjigazetesi.ist\/wp-content\/uploads\/2014\/01\/nisanda-dogalgaza-yuzde-15-elektrige-yuzde-10-zam-gelir-77x50.jpg 77w, https:\/\/www.enerjigazetesi.ist\/wp-content\/uploads\/2014\/01\/nisanda-dogalgaza-yuzde-15-elektrige-yuzde-10-zam-gelir.jpg 698w\" sizes=\"(max-width: 300px) 100vw, 300px\" \/><\/a><\/strong><\/p>\n<p>Karaduman, dolardaki art\u0131\u015fa dikkat \u00e7ekerek,\u00a0 zamlar\u0131n ka\u00e7\u0131n\u0131lmaz oldu\u011funu belirtti. Karaduman \u015funlar\u0131 s\u00f6yledi: \u201cElektrikteki temel girdi maliyetlerini art\u0131ran d\u0131\u015far\u0131dan al\u0131nan do\u011falgaz ve k\u00f6m\u00fcr. Elektri\u011fin yar\u0131s\u0131na yak\u0131n k\u0131sm\u0131n\u0131 do\u011falgazdan elde ediyorsak do\u011falgaz girdisi ve onun maliyetleri \u00f6nemli. Dolardaki art\u0131\u015f ciddi bir maliyet getirdi. Yerel se\u00e7imlerin bitimine kadar bir zam yap\u0131lmayacak . Ama BOTA\u015e\u2019\u0131n \u00fczerinde b\u00fcy\u00fck bir bor\u00e7 birikmi\u015f vaziyette.<\/p>\n<p>Se\u00e7imden sonra elektrik fiyatlar\u0131na aksettirmek gerekecek. Do\u011falgaz fiyatlar\u0131na y\u00fczde 20-25 civar\u0131nda zam yap\u0131lmas\u0131 zaruriyeti var ama h\u00fck\u00fcmetin bu kadar a\u011f\u0131r zam yapaca\u011f\u0131n\u0131 zannetmiyorum. Tahminim y\u00fczde10-15 civar\u0131nda zam yap\u0131lacakt\u0131r. Bunun elektri\u011fe y\u00fczde 8-10 civar\u0131nda maliyet getirecek. Bu ka\u00e7\u0131n\u0131lmaz.\u00a0 Nisan ay\u0131nda zamlar arka arkaya gelecek\u201d<\/p>\n<p>Kaynak: <a href=\"http:\/\/enerjienstitusu.com\/2014\/01\/17\/dogalgaza-yuzde-15-elektrige-yuzde-10-zam\/\" target=\"_blank\">Enerji Enstit\u00fcs\u00fc<\/a><\/p>","protected":false},"excerpt":{"rendered":"<p>Sorry, this entry is only available in Turkish. For the sake of viewer convenience, the content is shown below in the alternative language. You may click the link to switch the active language.Elektrik \u00dcreticileri Derne\u011fi Ba\u015fkan\u0131 \u00d6nder Karaduman, Nisan ay\u0131nda arka arkaya zam beklendi\u011fini belirterek, \u201cDo\u011falgaza y\u00fczde 15, elektri\u011fe y\u00fczde 10 zam gelir\u201d dedi. Karaduman, [&hellip;]<\/p>\n","protected":false},"author":1,"featured_media":21024,"comment_status":"open","ping_status":"open","sticky":false,"template":"","format":"standard","meta":[],"categories":[46,51,53],"tags":[92,226,68,61,3696,12141,63,67,1009,165,12140],"views":781,"_links":{"self":[{"href":"https:\/\/www.enerjigazetesi.ist\/en\/wp-json\/wp\/v2\/posts\/21023"}],"collection":[{"href":"https:\/\/www.enerjigazetesi.ist\/en\/wp-json\/wp\/v2\/posts"}],"about":[{"href":"https:\/\/www.enerjigazetesi.ist\/en\/wp-json\/wp\/v2\/types\/post"}],"author":[{"embeddable":true,"href":"https:\/\/www.enerjigazetesi.ist\/en\/wp-json\/wp\/v2\/users\/1"}],"replies":[{"embeddable":true,"href":"https:\/\/www.enerjigazetesi.ist\/en\/wp-json\/wp\/v2\/comments?post=21023"}],"version-history":[{"count":3,"href":"https:\/\/www.enerjigazetesi.ist\/en\/wp-json\/wp\/v2\/posts\/21023\/revisions"}],"predecessor-version":[{"id":21026,"href":"https:\/\/www.enerjigazetesi.ist\/en\/wp-json\/wp\/v2\/posts\/21023\/revisions\/21026"}],"wp:featuredmedia":[{"embeddable":true,"href":"https:\/\/www.enerjigazetesi.ist\/en\/wp-json\/wp\/v2\/media\/21024"}],"wp:attachment":[{"href":"https:\/\/www.enerjigazetesi.ist\/en\/wp-json\/wp\/v2\/media?parent=21023"}],"wp:term":[{"taxonomy":"category","embeddable":true,"href":"https:\/\/www.enerjigazetesi.ist\/en\/wp-json\/wp\/v2\/categories?post=21023"},{"taxonomy":"post_tag","embeddable":true,"href":"https:\/\/www.enerjigazetesi.ist\/en\/wp-json\/wp\/v2\/tags?post=21023"}],"curies":[{"name":"wp","href":"https:\/\/api.w.org\/{rel}","templated":true}]}}