{"id":21015,"date":"2014-01-17T10:32:28","date_gmt":"2014-01-17T07:32:28","guid":{"rendered":"https:\/\/www.enerjigazetesi.ist\/?p=21015"},"modified":"2014-01-17T10:40:11","modified_gmt":"2014-01-17T07:40:11","slug":"enerji-cocuk-projesi-ile-enerji-verimliligi-nde-bilinclendirme-saglanacak","status":"publish","type":"post","link":"https:\/\/www.enerjigazetesi.ist\/en\/enerji-cocuk-projesi-ile-enerji-verimliligi-nde-bilinclendirme-saglanacak\/","title":{"rendered":"(Turkish) &#8217;Enerji \u00c7ocuk Projesi&#8217; \u0130le Enerji Verimlili\u011finde Bilin\u00e7lendirme Sa\u011flanacak!"},"content":{"rendered":"<p class=\"qtranxs-available-languages-message qtranxs-available-languages-message-en\">Sorry, this entry is only available in <a href=\"https:\/\/www.enerjigazetesi.ist\/tr\/wp-json\/wp\/v2\/posts\/21015\" class=\"qtranxs-available-language-link qtranxs-available-language-link-tr\" title=\"Turkish\">Turkish<\/a>. For the sake of viewer convenience, the content is shown below in the alternative language. You may click the link to switch the active language.<\/p><p><strong>Enerji Bakanl\u0131\u011f\u0131 ile Enerji Verimlili\u011fi Derne\u011fi, \u00e7ocuklar\u0131n enerji kullan\u0131m\u0131 ve t\u00fcketimi konusunda bilin\u00e7lendirilmesi ve \u00fclke ekonomisine katk\u0131da bulunmas\u0131 amac\u0131yla &#8220;Enerji \u00c7ocuk&#8221; adl\u0131 yeni bir projeyi hayata ge\u00e7iriyor.<a href=\"https:\/\/www.enerjigazetesi.ist\/wp-content\/uploads\/2014\/01\/enerji-cocuk-projesi-ile-enerji-verimliligi-nde-bilinclendirme-saglanacak1.png\"><img loading=\"lazy\" class=\"alignleft size-full wp-image-21019\" title=\"enerji-cocuk-projesi-ile-enerji-verimliligi-nde-bilinclendirme-saglanacak\" src=\"https:\/\/www.enerjigazetesi.ist\/wp-content\/uploads\/2014\/01\/enerji-cocuk-projesi-ile-enerji-verimliligi-nde-bilinclendirme-saglanacak1.png\" alt=\"\" width=\"259\" height=\"194\" srcset=\"https:\/\/www.enerjigazetesi.ist\/wp-content\/uploads\/2014\/01\/enerji-cocuk-projesi-ile-enerji-verimliligi-nde-bilinclendirme-saglanacak1.png 259w, https:\/\/www.enerjigazetesi.ist\/wp-content\/uploads\/2014\/01\/enerji-cocuk-projesi-ile-enerji-verimliligi-nde-bilinclendirme-saglanacak1-66x50.png 66w\" sizes=\"(max-width: 259px) 100vw, 259px\" \/><\/a><\/strong><\/p>\n<p>Bakanl\u0131k&#8217;tan yap\u0131lan yaz\u0131l\u0131 a\u00e7\u0131klamada, enerji ve su kaynaklar\u0131n\u0131n t\u00fcketiminde rol oynayan en \u00f6nemli t\u00fcketici gruplar\u0131ndan birinin aileler oldu\u011funa i\u015faret edildi. Ailenin en \u00f6nemli fertlerinden olan \u00e7ocuklar\u0131n enerji kullan\u0131m\u0131 ve t\u00fcketimi konusunda bilin\u00e7lendirilmesi ve \u00fclke ekonomisine katk\u0131da bulunmas\u0131 konusunda herkese \u00f6nemli g\u00f6revler d\u00fc\u015ft\u00fc\u011f\u00fc kaydedilen a\u00e7\u0131klamada gelece\u011fin ailelerini kuracak olan \u00e7ocuklar\u0131n \u015fimdiden enerji verimlili\u011fi konusunda bilin\u00e7lendirilmesi ve bu yolla \u00f6nce ev ekonomisine, sonra \u00fclke ekonomisine katk\u0131da bulunmalar\u0131n\u0131n sa\u011flanmas\u0131n\u0131n ama\u00e7land\u0131\u011f\u0131 belirtildi.<\/p>\n<p>&#8220;Enerji \u00c7ocuk&#8221; projesi tan\u0131t\u0131m toplant\u0131s\u0131n\u0131n Enerji ve Tabii Kaynaklar Bakan\u0131 Taner Y\u0131ld\u0131z&#8217;\u0131n kat\u0131l\u0131m\u0131 ile ger\u00e7ekle\u015ftirilece\u011fi bildirildi.<\/p>\n<p>Kaynak: <a href=\"http:\/\/ekonomi.haberturk.com\/enerji\/haber\/913131-enerji-cocuk-bilinclendirecek\" target=\"_blank\">Haberturk<\/a><\/p>","protected":false},"excerpt":{"rendered":"<p>Sorry, this entry is only available in Turkish. For the sake of viewer convenience, the content is shown below in the alternative language. You may click the link to switch the active language.Enerji Bakanl\u0131\u011f\u0131 ile Enerji Verimlili\u011fi Derne\u011fi, \u00e7ocuklar\u0131n enerji kullan\u0131m\u0131 ve t\u00fcketimi konusunda bilin\u00e7lendirilmesi ve \u00fclke ekonomisine katk\u0131da bulunmas\u0131 amac\u0131yla &#8220;Enerji \u00c7ocuk&#8221; adl\u0131 yeni [&hellip;]<\/p>\n","protected":false},"author":1,"featured_media":21019,"comment_status":"open","ping_status":"open","sticky":false,"template":"","format":"standard","meta":[],"categories":[53,52],"tags":[63,963,11781,67,1009,165,103,12,1525,793],"views":808,"_links":{"self":[{"href":"https:\/\/www.enerjigazetesi.ist\/en\/wp-json\/wp\/v2\/posts\/21015"}],"collection":[{"href":"https:\/\/www.enerjigazetesi.ist\/en\/wp-json\/wp\/v2\/posts"}],"about":[{"href":"https:\/\/www.enerjigazetesi.ist\/en\/wp-json\/wp\/v2\/types\/post"}],"author":[{"embeddable":true,"href":"https:\/\/www.enerjigazetesi.ist\/en\/wp-json\/wp\/v2\/users\/1"}],"replies":[{"embeddable":true,"href":"https:\/\/www.enerjigazetesi.ist\/en\/wp-json\/wp\/v2\/comments?post=21015"}],"version-history":[{"count":5,"href":"https:\/\/www.enerjigazetesi.ist\/en\/wp-json\/wp\/v2\/posts\/21015\/revisions"}],"predecessor-version":[{"id":21018,"href":"https:\/\/www.enerjigazetesi.ist\/en\/wp-json\/wp\/v2\/posts\/21015\/revisions\/21018"}],"wp:featuredmedia":[{"embeddable":true,"href":"https:\/\/www.enerjigazetesi.ist\/en\/wp-json\/wp\/v2\/media\/21019"}],"wp:attachment":[{"href":"https:\/\/www.enerjigazetesi.ist\/en\/wp-json\/wp\/v2\/media?parent=21015"}],"wp:term":[{"taxonomy":"category","embeddable":true,"href":"https:\/\/www.enerjigazetesi.ist\/en\/wp-json\/wp\/v2\/categories?post=21015"},{"taxonomy":"post_tag","embeddable":true,"href":"https:\/\/www.enerjigazetesi.ist\/en\/wp-json\/wp\/v2\/tags?post=21015"}],"curies":[{"name":"wp","href":"https:\/\/api.w.org\/{rel}","templated":true}]}}