{"id":20987,"date":"2014-01-16T14:30:17","date_gmt":"2014-01-16T11:30:17","guid":{"rendered":"https:\/\/www.enerjigazetesi.ist\/?p=20987"},"modified":"2014-01-16T14:30:17","modified_gmt":"2014-01-16T11:30:17","slug":"calik-enerji-libyada-542-mw-gucunde-cevrim-santrali-kuracak","status":"publish","type":"post","link":"https:\/\/www.enerjigazetesi.ist\/en\/calik-enerji-libyada-542-mw-gucunde-cevrim-santrali-kuracak\/","title":{"rendered":"(Turkish) \u00c7al\u0131k Enerji Libya\u2019da 542 MW G\u00fcc\u00fcnde \u00c7evrim Santrali Kuracak!"},"content":{"rendered":"<p class=\"qtranxs-available-languages-message qtranxs-available-languages-message-en\">Sorry, this entry is only available in <a href=\"https:\/\/www.enerjigazetesi.ist\/tr\/wp-json\/wp\/v2\/posts\/20987\" class=\"qtranxs-available-language-link qtranxs-available-language-link-tr\" title=\"Turkish\">Turkish<\/a>. For the sake of viewer convenience, the content is shown below in the alternative language. You may click the link to switch the active language.<\/p><p><strong>2014\u2032\u00fcn ilk enerji kontrat\u0131n\u0131 Libya\u2019da imzalayan \u00c7al\u0131k Enerji, ba\u015fkent Trablus\u2019a 120 km uzakl\u0131ktaki Khumus \u015fehrinde 542 MW g\u00fcc\u00fcnde \u00e7evrim santrali kuracak. \u00c7al\u0131k Holding Y\u00f6netim Kurulu Ba\u015fkan\u0131 Ahmet \u00c7al\u0131k ve beraberindeki heyeti kabul eden Libya Elektrik Bakan Vekili Dr. Ali Muhammed Mhareig, \u201cDevrim sonras\u0131nda \u00fclkemizde ilk b\u00fcy\u00fck \u00e7apl\u0131 proje imzas\u0131n\u0131 \u00c7al\u0131k Enerji ile imzal\u0131yoruz. Libya\u2019ya ho\u015fgeldiniz\u201d dedi. Libya Elektrik Bakanl\u0131\u011f\u0131 ile imzalanan protokol \u00f6ncesinde konu\u015fan \u00c7al\u0131k Holding Y\u00f6netim Kurulu Ba\u015fkan\u0131 Ahmet \u00c7al\u0131k ise, \u201cHedefimiz 9 ay 10 g\u00fcn gibi k\u0131sa iddial\u0131 bir s\u00fcrede santalin ilk \u00fcnitesini devreye almak\u201d \u015feklinde konu\u015ftu.<\/strong><\/p>\n<h2>800 ki\u015fi istihdam edilecek<\/h2>\n<p>Libya\u2019n\u0131n mevcut toplam kurulu g\u00fcc\u00fcn\u00fcn y\u00fczde 8\u2032i b\u00fcy\u00fckl\u00fc\u011f\u00fcnde kurulmas\u0131 planlanan Khumus Basit \u00c7evrim Santrali\u2019nin imza protokol\u00fc ba\u015fkent Trablus\u2019ta ger\u00e7ekle\u015ftirild<a href=\"https:\/\/www.enerjigazetesi.ist\/wp-content\/uploads\/2014\/01\/calik-enerji-libyada-542-mw-gucunde-cevrim-santrali-kuracak.jpg\"><img loading=\"lazy\" class=\"alignleft size-medium wp-image-20988\" title=\"calik-enerji-libyada-542-mw-gucunde-cevrim-santrali-kuracak\" src=\"https:\/\/www.enerjigazetesi.ist\/wp-content\/uploads\/2014\/01\/calik-enerji-libyada-542-mw-gucunde-cevrim-santrali-kuracak-300x195.jpg\" alt=\"\" width=\"300\" height=\"195\" srcset=\"https:\/\/www.enerjigazetesi.ist\/wp-content\/uploads\/2014\/01\/calik-enerji-libyada-542-mw-gucunde-cevrim-santrali-kuracak-300x195.jpg 300w, https:\/\/www.enerjigazetesi.ist\/wp-content\/uploads\/2014\/01\/calik-enerji-libyada-542-mw-gucunde-cevrim-santrali-kuracak-76x50.jpg 76w, https:\/\/www.enerjigazetesi.ist\/wp-content\/uploads\/2014\/01\/calik-enerji-libyada-542-mw-gucunde-cevrim-santrali-kuracak.jpg 416w\" sizes=\"(max-width: 300px) 100vw, 300px\" \/><\/a>i. 800 ki\u015finin istihdam edilece\u011fi enerji santralin yap\u0131m\u0131 i\u00e7in anla\u015fma kontrat\u0131n\u0131 Libya H\u00fck\u00fcmeti ve Libya Elektrik Bakanl\u0131\u011f\u0131 ad\u0131na GECOL CEO\u2019su Addel Hakeem F.Layas ve \u00c7al\u0131k Enerji Genel M\u00fcd\u00fcr\u00fc Osman Saim Din\u00e7 imzalad\u0131. T\u00fcrkiye\u2019nin Trablus B\u00fcy\u00fckel\u00e7ili\u011fi\u2019ndeki M\u00fcste\u015far\u0131 Tufan H\u00f6bek\u2019in de haz\u0131r bulundu\u011fu imza protokol\u00fc \u00f6ncesinde konu\u015fan Libya Elektrik Bakan Vekili Dr.Ali Muhammed Mhareig, \u201cLibya\u2019n\u0131n kesintisiz enerjiye kavu\u015fmas\u0131 noktas\u0131nda planlad\u0131\u011f\u0131m\u0131z kritik yat\u0131r\u0131mlardan birini daha hayata ge\u00e7iriyoruz.<\/p>\n<p>D\u00fcnyada mevcut en ileri teknoloji donan\u0131m\u0131yla kurulacak bu enerji santrali, bilgi birikimi ve i\u015f tecr\u00fcbesine inand\u0131\u011f\u0131m\u0131z \u00c7al\u0131k Enerji taraf\u0131ndan kurulacak. Santralde \u00e7al\u0131\u015facak teknik elemanlar yap\u0131lan protokol gere\u011fi Amerika\u2019da General Elektrik b\u00fcnyesinde e\u011fitime tabii tutulacaklar. Libya\u2019n\u0131n artan enerji ihtiyac\u0131 gere\u011fi \u00c7al\u0131k Enerji\u2019den biran \u00f6nce bu projeyi tamamlay\u0131p hizmete a\u00e7mas\u0131n\u0131 bekliyoruz. \u00c7al\u0131k Enerji\u2019ye \u00fclkemize ho\u015fgeldiniz diyorum\u201d \u015feklinde konu\u015ftu.<\/p>\n<h2>Libyal\u0131 personele Amerika\u2019da e\u011fitim<\/h2>\n<p>Libya i\u00e7in kritik \u00f6nem arzeden b\u00f6ylesi bir projenin hayata ge\u00e7irilmesinde kendilerine duyulan g\u00fcvenden dolay\u0131 Libya H\u00fck\u00fcmeti\u2019ne, Libya Elektrik Bakanl\u0131\u011f\u0131 Yetkililerine ve GECOM Y\u00f6netimine te\u015fekk\u00fcr ederek s\u00f6zlerine ba\u015flayan \u00c7al\u0131k Holding Y\u00f6netim Kurulu Ba\u015fkan\u0131 Ahmet \u00c7al\u0131k ise, tesisin d\u00fcnyadaki en y\u00fcksek teknoloji donan\u0131m\u0131 se\u00e7ilerek kurulaca\u011f\u0131 bildirdi. Petrol ve do\u011falgaz yak\u0131t t\u00fcrleriyle \u00e7al\u0131\u015facak santralin yap\u0131m\u0131na ilave olarak gaz trib\u00fcnlerinin 12 y\u0131l boyunca bak\u0131m ve servislerinin de \u00c7al\u0131k Enerji taraf\u0131ndan verilece\u011fini anlatan Ahmet \u00c7al\u0131k, bu \u00e7er\u00e7evede GECOL personelinin Amerikan General Elektrik \u015firketinin merkez ve ofislerinin bulundu\u011fu co\u011frafyalarda e\u011fitimden ge\u00e7irilece\u011fini, bunun i\u00e7in 2 milyon dolarl\u0131k bir b\u00fct\u00e7e ay\u0131rd\u0131klar\u0131n\u0131 kaydetti.<\/p>\n<h2>\u00c7al\u0131k enerji\u2019ye s\u0131cak kar\u015f\u0131lama<\/h2>\n<p>\u00c7al\u0131k Enerji\u2019nin Khumus \u015fehrinde kuraca\u011f\u0131 542 MW\u2019l\u0131k \u00e7evrim santralinin protokol\u00fc ba\u015fkent Trablus\u2019ta Libya Enerji Bakanl\u0131\u011f\u0131\u2019nda imzaland\u0131. Libya Elektrik Bakan Vekili Dr.Ali Muhammed Mhareig, T\u00fcrkiye\u2019nin Trablus B\u00fcy\u00fckel\u00e7ili\u011fi\u2019nde g\u00f6revli M\u00fcste\u015far\u0131 Tufan H\u00f6bek ve \u00c7al\u0131k Holding Y\u00f6netim Kurulu Ba\u015fkan\u0131 Ahmet \u00c7al\u0131k\u2019\u0131n haz\u0131r bulundu\u011fu imza t\u00f6reninde protokole, Libya ad\u0131na elektrik \u00fcretim kurumu GECOL\u2019un CEO\u2019su Abdel Hakeem F.Layas ve \u00c7al\u0131k Enerji Genel M\u00fcd\u00fcr\u00fc Osman Saim Din\u00e7 imza att\u0131lar.<\/p>\n<p>Kaynak: <a href=\"http:\/\/enerjienstitusu.com\/2014\/01\/16\/calik-enerji-libyada-542-mw-gucunde-cevrim-santrali-kuracak\/\" target=\"_blank\">Enerji Enstit\u00fcs\u00fc<\/a><\/p>","protected":false},"excerpt":{"rendered":"<p>Sorry, this entry is only available in Turkish. For the sake of viewer convenience, the content is shown below in the alternative language. You may click the link to switch the active language.2014\u2032\u00fcn ilk enerji kontrat\u0131n\u0131 Libya\u2019da imzalayan \u00c7al\u0131k Enerji, ba\u015fkent Trablus\u2019a 120 km uzakl\u0131ktaki Khumus \u015fehrinde 542 MW g\u00fcc\u00fcnde \u00e7evrim santrali kuracak. \u00c7al\u0131k Holding [&hellip;]<\/p>\n","protected":false},"author":1,"featured_media":20988,"comment_status":"open","ping_status":"open","sticky":false,"template":"","format":"standard","meta":[],"categories":[53],"tags":[1050,598,12126,63,67,1009,12125,2838,165,12129,12128,12127,9207,10400],"views":608,"_links":{"self":[{"href":"https:\/\/www.enerjigazetesi.ist\/en\/wp-json\/wp\/v2\/posts\/20987"}],"collection":[{"href":"https:\/\/www.enerjigazetesi.ist\/en\/wp-json\/wp\/v2\/posts"}],"about":[{"href":"https:\/\/www.enerjigazetesi.ist\/en\/wp-json\/wp\/v2\/types\/post"}],"author":[{"embeddable":true,"href":"https:\/\/www.enerjigazetesi.ist\/en\/wp-json\/wp\/v2\/users\/1"}],"replies":[{"embeddable":true,"href":"https:\/\/www.enerjigazetesi.ist\/en\/wp-json\/wp\/v2\/comments?post=20987"}],"version-history":[{"count":2,"href":"https:\/\/www.enerjigazetesi.ist\/en\/wp-json\/wp\/v2\/posts\/20987\/revisions"}],"predecessor-version":[{"id":20990,"href":"https:\/\/www.enerjigazetesi.ist\/en\/wp-json\/wp\/v2\/posts\/20987\/revisions\/20990"}],"wp:featuredmedia":[{"embeddable":true,"href":"https:\/\/www.enerjigazetesi.ist\/en\/wp-json\/wp\/v2\/media\/20988"}],"wp:attachment":[{"href":"https:\/\/www.enerjigazetesi.ist\/en\/wp-json\/wp\/v2\/media?parent=20987"}],"wp:term":[{"taxonomy":"category","embeddable":true,"href":"https:\/\/www.enerjigazetesi.ist\/en\/wp-json\/wp\/v2\/categories?post=20987"},{"taxonomy":"post_tag","embeddable":true,"href":"https:\/\/www.enerjigazetesi.ist\/en\/wp-json\/wp\/v2\/tags?post=20987"}],"curies":[{"name":"wp","href":"https:\/\/api.w.org\/{rel}","templated":true}]}}