{"id":20952,"date":"2014-01-16T10:18:29","date_gmt":"2014-01-16T07:18:29","guid":{"rendered":"https:\/\/www.enerjigazetesi.ist\/?p=20952"},"modified":"2014-01-16T17:32:02","modified_gmt":"2014-01-16T14:32:02","slug":"sehzade-mehmet-ten-enerji-verimliligi-nde-birincilik","status":"publish","type":"post","link":"https:\/\/www.enerjigazetesi.ist\/en\/sehzade-mehmet-ten-enerji-verimliligi-nde-birincilik\/","title":{"rendered":"(Turkish) \u015eehzade Mehmet&#8217;ten &#8220;Enerji Verimlili\u011fi&#8221;nde Birincilik!"},"content":{"rendered":"<p class=\"qtranxs-available-languages-message qtranxs-available-languages-message-en\">Sorry, this entry is only available in <a href=\"https:\/\/www.enerjigazetesi.ist\/tr\/wp-json\/wp\/v2\/posts\/20952\" class=\"qtranxs-available-language-link qtranxs-available-language-link-tr\" title=\"Turkish\">Turkish<\/a>. For the sake of viewer convenience, the content is shown below in the alternative language. You may click the link to switch the active language.<\/p><p><strong>Yenilenebilir Enerji<a href=\"https:\/\/www.enerjigazetesi.ist\/wp-content\/uploads\/2014\/01\/enerji-verimliligi-yarismasinda-ozel-sehzade-mehmet-ogrencisinden-birincilik.jpg\"><img loading=\"lazy\" class=\"size-medium wp-image-20953 alignright\" title=\"enerji-verimliligi-yarismasinda-ozel-sehzade-mehmet-ogrencisinden-birincilik\" src=\"https:\/\/www.enerjigazetesi.ist\/wp-content\/uploads\/2014\/01\/enerji-verimliligi-yarismasinda-ozel-sehzade-mehmet-ogrencisinden-birincilik-300x199.jpg\" alt=\"\" width=\"300\" height=\"199\" srcset=\"https:\/\/www.enerjigazetesi.ist\/wp-content\/uploads\/2014\/01\/enerji-verimliligi-yarismasinda-ozel-sehzade-mehmet-ogrencisinden-birincilik-300x199.jpg 300w, https:\/\/www.enerjigazetesi.ist\/wp-content\/uploads\/2014\/01\/enerji-verimliligi-yarismasinda-ozel-sehzade-mehmet-ogrencisinden-birincilik-75x50.jpg 75w, https:\/\/www.enerjigazetesi.ist\/wp-content\/uploads\/2014\/01\/enerji-verimliligi-yarismasinda-ozel-sehzade-mehmet-ogrencisinden-birincilik.jpg 310w\" sizes=\"(max-width: 300px) 100vw, 300px\" \/><\/a> Genel M\u00fcd\u00fcrl\u00fc\u011f\u00fc ve Milli E\u011fitim Bakanl\u0131\u011f\u0131 i\u015fbirli\u011fiyle d\u00fczenlenen &#8220;Enerji Verimlili\u011fi&#8221; konulu hik\u00e2ye yar\u0131\u015fmas\u0131nda, Manisa \u00d6zel \u015eehzade Mehmet Ortaokulu 8. s\u0131n\u0131f \u00f6\u011frencisi Bet\u00fcl Feyza Acan birinci oldu.<\/strong><\/p>\n<p>Toplumdaki enerji k\u00fclt\u00fcr\u00fc ve verimlilik bilincinin artt\u0131r\u0131lmas\u0131na y\u00f6nelik olarak her y\u0131l ocak ay\u0131n\u0131n ikinci haftas\u0131, Enerji Verimlili\u011fi Haftas\u0131 olarak kutlan\u0131yor. Bu kapsamda \u00e7e\u015fitli etkinlikler d\u00fczenleniyor. Bu etkinlikler \u00e7er\u00e7evesinde d\u00fczenlenen yar\u0131\u015fmada birinci olan Bet\u00fcl Feyza\u2019n\u0131n ba\u015far\u0131s\u0131, okulunda co\u015fkuyla kar\u015f\u0131land\u0131.<\/p>\n<p>\u00d6zel \u015eehzade Mehmet Ortaokulu M\u00fcd\u00fcr\u00fc Fatih Sadi, her y\u0131l bilim, sanat ve spor alanlar\u0131nda Manisa ad\u0131na \u00f6nemli ba\u015far\u0131lara imza atan okulun, ba\u015far\u0131lar\u0131na bir yenisini daha ekledi\u011fini s\u00f6yledi. T\u00fcrkiye birincisi Acan\u2019\u0131 kutlayan M\u00fcd\u00fcr Sadi, eme\u011fi ge\u00e7en \u00f6\u011fretmen ve velilere de te\u015fekk\u00fcr etti.<\/p>\n<p>Kaynak: <a href=\"http:\/\/www.haber01.com\/yerel\/enerji-verimliligi-yarismasinda-ozel-sehzade-mehmet-ogrencisi-birinci-oldu-h7532.html\" target=\"_blank\">Haber01<\/a><\/p>","protected":false},"excerpt":{"rendered":"<p>Sorry, this entry is only available in Turkish. For the sake of viewer convenience, the content is shown below in the alternative language. You may click the link to switch the active language.Yenilenebilir Enerji Genel M\u00fcd\u00fcrl\u00fc\u011f\u00fc ve Milli E\u011fitim Bakanl\u0131\u011f\u0131 i\u015fbirli\u011fiyle d\u00fczenlenen &#8220;Enerji Verimlili\u011fi&#8221; konulu hik\u00e2ye yar\u0131\u015fmas\u0131nda, Manisa \u00d6zel \u015eehzade Mehmet Ortaokulu 8. s\u0131n\u0131f \u00f6\u011frencisi [&hellip;]<\/p>\n","protected":false},"author":1,"featured_media":20953,"comment_status":"open","ping_status":"open","sticky":false,"template":"","format":"standard","meta":[],"categories":[53,52],"tags":[12113,63,67,1009,165,12,1727,12112,12111],"views":992,"_links":{"self":[{"href":"https:\/\/www.enerjigazetesi.ist\/en\/wp-json\/wp\/v2\/posts\/20952"}],"collection":[{"href":"https:\/\/www.enerjigazetesi.ist\/en\/wp-json\/wp\/v2\/posts"}],"about":[{"href":"https:\/\/www.enerjigazetesi.ist\/en\/wp-json\/wp\/v2\/types\/post"}],"author":[{"embeddable":true,"href":"https:\/\/www.enerjigazetesi.ist\/en\/wp-json\/wp\/v2\/users\/1"}],"replies":[{"embeddable":true,"href":"https:\/\/www.enerjigazetesi.ist\/en\/wp-json\/wp\/v2\/comments?post=20952"}],"version-history":[{"count":3,"href":"https:\/\/www.enerjigazetesi.ist\/en\/wp-json\/wp\/v2\/posts\/20952\/revisions"}],"predecessor-version":[{"id":21005,"href":"https:\/\/www.enerjigazetesi.ist\/en\/wp-json\/wp\/v2\/posts\/20952\/revisions\/21005"}],"wp:featuredmedia":[{"embeddable":true,"href":"https:\/\/www.enerjigazetesi.ist\/en\/wp-json\/wp\/v2\/media\/20953"}],"wp:attachment":[{"href":"https:\/\/www.enerjigazetesi.ist\/en\/wp-json\/wp\/v2\/media?parent=20952"}],"wp:term":[{"taxonomy":"category","embeddable":true,"href":"https:\/\/www.enerjigazetesi.ist\/en\/wp-json\/wp\/v2\/categories?post=20952"},{"taxonomy":"post_tag","embeddable":true,"href":"https:\/\/www.enerjigazetesi.ist\/en\/wp-json\/wp\/v2\/tags?post=20952"}],"curies":[{"name":"wp","href":"https:\/\/api.w.org\/{rel}","templated":true}]}}