{"id":20916,"date":"2014-01-15T11:07:49","date_gmt":"2014-01-15T08:07:49","guid":{"rendered":"https:\/\/www.enerjigazetesi.ist\/?p=20916"},"modified":"2014-01-15T11:07:49","modified_gmt":"2014-01-15T08:07:49","slug":"adiyaman-isik-hesin-ced-sureci-basladi","status":"publish","type":"post","link":"https:\/\/www.enerjigazetesi.ist\/en\/adiyaman-isik-hesin-ced-sureci-basladi\/","title":{"rendered":"(Turkish) Ad\u0131yaman I\u015f\u0131k HES&#8217;in \u00c7ED S\u00fcreci Ba\u015flad\u0131!"},"content":{"rendered":"<p class=\"qtranxs-available-languages-message qtranxs-available-languages-message-en\">Sorry, this entry is only available in <a href=\"https:\/\/www.enerjigazetesi.ist\/tr\/wp-json\/wp\/v2\/posts\/20916\" class=\"qtranxs-available-language-link qtranxs-available-language-link-tr\" title=\"Turkish\">Turkish<\/a>. For the sake of viewer convenience, the content is shown below in the alternative language. You may click the link to switch the active language.<\/p><p><strong>Pakmem Elektrik taraf\u0131ndan Ad\u0131yaman`da yap\u0131lmas\u0131 planlanan I\u015f\u0131k Baraj\u0131 ve HES projesi ile ilgili \u00c7evresel Etki De\u011ferlendirme (\u00c7ED) s\u00fcreci ba\u015flad\u0131. \u00c7evresel Etki De\u011ferlendirmesi \u0130zin ve Denetim Genel M\u00fcd\u00fcrl\u00fc\u011f\u00fc`nce Proje\u2019ye ili\u015fkin \u00c7ED inceleme de\u011ferlendirme s\u00fcreci ba\u015flam\u0131\u015f oldu\u011fundan, \u00c7evresel Etki De\u011ferlendirmesi Raporu halk\u0131n g\u00f6r\u00fc\u015f\u00fcne a\u00e7\u0131ld\u0131.<\/strong><\/p>\n<p><strong>HES\u2019\u0130N KURULU G\u00dcC\u00dc 6,9 MW<a href=\"https:\/\/www.enerjigazetesi.ist\/wp-content\/uploads\/2014\/01\/adiyaman-isik-hes-in-ced-sureci-basladi.jpg\"><img loading=\"lazy\" class=\"alignright size-medium wp-image-20917\" title=\"adiyaman-isik-hes-in-ced-sureci-basladi\" src=\"https:\/\/www.enerjigazetesi.ist\/wp-content\/uploads\/2014\/01\/adiyaman-isik-hes-in-ced-sureci-basladi-300x213.jpg\" alt=\"\" width=\"300\" height=\"213\" srcset=\"https:\/\/www.enerjigazetesi.ist\/wp-content\/uploads\/2014\/01\/adiyaman-isik-hes-in-ced-sureci-basladi-300x213.jpg 300w, https:\/\/www.enerjigazetesi.ist\/wp-content\/uploads\/2014\/01\/adiyaman-isik-hes-in-ced-sureci-basladi-70x50.jpg 70w, https:\/\/www.enerjigazetesi.ist\/wp-content\/uploads\/2014\/01\/adiyaman-isik-hes-in-ced-sureci-basladi.jpg 359w\" sizes=\"(max-width: 300px) 100vw, 300px\" \/><\/a><\/strong><\/p>\n<p>Ad\u0131yaman \u0130li, Merkez \u0130l\u00e7esi, Yaylakonak K\u00f6y\u00fc civar\u0131nda Pakmem Elektrik \u00dcretim San. ve Tic. A.\u015e. taraf\u0131ndan yap\u0131lmas\u0131 planlanan I\u015f\u0131k Baraj\u0131 ve HES Projesi\u2019ni kurulu g\u00fcc\u00fc 6,980 MWm\/6,100 MWe oldu\u011fu belirlendi.<\/p>\n<p>21 no\u2019lu F\u0131rat-Dicle Havzas\u0131nda, G\u00f6ksu \u00c7ay\u0131 yan kollar\u0131ndan olan ve mansapta \u015eepker \u00c7ay\u0131 ad\u0131n\u0131 alan Gar\u00e7e deresi \u00fczerinde kurulmas\u0131 hedeflenen HES\u2019de 3.025 GWh\/y\u0131l g\u00fcvenilir enerji \u00fcretimi, 17.725 GWh\/y\u0131l ikincil enerji \u00fcretimi olmak \u00fczere toplam 20.75 GWh\/y\u0131l enerji \u00fcretimi yap\u0131lmas\u0131 planlan\u0131yor.<\/p>\n<p>I\u015f\u0131k Baraj\u0131 ve HES\u2019de \u00fcretilecek elektri\u011fi i\u00e7 a\u011fa (enterkonnekte sisteme) ba\u011flamak amac\u0131yla 34.5 kV, 14 km\u2019lik bir Enerji Nakil Hatt\u0131 da yap\u0131lacak.<\/p>\n<p>Kaynak: <a href=\"http:\/\/enerjigunlugu.net\/adiyamandaki-isik-hes-icin-ced-sureci-basladi_6583.html\" target=\"_blank\">Enerji G\u00fcnl\u00fc\u011f\u00fc<\/a><\/p>","protected":false},"excerpt":{"rendered":"<p>Sorry, this entry is only available in Turkish. For the sake of viewer convenience, the content is shown below in the alternative language. You may click the link to switch the active language.Pakmem Elektrik taraf\u0131ndan Ad\u0131yaman`da yap\u0131lmas\u0131 planlanan I\u015f\u0131k Baraj\u0131 ve HES projesi ile ilgili \u00c7evresel Etki De\u011ferlendirme (\u00c7ED) s\u00fcreci ba\u015flad\u0131. \u00c7evresel Etki De\u011ferlendirmesi \u0130zin [&hellip;]<\/p>\n","protected":false},"author":1,"featured_media":20917,"comment_status":"open","ping_status":"open","sticky":false,"template":"","format":"standard","meta":[],"categories":[53,47],"tags":[],"views":1008,"_links":{"self":[{"href":"https:\/\/www.enerjigazetesi.ist\/en\/wp-json\/wp\/v2\/posts\/20916"}],"collection":[{"href":"https:\/\/www.enerjigazetesi.ist\/en\/wp-json\/wp\/v2\/posts"}],"about":[{"href":"https:\/\/www.enerjigazetesi.ist\/en\/wp-json\/wp\/v2\/types\/post"}],"author":[{"embeddable":true,"href":"https:\/\/www.enerjigazetesi.ist\/en\/wp-json\/wp\/v2\/users\/1"}],"replies":[{"embeddable":true,"href":"https:\/\/www.enerjigazetesi.ist\/en\/wp-json\/wp\/v2\/comments?post=20916"}],"version-history":[{"count":1,"href":"https:\/\/www.enerjigazetesi.ist\/en\/wp-json\/wp\/v2\/posts\/20916\/revisions"}],"predecessor-version":[{"id":20918,"href":"https:\/\/www.enerjigazetesi.ist\/en\/wp-json\/wp\/v2\/posts\/20916\/revisions\/20918"}],"wp:featuredmedia":[{"embeddable":true,"href":"https:\/\/www.enerjigazetesi.ist\/en\/wp-json\/wp\/v2\/media\/20917"}],"wp:attachment":[{"href":"https:\/\/www.enerjigazetesi.ist\/en\/wp-json\/wp\/v2\/media?parent=20916"}],"wp:term":[{"taxonomy":"category","embeddable":true,"href":"https:\/\/www.enerjigazetesi.ist\/en\/wp-json\/wp\/v2\/categories?post=20916"},{"taxonomy":"post_tag","embeddable":true,"href":"https:\/\/www.enerjigazetesi.ist\/en\/wp-json\/wp\/v2\/tags?post=20916"}],"curies":[{"name":"wp","href":"https:\/\/api.w.org\/{rel}","templated":true}]}}