{"id":20854,"date":"2014-01-14T11:10:12","date_gmt":"2014-01-14T08:10:12","guid":{"rendered":"https:\/\/www.enerjigazetesi.ist\/?p=20854"},"modified":"2014-01-14T15:12:09","modified_gmt":"2014-01-14T12:12:09","slug":"yalitimi-olmayan-catilar-yakit-ve-elektrik-faturalari-yuzde-30-arttiriyor","status":"publish","type":"post","link":"https:\/\/www.enerjigazetesi.ist\/en\/yalitimi-olmayan-catilar-yakit-ve-elektrik-faturalari-yuzde-30-arttiriyor\/","title":{"rendered":"(Turkish) Yal\u0131t\u0131m\u0131 Olmayan \u00c7at\u0131lar\u0131n Yak\u0131t ve Elektrik Faturalar\u0131 Y\u00fczde 30 Daha Fazla!"},"content":{"rendered":"<p class=\"qtranxs-available-languages-message qtranxs-available-languages-message-en\">Sorry, this entry is only available in <a href=\"https:\/\/www.enerjigazetesi.ist\/tr\/wp-json\/wp\/v2\/posts\/20854\" class=\"qtranxs-available-language-link qtranxs-available-language-link-tr\" title=\"Turkish\">Turkish<\/a>. For the sake of viewer convenience, the content is shown below in the alternative language. You may click the link to switch the active language.<\/p><p><strong>Enerji kaynaklar\u0131n\u0131n verimli kullan\u0131lmas\u0131 konusunda bilincin yayg\u0131nla\u015fmas\u0131 amac\u0131yla her y\u0131l Ocak ay\u0131n\u0131n 2. haftas\u0131nda kutlanan Enerji Tasarrufu Haftas\u0131\u2019nda, T\u00fcrkiye\u2019nin \u00e7at\u0131lar\u0131 s\u0131n\u0131fta kald\u0131. \u00c7at\u0131 Sanayici ve \u0130\u015f Adamlar\u0131 Derne\u011fi\u2019nin (\u00c7ATIDER) yapt\u0131\u011f\u0131 ara\u015ft\u0131rmaya g\u00f6re; ge\u00e7ti\u011fimiz 10 y\u0131lda yal\u0131t\u0131ms\u0131z ve hatal\u0131 \u00e7at\u0131lar\u0131n \u00fclke ekonomisine verdi\u011fi zarar 23 milyar TL\u2019nin \u00fczerinde. <\/strong><\/p>\n<p><strong>Sadece 2012 y\u0131l\u0131nda yakla\u015f\u0131k 4 milyar TL sorunlu ve g\u00fcn\u00fcm\u00fcz gereksinimlerini kar\u015f\u0131lamayan \u00e7at\u0131lar y\u00fcz\u00fcnden havaya gitti. \u00c7at\u0131larla ilgili bu israf\u0131n ba\u015fl\u0131ca nedenleri ise konut ve i\u015fyeri \u00e7at\u0131lar\u0131ndaki yal\u0131t\u0131m eksikli\u011fi, mevcut yal\u0131t\u0131mlar\u0131n korunamam\u0131\u015f olmas\u0131, \u00e7at\u0131 kaplama sistemlerindeki eksik ve yanl\u0131\u015f uygulamalar ola<a href=\"https:\/\/www.enerjigazetesi.ist\/wp-content\/uploads\/2014\/01\/yalitimi-olmayan-catilar-yakit-ve-elektrik-faturasinda-yuzde-30-artis-sagliyor1.jpg\"><img loading=\"lazy\" class=\"alignright size-full wp-image-20856\" title=\"yalitimi-olmayan-catilar-yakit-ve-elektrik-faturasinda-yuzde-30-artis-sagliyor\" src=\"https:\/\/www.enerjigazetesi.ist\/wp-content\/uploads\/2014\/01\/yalitimi-olmayan-catilar-yakit-ve-elektrik-faturasinda-yuzde-30-artis-sagliyor1.jpg\" alt=\"\" width=\"269\" height=\"168\" srcset=\"https:\/\/www.enerjigazetesi.ist\/wp-content\/uploads\/2014\/01\/yalitimi-olmayan-catilar-yakit-ve-elektrik-faturasinda-yuzde-30-artis-sagliyor1.jpg 269w, https:\/\/www.enerjigazetesi.ist\/wp-content\/uploads\/2014\/01\/yalitimi-olmayan-catilar-yakit-ve-elektrik-faturasinda-yuzde-30-artis-sagliyor1-80x50.jpg 80w\" sizes=\"(max-width: 269px) 100vw, 269px\" \/><\/a>rak \u00f6ne \u00e7\u0131k\u0131yor.<\/strong><\/p>\n<h2>Yal\u0131t\u0131ml\u0131 \u00e7at\u0131lar yak\u0131t ve elektrik faturalar\u0131nda y\u00fczde 30\u2032a varan tasarruf sa\u011fl\u0131yor<\/h2>\n<p>T\u00fcrkiye\u2019deki 9 milyon binan\u0131n 8 milyonunda \u00e7at\u0131 yal\u0131t\u0131m\u0131 olmad\u0131\u011f\u0131na dikkat \u00e7eken \u00c7ATIDER Y\u00f6netim Kurulu Ba\u015fkan\u0131 M. Naz\u0131m Yavuz, yal\u0131t\u0131ms\u0131z ve hatal\u0131 \u00e7at\u0131lar nedeniyle 10 y\u0131lda 23 milyar TL\u2019nin havaya gitti\u011fini a\u00e7\u0131klad\u0131. Binalar\u0131n en \u00e7ok \u00e7at\u0131lardan enerji kaybetti\u011fini belirten Yavuz, yal\u0131t\u0131m\u0131 olmayan \u00e7at\u0131lar\u0131n, binalar\u0131n kat adetlerine ba\u011fl\u0131 olarak en az ortalama y\u00fczde 20 ila y\u00fczde 30 aral\u0131\u011f\u0131nda enerji israf\u0131na neden oldu\u011funu s\u00f6yledi. Yavuz, bu durumun k\u0131\u015f aylar\u0131nda yak\u0131t ve yaz aylar\u0131nda so\u011futma amac\u0131yla harcan\u0131lan elektrik enerjisinden kaynaklanan elektrik faturalar\u0131n\u0131n gereksiz yere artmas\u0131 anlam\u0131na geldi\u011fini ifade etti.<\/p>\n<h2>Tasarruflu \u00e7at\u0131lar i\u00e7in do\u011fru malzeme ve do\u011fru i\u015f\u00e7ilik \u015fart<\/h2>\n<p>\u00c7at\u0131lar\u0131n do\u011fru detay ve do\u011fru malzeme ile sistemine uygun projelendirilmesi ve uzman ki\u015filer taraf\u0131ndan yapt\u0131r\u0131lmas\u0131 gerekti\u011fine dikkat \u00e7eken \u00c7ATIDER Ba\u015fkan\u0131 M. Naz\u0131m Yavuz, \u201cDo\u011fru malzeme ve i\u015f\u00e7ilik olmadan sorunsuz ve dolay\u0131s\u0131yla masrafs\u0131z bir \u00e7at\u0131 hayal etmek m\u00fcmk\u00fcn de\u011fil. Uygun fiyatl\u0131 oldu\u011fu d\u00fc\u015f\u00fcncesiyle \u00e7at\u0131larda merdivenalt\u0131 \u00fcr\u00fcnlerle yap\u0131lan uygulamalar\u0131n yarardan \u00e7ok zarara neden oldu\u011funu unutmamak gerekiyor. Merdivenalt\u0131 \u00fcr\u00fcnlerden ka\u00e7\u0131n\u0131p, sertifikal\u0131, CE Belgeli \u00fcr\u00fcnler tercih edilmeli ve tabi bu \u00fcr\u00fcnleri i\u015finin ehli, sertifikal\u0131 bir ustaya teslim etmeli. B\u00f6ylece paran\u0131z \u00e7\u00f6pe gitmez ve \u00e7at\u0131n\u0131z\u0131n \u00f6mr\u00fc binan\u0131z\u0131n \u00f6mr\u00fc kadar uzun olur.\u201d \u015feklinde konu\u015ftu.<\/p>\n<h2>\u00c7at\u0131n\u0131z\u0131n bak\u0131m\u0131n\u0131 ihmal etmeyin<\/h2>\n<p>\u00c7at\u0131lardaki israf\u0131n bir di\u011fer nedeninin de \u00e7at\u0131 bak\u0131mlar\u0131n\u0131n ihmal edilmesi oldu\u011funu s\u00f6yleyen \u00c7ATIDER Ba\u015fkan\u0131 Yavuz, \u201c\u00c7at\u0131lar\u0131 y\u0131lda bir kere kontrol ettirmekte fayda var. B\u00f6ylece \u00e7at\u0131larda olu\u015fabilecek olas\u0131 su hasarlar\u0131 ve di\u011fer fiziksel tahribatlar \u00f6nceden tespit edilerek gerekli \u00f6nlemler al\u0131n\u0131r ve bu hasarlar\u0131n neden olabilece\u011fi daha b\u00fcy\u00fck sorunlar \u00f6nlenmi\u015f olur.\u201d dedi.<\/p>\n<p>Kaynak: <a href=\"http:\/\/www.haberler.com\/yalitimsiz-catilar-enerjimizin-yuzde-30-unu-5539493-haberi\/\" target=\"_blank\">Haberler<\/a><\/p>","protected":false},"excerpt":{"rendered":"<p>Sorry, this entry is only available in Turkish. For the sake of viewer convenience, the content is shown below in the alternative language. You may click the link to switch the active language.Enerji kaynaklar\u0131n\u0131n verimli kullan\u0131lmas\u0131 konusunda bilincin yayg\u0131nla\u015fmas\u0131 amac\u0131yla her y\u0131l Ocak ay\u0131n\u0131n 2. haftas\u0131nda kutlanan Enerji Tasarrufu Haftas\u0131\u2019nda, T\u00fcrkiye\u2019nin \u00e7at\u0131lar\u0131 s\u0131n\u0131fta kald\u0131. \u00c7at\u0131 [&hellip;]<\/p>\n","protected":false},"author":1,"featured_media":20856,"comment_status":"open","ping_status":"open","sticky":false,"template":"","format":"standard","meta":[],"categories":[53,52],"tags":[5692,5691,5693,63,67,1009,165,103,12,12074,7498],"views":800,"_links":{"self":[{"href":"https:\/\/www.enerjigazetesi.ist\/en\/wp-json\/wp\/v2\/posts\/20854"}],"collection":[{"href":"https:\/\/www.enerjigazetesi.ist\/en\/wp-json\/wp\/v2\/posts"}],"about":[{"href":"https:\/\/www.enerjigazetesi.ist\/en\/wp-json\/wp\/v2\/types\/post"}],"author":[{"embeddable":true,"href":"https:\/\/www.enerjigazetesi.ist\/en\/wp-json\/wp\/v2\/users\/1"}],"replies":[{"embeddable":true,"href":"https:\/\/www.enerjigazetesi.ist\/en\/wp-json\/wp\/v2\/comments?post=20854"}],"version-history":[{"count":12,"href":"https:\/\/www.enerjigazetesi.ist\/en\/wp-json\/wp\/v2\/posts\/20854\/revisions"}],"predecessor-version":[{"id":20880,"href":"https:\/\/www.enerjigazetesi.ist\/en\/wp-json\/wp\/v2\/posts\/20854\/revisions\/20880"}],"wp:featuredmedia":[{"embeddable":true,"href":"https:\/\/www.enerjigazetesi.ist\/en\/wp-json\/wp\/v2\/media\/20856"}],"wp:attachment":[{"href":"https:\/\/www.enerjigazetesi.ist\/en\/wp-json\/wp\/v2\/media?parent=20854"}],"wp:term":[{"taxonomy":"category","embeddable":true,"href":"https:\/\/www.enerjigazetesi.ist\/en\/wp-json\/wp\/v2\/categories?post=20854"},{"taxonomy":"post_tag","embeddable":true,"href":"https:\/\/www.enerjigazetesi.ist\/en\/wp-json\/wp\/v2\/tags?post=20854"}],"curies":[{"name":"wp","href":"https:\/\/api.w.org\/{rel}","templated":true}]}}