{"id":20766,"date":"2014-01-12T17:05:02","date_gmt":"2014-01-12T14:05:02","guid":{"rendered":"https:\/\/www.enerjigazetesi.ist\/?p=20766"},"modified":"2014-01-12T17:06:57","modified_gmt":"2014-01-12T14:06:57","slug":"enerji-tasarrufu-yatirimina-besinci-bolge-tesviki","status":"publish","type":"post","link":"https:\/\/www.enerjigazetesi.ist\/en\/enerji-tasarrufu-yatirimina-besinci-bolge-tesviki\/","title":{"rendered":"(Turkish) Enerji Tasarrufu Yat\u0131r\u0131m\u0131na Be\u015finci B\u00f6lge Te\u015fviki&#8230;"},"content":{"rendered":"<p class=\"qtranxs-available-languages-message qtranxs-available-languages-message-en\">Sorry, this entry is only available in <a href=\"https:\/\/www.enerjigazetesi.ist\/tr\/wp-json\/wp\/v2\/posts\/20766\" class=\"qtranxs-available-language-link qtranxs-available-language-link-tr\" title=\"Turkish\">Turkish<\/a>. For the sake of viewer convenience, the content is shown below in the alternative language. You may click the link to switch the active language.<\/p><p><strong>Enerji ve Tabii Kaynaklar Bakan\u0131 Taner Y\u0131ld\u0131z, hangi b\u00f6lgede olursa olsun e\u011fer enerji verimlili\u011fi ve tasarrufunun 5. B\u00f6lge te\u015fviklerinden yararlanaca\u011f\u0131n\u0131 kaydetti. Bakan Y\u0131ld\u0131z, 33. Enerji Verimlili\u011fi Haftas\u0131 kapsam\u0131nda d\u00fczenlenen 5. Enerji Verimlili\u011fi Forumu ve Fuar\u0131`n\u0131n kapan\u0131\u015f t\u00f6reninde yapt\u0131\u011f\u0131 konu\u015fmada, enerji tasarrufunun bir k\u00fclt\u00fcr oldu\u011funu ve bunun bir \u00e7ok \u00fcr\u00fcn\u00fc ve sekt\u00f6r\u00fc ilgilendirdi\u011fini s\u00f6yledi.<\/strong><\/p>\n<p>Bu kapsamda yaln\u0131zca kanunun \u00e7\u0131kar\u0131lmas\u0131n\u0131n, mevzuatlar\u0131n d\u00fczenlenmesinin ve mevzuatlar\u0131n d\u00fczenlenmesi talebinin yeterli olmad\u0131\u011f\u0131n\u0131 vurgulayan Y\u0131ld\u0131z, &#8220;Bu y\u00fczden bunun bir k\u00fclt\u00fcr olarak yerle\u015fmesi gerekiyor. Gelirlerinizin \u00e7ok olmas\u0131 asl\u0131nda giderlerinizi azaltmayaca\u011f\u0131n\u0131z anlam\u0131na gelmiyor. Bir yandan daha \u00e7ok gelirimiz olsun bir yandan da daha \u00e7ok giderlerimizi azaltm\u0131\u015f olal\u0131m. Bu ailelerde, \u015firketlerde ve \u00fclkelerde de b\u00f6yle&#8221; diye konu\u015ftu.<\/p>\n<p><strong>\u201c\u00dcRET\u0130MDE ENERJ\u0130 T\u00dcKET\u0130M\u0130 AZALTILMALI\u201d<a href=\"https:\/\/www.enerjigazetesi.ist\/wp-content\/uploads\/2014\/01\/enerji-tasarrufu-yatirimina-besinci-bolge-tesviki.jpg\"><img loading=\"lazy\" class=\"alignright size-medium wp-image-20767\" title=\"enerji-tasarrufu-yatirimina-besinci-bolge-tesviki\" src=\"https:\/\/www.enerjigazetesi.ist\/wp-content\/uploads\/2014\/01\/enerji-tasarrufu-yatirimina-besinci-bolge-tesviki-300x208.jpg\" alt=\"\" width=\"300\" height=\"208\" srcset=\"https:\/\/www.enerjigazetesi.ist\/wp-content\/uploads\/2014\/01\/enerji-tasarrufu-yatirimina-besinci-bolge-tesviki-300x208.jpg 300w, https:\/\/www.enerjigazetesi.ist\/wp-content\/uploads\/2014\/01\/enerji-tasarrufu-yatirimina-besinci-bolge-tesviki-71x50.jpg 71w, https:\/\/www.enerjigazetesi.ist\/wp-content\/uploads\/2014\/01\/enerji-tasarrufu-yatirimina-besinci-bolge-tesviki.jpg 400w\" sizes=\"(max-width: 300px) 100vw, 300px\" \/><\/a><\/strong><\/p>\n<p>\u00dcretilen \u00fcr\u00fcnlerde enerji t\u00fcketiminin azalt\u0131lmas\u0131 gerekti\u011fini vurgulayan Bakan Y\u0131ld\u0131z, \u015f\u00f6yle devam etti:<\/p>\n<p>&#8220;Japonya her bin dolarl\u0131k Gayri Safi Yurti\u00e7i Has\u0131la (GSYH) olu\u015fturmak i\u00e7in harcad\u0131\u011f\u0131 miktar 110 dolarlar civar\u0131ndayken, hatta 80 dolarlara inen bir k\u0131s\u0131m \u00fcr\u00fcnleri de var \u015fuanda, biz 250-270 dolar civar\u0131nda bir kilogram e\u015f de\u011fer petrol harcamak durumunda kal\u0131yoruz. O y\u00fczden hem \u00fcr\u00fcnlerimizi u\u00e7 \u00fcr\u00fcnler haline getirece\u011fiz daha da pahal\u0131la\u015ft\u0131raca\u011f\u0131z ama ayn\u0131 zamanda bunlar\u0131n her birim ba\u015f\u0131na harcad\u0131\u011f\u0131m\u0131z enerji kalemlerini d\u00fc\u015f\u00fcrece\u011fiz.<br \/>\nBu y\u00fczden terazinin bir kesesine alt\u0131n, di\u011fer kesesine de teknolojik \u00fcr\u00fcn koydu\u011funuzda alt\u0131n\u0131n 4,5 kat\u0131na daha fazla sat\u0131lan \u00fcr\u00fcnlerin oldu\u011funu g\u00f6r\u00fcyoruz bu t\u00fcr \u00fclkelerde. T\u00fcrkiye mademki yaln\u0131zca ekonomisi, idaresi, siyasetiyle de\u011fil ayn\u0131 zamanda beyniyle, zihniyle, kalbiyle beraber b\u00fcy\u00fcyor ve obez bir b\u00fcy\u00fcme sa\u011flam\u0131yor bunlar\u0131n her birini ayn\u0131 zamanda geli\u015ftiriyor olmam\u0131z laz\u0131m.&#8221;<\/p>\n<p><strong>\u201cEKONOM\u0130 BAKANLI\u011eI TE\u015eV\u0130K UYGULAMALARI YAPACAK\u201d<\/strong><\/p>\n<p>Sanayi Bakanl\u0131\u011f\u0131`n\u0131n ve Ekonomi Bakanl\u0131\u011f\u0131`n\u0131n bu kapsamda faydal\u0131 \u00e7al\u0131\u015fmalar yapt\u0131\u011f\u0131n\u0131 anlatan Y\u0131ld\u0131z, \u015funlar\u0131 kaydetti:<br \/>\n&#8220;Ekonomi Bakanl\u0131\u011f\u0131`m\u0131z\u0131n te\u015fvik uygulamalarla alakal\u0131 farkl\u0131 \u00e7\u0131k\u0131\u015flar\u0131 olacak. Biliyorsunuz hangi b\u00f6lgede olursa olsun e\u011fer enerji verimlili\u011fi ve tasarrufuyla alakal\u0131 herhangi bir geli\u015fim s\u00f6z konusuysa o tesiste hangi sekt\u00f6re ait olursa olsun orada o enerji verimlili\u011fi ve tasarrufuna kar\u015f\u0131l\u0131k gelecek olan miktar 5. B\u00f6lge te\u015fviklerinden yararlanacak. Bu son derece \u00f6nemli. Enerji verimlili\u011fi ve tasarrufuna yapaca\u011f\u0131n\u0131z harcamalar size kendi bulundu\u011funuz i\u015fletmeden daha h\u0131zl\u0131 d\u00f6necek harcamalard\u0131r. Buna \u00e7ok fazla dikkat etmemiz laz\u0131m.<\/p>\n<p>Bir evde bir cam\u0131 de\u011fi\u015ftirmek i\u00e7in y\u00fczde 5 daha fazla masraf yap\u0131yorsunuz ancak y\u00fczde 50`lere varan tasarruf sa\u011fl\u0131yorsunuz. Bunun yapmaz m\u0131s\u0131n\u0131z? Rahatl\u0131kla yapars\u0131n\u0131z. Bu y\u00fczden sanayi uygulamalar\u0131ndan tutun ki evlerimize var\u0131ncaya kadar in\u015fallah bunlar\u0131 ger\u00e7ekle\u015ftirece\u011fiz.&#8221;<\/p>\n<p><strong>DERECEYE G\u0130REN F\u0130RMALARA \u00d6D\u00dcL VER\u0130LD\u0130<\/strong><br \/>\nBakan Y\u0131ld\u0131z, konu\u015fmas\u0131n\u0131n ard\u0131ndan Sanayide Enerji Verimlili\u011fi Proje Yar\u0131\u015fmas\u0131`nda (SENVER) dereceye giren Y\u0131ld\u0131z Entegre A\u011fa\u00e7 Sanayi, Bosch Termoteknik, Trakya Yeni\u015fehir Cam Sanayi, AKG Gazbeton \u0130\u015fletmeleri Sanayi, BTM Bit\u00fcml\u00fc Tecrit Maddeleri Sanayi, Ere\u011fli Demir ve \u00c7elik Fabrikalar\u0131, \u0130skenderun Demir ve \u00c7elik Fabrikalar\u0131, Sarten Ambalaj Sanayi ve T\u00fcrkiye Petrol Rafinerileri A.\u015e.`nin (T\u00dcPRA\u015e) yetkililerine \u00f6d\u00fcllerini takdim etti.<\/p>\n<p>Kaynak: <a href=\"http:\/\/enerjigunlugu.net\/enerji-tasarrufu-yatirimina-besinci-bolge-tesviki_6531.html\" target=\"_blank\">Enerji G\u00fcnl\u00fc\u011f\u00fc<\/a><\/p>","protected":false},"excerpt":{"rendered":"<p>Sorry, this entry is only available in Turkish. For the sake of viewer convenience, the content is shown below in the alternative language. You may click the link to switch the active language.Enerji ve Tabii Kaynaklar Bakan\u0131 Taner Y\u0131ld\u0131z, hangi b\u00f6lgede olursa olsun e\u011fer enerji verimlili\u011fi ve tasarrufunun 5. B\u00f6lge te\u015fviklerinden yararlanaca\u011f\u0131n\u0131 kaydetti. Bakan Y\u0131ld\u0131z, [&hellip;]<\/p>\n","protected":false},"author":1,"featured_media":20767,"comment_status":"open","ping_status":"open","sticky":false,"template":"","format":"standard","meta":[],"categories":[53,52],"tags":[12045,12044,710,63,67,1009,165,103,4166,12,8954,667,793],"views":898,"_links":{"self":[{"href":"https:\/\/www.enerjigazetesi.ist\/en\/wp-json\/wp\/v2\/posts\/20766"}],"collection":[{"href":"https:\/\/www.enerjigazetesi.ist\/en\/wp-json\/wp\/v2\/posts"}],"about":[{"href":"https:\/\/www.enerjigazetesi.ist\/en\/wp-json\/wp\/v2\/types\/post"}],"author":[{"embeddable":true,"href":"https:\/\/www.enerjigazetesi.ist\/en\/wp-json\/wp\/v2\/users\/1"}],"replies":[{"embeddable":true,"href":"https:\/\/www.enerjigazetesi.ist\/en\/wp-json\/wp\/v2\/comments?post=20766"}],"version-history":[{"count":3,"href":"https:\/\/www.enerjigazetesi.ist\/en\/wp-json\/wp\/v2\/posts\/20766\/revisions"}],"predecessor-version":[{"id":20769,"href":"https:\/\/www.enerjigazetesi.ist\/en\/wp-json\/wp\/v2\/posts\/20766\/revisions\/20769"}],"wp:featuredmedia":[{"embeddable":true,"href":"https:\/\/www.enerjigazetesi.ist\/en\/wp-json\/wp\/v2\/media\/20767"}],"wp:attachment":[{"href":"https:\/\/www.enerjigazetesi.ist\/en\/wp-json\/wp\/v2\/media?parent=20766"}],"wp:term":[{"taxonomy":"category","embeddable":true,"href":"https:\/\/www.enerjigazetesi.ist\/en\/wp-json\/wp\/v2\/categories?post=20766"},{"taxonomy":"post_tag","embeddable":true,"href":"https:\/\/www.enerjigazetesi.ist\/en\/wp-json\/wp\/v2\/tags?post=20766"}],"curies":[{"name":"wp","href":"https:\/\/api.w.org\/{rel}","templated":true}]}}