{"id":20748,"date":"2014-01-12T15:28:46","date_gmt":"2014-01-12T12:28:46","guid":{"rendered":"https:\/\/www.enerjigazetesi.ist\/?p=20748"},"modified":"2014-01-12T15:29:04","modified_gmt":"2014-01-12T12:29:04","slug":"alman-bakan-pahali-yenilenebilir-enerji-sanayiye-tehdit","status":"publish","type":"post","link":"https:\/\/www.enerjigazetesi.ist\/en\/alman-bakan-pahali-yenilenebilir-enerji-sanayiye-tehdit\/","title":{"rendered":"(Turkish) Alman Bakan: Pahal\u0131 Yenilenebilir Enerji Sanayiye Tehdit&#8230;"},"content":{"rendered":"<p class=\"qtranxs-available-languages-message qtranxs-available-languages-message-en\">Sorry, this entry is only available in <a href=\"https:\/\/www.enerjigazetesi.ist\/tr\/wp-json\/wp\/v2\/posts\/20748\" class=\"qtranxs-available-language-link qtranxs-available-language-link-tr\" title=\"Turkish\">Turkish<\/a>. For the sake of viewer convenience, the content is shown below in the alternative language. You may click the link to switch the active language.<\/p><p><strong>Almanya Ekonomi Bakan\u0131, d\u00fc\u015f\u00fck karbon sal\u0131ml\u0131 yak\u0131tlara ge\u00e7i\u015f konusunda kararl\u0131\u00a0 olduklar\u0131n\u0131 s\u00f6ylemekle birlikte b\u00fcy\u00fck sanayi kurulu\u015flar\u0131n\u0131, yenilenebilir enerjinin getirdi\u011fi maliyetlerden korumamalar\u0131 halinde kaybedilebileceklerini\u00a0 s\u00f6yledi.<\/strong><\/p>\n<p>Avrupa Komisyonu Aral\u0131k ay\u0131nda, Almanya&#8217;n\u0131n a\u011f\u0131r sanayi kurulu\u015flar\u0131na\u00a0 yenilenebilir enerji i\u00e7in getirilen ek vergilerde sa\u011flad\u0131\u011f\u0131 indirim ve\u00a0 s\u00fcbvansiyonlar\u0131 incelemeye alaca\u011f\u0131n\u0131 a\u00e7\u0131klam\u0131\u015ft\u0131.<\/p>\n<p>Bu da, zaten rekabet g\u00fcc\u00fcn\u00fc korumakta zorlanan sanayiciler aras\u0131nda,\u00a0 maliyetlerin artaca\u011f\u0131 endi\u015fesi yaratt\u0131. Soru\u015fturma ayn\u0131 zamanda, Almanya&#8217;n\u0131n\u00a0 yenilenebilir enerjiye ge\u00e7i\u015finin tehlikede oldu\u011funu s\u00f6yleyen \u00e7evrecileri de\u00a0 endi\u015felendirdi.<a href=\"https:\/\/www.enerjigazetesi.ist\/wp-content\/uploads\/2014\/01\/alman-bakan-pahali-yenilenebilir-enerji-sanayiye-tehdit.jpg\"><img loading=\"lazy\" class=\"alignright size-medium wp-image-20749\" title=\"alman-bakan-pahali-yenilenebilir-enerji-sanayiye-tehdit\" src=\"https:\/\/www.enerjigazetesi.ist\/wp-content\/uploads\/2014\/01\/alman-bakan-pahali-yenilenebilir-enerji-sanayiye-tehdit-300x218.jpg\" alt=\"\" width=\"300\" height=\"218\" srcset=\"https:\/\/www.enerjigazetesi.ist\/wp-content\/uploads\/2014\/01\/alman-bakan-pahali-yenilenebilir-enerji-sanayiye-tehdit-300x218.jpg 300w, https:\/\/www.enerjigazetesi.ist\/wp-content\/uploads\/2014\/01\/alman-bakan-pahali-yenilenebilir-enerji-sanayiye-tehdit-68x50.jpg 68w, https:\/\/www.enerjigazetesi.ist\/wp-content\/uploads\/2014\/01\/alman-bakan-pahali-yenilenebilir-enerji-sanayiye-tehdit.jpg 343w\" sizes=\"(max-width: 300px) 100vw, 300px\" \/><\/a><\/p>\n<p>Komisyon yetkilileriyle g\u00f6r\u00fc\u015fmek i\u00e7in Br\u00fcksel&#8217;i ziyaret eden Sosyal Demokrat\u00a0 Ekonomi Bakan\u0131 Sigmar Gabriel, &#8216;Almanya&#8217;da enerji-yo\u011fun sanayinin \u00fczerine\u00a0 yenilenebilir enerji kanunu sebebiyle y\u00fck binmemesini sa\u011flamal\u0131y\u0131z. Aksi\u00a0 takdirde Almanya&#8217;y\u0131 sanayiden ar\u0131nd\u0131rm\u0131\u015f oluruz. Avrupa&#8217;n\u0131n Alman sanayisine\u00a0 zarar vermekten bir \u00e7\u0131kar\u0131 olamaz&#8217; dedi.<\/p>\n<p>Avrupa Komisyonu, yo\u011fun bir \u015fekilde enerji kullanan sanayicilere tan\u0131nan\u00a0 vergi imtiyazlar\u0131n\u0131, bu vergileri \u00f6demek zorunda olanlar a\u00e7\u0131s\u0131ndan haks\u0131zl\u0131\u011fa\u00a0 yol a\u00e7t\u0131\u011f\u0131 gerek\u00e7esiyle soru\u015fturuyor.<\/p>\n<p>Br\u00fcksel&#8217;deki yetkililer ayn\u0131 zamanda enerji ve \u00e7evre politikalar\u0131na dair\u00a0 daha geni\u015f bir tart\u0131\u015fma ba\u015flatm\u0131\u015f durumda ve bu ay, 2020 i\u00e7in ye\u015fil enerji\u00a0 hedeflerinin yerine ge\u00e7ecek 2030 hedeflerine ili\u015fkin bir rapor yay\u0131mlamalar\u0131\u00a0 bekleniyor.<\/p>\n<p>Avrupa Birli\u011fi&#8217;nin 2020 i\u00e7in bir yenilenebilir enerji ve bir de emisyon\u00a0 azaltma hedefi bulunuyor. Ancak \u0130ngiltere gibi baz\u0131 \u00fclkelerle Alman E.ON gibi\u00a0 baz\u0131 enerji firmalar\u0131, tek bir hedef belirlemenin daha etkili olaca\u011f\u0131n\u0131\u00a0 s\u00f6yl\u00fcyor.<\/p>\n<p>\u0130ngiltere, karbondan ar\u0131nm\u0131\u015f n\u00fckleer enerji \u00fcretimini desteklemek i\u00e7in\u00a0 nispeten y\u00fcksek bir emisyon azalt\u0131m hedefine destek veriyor.<\/p>\n<p>Almanya ise n\u00fckleer enerjiden r\u00fczgar ve g\u00fcne\u015f gibi yenilenebilir enerji\u00a0 kaynaklar\u0131na ge\u00e7i\u015fine destek olmas\u0131 i\u00e7in bir yenilenebilir enerji hedefi\u00a0 konmas\u0131n\u0131 istiyor.<\/p>\n<p>Her ne kadar g\u00fc\u00e7l\u00fc bir karbon piyasas\u0131 bu ge\u00e7i\u015fe yard\u0131mc\u0131 olacak olsa da,\u00a0 Alman sanayiciler bunun maliyetleri art\u0131raca\u011f\u0131n\u0131 d\u00fc\u015f\u00fcnd\u00fc\u011f\u00fc i\u00e7in Berlin y\u00f6netimi\u00a0 ge\u00e7ti\u011fimiz y\u0131lki se\u00e7imlere kadar AB&#8217;nin Emisyon Ticaret Sistemi&#8217;nin (ETS)\u00a0 g\u00fc\u00e7lendirilmesine destek verememi\u015fti.<\/p>\n<p>Gabriel, &#8216;Emisyon ticaretini tekrar ray\u0131na sokmal\u0131y\u0131z. Karbon izinleri ucuz\u00a0 olursa, k\u00f6m\u00fcr santralleri de modern do\u011falgaz santrallerinden daha ucuz olur.\u00a0 Bunu de\u011fi\u015ftirmeliyiz&#8217; dedi.<\/p>\n<p>Kaynak: <a href=\"http:\/\/www.euractiv.com.tr\/enerji\/article\/alman-bakan-pahali-yenilenebilir-enerji-sanayiye-tehdit-028977\" target=\"_blank\">Euractiv<\/a><\/p>\n<p>&nbsp;<\/p>","protected":false},"excerpt":{"rendered":"<p>Sorry, this entry is only available in Turkish. For the sake of viewer convenience, the content is shown below in the alternative language. You may click the link to switch the active language.Almanya Ekonomi Bakan\u0131, d\u00fc\u015f\u00fck karbon sal\u0131ml\u0131 yak\u0131tlara ge\u00e7i\u015f konusunda kararl\u0131\u00a0 olduklar\u0131n\u0131 s\u00f6ylemekle birlikte b\u00fcy\u00fck sanayi kurulu\u015flar\u0131n\u0131, yenilenebilir enerjinin getirdi\u011fi maliyetlerden korumamalar\u0131 halinde kaybedilebileceklerini\u00a0 [&hellip;]<\/p>\n","protected":false},"author":1,"featured_media":20749,"comment_status":"open","ping_status":"open","sticky":false,"template":"","format":"standard","meta":[],"categories":[53,49,50],"tags":[929,12033,63,67,1009,165,105],"views":503,"_links":{"self":[{"href":"https:\/\/www.enerjigazetesi.ist\/en\/wp-json\/wp\/v2\/posts\/20748"}],"collection":[{"href":"https:\/\/www.enerjigazetesi.ist\/en\/wp-json\/wp\/v2\/posts"}],"about":[{"href":"https:\/\/www.enerjigazetesi.ist\/en\/wp-json\/wp\/v2\/types\/post"}],"author":[{"embeddable":true,"href":"https:\/\/www.enerjigazetesi.ist\/en\/wp-json\/wp\/v2\/users\/1"}],"replies":[{"embeddable":true,"href":"https:\/\/www.enerjigazetesi.ist\/en\/wp-json\/wp\/v2\/comments?post=20748"}],"version-history":[{"count":3,"href":"https:\/\/www.enerjigazetesi.ist\/en\/wp-json\/wp\/v2\/posts\/20748\/revisions"}],"predecessor-version":[{"id":20752,"href":"https:\/\/www.enerjigazetesi.ist\/en\/wp-json\/wp\/v2\/posts\/20748\/revisions\/20752"}],"wp:featuredmedia":[{"embeddable":true,"href":"https:\/\/www.enerjigazetesi.ist\/en\/wp-json\/wp\/v2\/media\/20749"}],"wp:attachment":[{"href":"https:\/\/www.enerjigazetesi.ist\/en\/wp-json\/wp\/v2\/media?parent=20748"}],"wp:term":[{"taxonomy":"category","embeddable":true,"href":"https:\/\/www.enerjigazetesi.ist\/en\/wp-json\/wp\/v2\/categories?post=20748"},{"taxonomy":"post_tag","embeddable":true,"href":"https:\/\/www.enerjigazetesi.ist\/en\/wp-json\/wp\/v2\/tags?post=20748"}],"curies":[{"name":"wp","href":"https:\/\/api.w.org\/{rel}","templated":true}]}}