{"id":20739,"date":"2014-01-12T15:13:27","date_gmt":"2014-01-12T12:13:27","guid":{"rendered":"https:\/\/www.enerjigazetesi.ist\/?p=20739"},"modified":"2014-01-12T15:13:48","modified_gmt":"2014-01-12T12:13:48","slug":"japonyada-fukusima-kazasinin-benzetimi-yapilacak","status":"publish","type":"post","link":"https:\/\/www.enerjigazetesi.ist\/en\/japonyada-fukusima-kazasinin-benzetimi-yapilacak\/","title":{"rendered":"(Turkish) Japonya\u2019da Fuku\u015fima Kazas\u0131n\u0131n Benzetimi Yap\u0131lacak&#8230;"},"content":{"rendered":"<p class=\"qtranxs-available-languages-message qtranxs-available-languages-message-en\">Sorry, this entry is only available in <a href=\"https:\/\/www.enerjigazetesi.ist\/tr\/wp-json\/wp\/v2\/posts\/20739\" class=\"qtranxs-available-language-link qtranxs-available-language-link-tr\" title=\"Turkish\">Turkish<\/a>. For the sake of viewer convenience, the content is shown below in the alternative language. You may click the link to switch the active language.<\/p><p><strong>Japonya\u2019da, 2011 y\u0131l\u0131nda Fuku\u015fima-1 n\u00fckleer santralinin \u00fc\u00e7 reakt\u00f6r\u00fcnde meydana gelen n\u00fckleer yak\u0131t eri<a href=\"https:\/\/www.enerjigazetesi.ist\/wp-content\/uploads\/2014\/01\/japonyada-fukusima-kazasinin-benzetimi-yapaca.jpg\"><img loading=\"lazy\" class=\"alignright size-medium wp-image-20740\" title=\"japonyada-fukusima-kazasinin-benzetimi-yapaca\" src=\"https:\/\/www.enerjigazetesi.ist\/wp-content\/uploads\/2014\/01\/japonyada-fukusima-kazasinin-benzetimi-yapaca-300x214.jpg\" alt=\"\" width=\"300\" height=\"214\" srcset=\"https:\/\/www.enerjigazetesi.ist\/wp-content\/uploads\/2014\/01\/japonyada-fukusima-kazasinin-benzetimi-yapaca-300x214.jpg 300w, https:\/\/www.enerjigazetesi.ist\/wp-content\/uploads\/2014\/01\/japonyada-fukusima-kazasinin-benzetimi-yapaca-69x50.jpg 69w, https:\/\/www.enerjigazetesi.ist\/wp-content\/uploads\/2014\/01\/japonyada-fukusima-kazasinin-benzetimi-yapaca.jpg 500w\" sizes=\"(max-width: 300px) 100vw, 300px\" \/><\/a>me s\u00fcrecine benzer bir deneyin yap\u0131lmas\u0131 karar\u0131 al\u0131nd\u0131. Operasyonu, Japonya Atom Enerjisi Ara\u015ft\u0131rma ve Geli\u015ftirme \u00d6rg\u00fct\u00fc ger\u00e7ekle\u015ftirecek.<\/strong><\/p>\n<p>Tokyo bas\u0131n\u0131n\u0131n verdi\u011fi habere g\u00f6re deney, teknik ar\u0131za sonucu so\u011futman\u0131n durmas\u0131n\u0131n ard\u0131ndan n\u00fckleer yak\u0131t \u00e7ubuklar\u0131n\u0131n ya\u015fad\u0131\u011f\u0131 s\u00fcre\u00e7le ilgili eksik bilgileri tamamlamak amac\u0131yla yap\u0131l\u0131yor.<\/p>\n<p>Deney i\u00e7in 1,2 metre y\u00fckseklikte \u00e7elik kaps\u00fcl \u00fcretilecek. \u0130\u00e7ine 30 santimetrelik yak\u0131t \u00e7ubu\u011fu yerle\u015ftirilecek. Japonya\u2019n\u0131n Ibaraki ilinde yer alan Tokai Ara\u015ft\u0131rma Merkezi\u2019ndeki \u00f6zel ara\u015ft\u0131rma n\u00fckleer reakt\u00f6r\u00fcn\u00fcn i\u00e7inde bu kaps\u00fcl i\u00e7in Fuku\u015fima-1 kazas\u0131 s\u0131ras\u0131nda ya\u015fanan ko\u015fullar\u0131n neredeyse ayn\u0131s\u0131 olu\u015fturulacak. N\u00fckleer \u00e7ubu\u011fun tahrip olma s\u00fcrecini kameralar ve \u00f6zel ara\u00e7lar kaydedecek. Ard\u0131ndan eriyen yak\u0131t \u00e7\u0131kar\u0131larak titizlikle incelenecek.<\/p>\n<p>Kaynak: <a href=\"http:\/\/enerjienstitusu.com\/2014\/01\/10\/japonyada-fukusima-kazasinin-benzetimi-yapacak\/\" target=\"_blank\">Enerji Enstit\u00fcs\u00fc<\/a><\/p>","protected":false},"excerpt":{"rendered":"<p>Sorry, this entry is only available in Turkish. For the sake of viewer convenience, the content is shown below in the alternative language. You may click the link to switch the active language.Japonya\u2019da, 2011 y\u0131l\u0131nda Fuku\u015fima-1 n\u00fckleer santralinin \u00fc\u00e7 reakt\u00f6r\u00fcnde meydana gelen n\u00fckleer yak\u0131t erime s\u00fcrecine benzer bir deneyin yap\u0131lmas\u0131 karar\u0131 al\u0131nd\u0131. Operasyonu, Japonya Atom [&hellip;]<\/p>\n","protected":false},"author":1,"featured_media":20740,"comment_status":"open","ping_status":"open","sticky":false,"template":"","format":"standard","meta":[],"categories":[53,43],"tags":[63,67,1009,165,12031,12029,1547,71,21,12030],"views":486,"_links":{"self":[{"href":"https:\/\/www.enerjigazetesi.ist\/en\/wp-json\/wp\/v2\/posts\/20739"}],"collection":[{"href":"https:\/\/www.enerjigazetesi.ist\/en\/wp-json\/wp\/v2\/posts"}],"about":[{"href":"https:\/\/www.enerjigazetesi.ist\/en\/wp-json\/wp\/v2\/types\/post"}],"author":[{"embeddable":true,"href":"https:\/\/www.enerjigazetesi.ist\/en\/wp-json\/wp\/v2\/users\/1"}],"replies":[{"embeddable":true,"href":"https:\/\/www.enerjigazetesi.ist\/en\/wp-json\/wp\/v2\/comments?post=20739"}],"version-history":[{"count":3,"href":"https:\/\/www.enerjigazetesi.ist\/en\/wp-json\/wp\/v2\/posts\/20739\/revisions"}],"predecessor-version":[{"id":20743,"href":"https:\/\/www.enerjigazetesi.ist\/en\/wp-json\/wp\/v2\/posts\/20739\/revisions\/20743"}],"wp:featuredmedia":[{"embeddable":true,"href":"https:\/\/www.enerjigazetesi.ist\/en\/wp-json\/wp\/v2\/media\/20740"}],"wp:attachment":[{"href":"https:\/\/www.enerjigazetesi.ist\/en\/wp-json\/wp\/v2\/media?parent=20739"}],"wp:term":[{"taxonomy":"category","embeddable":true,"href":"https:\/\/www.enerjigazetesi.ist\/en\/wp-json\/wp\/v2\/categories?post=20739"},{"taxonomy":"post_tag","embeddable":true,"href":"https:\/\/www.enerjigazetesi.ist\/en\/wp-json\/wp\/v2\/tags?post=20739"}],"curies":[{"name":"wp","href":"https:\/\/api.w.org\/{rel}","templated":true}]}}