{"id":2072,"date":"2012-09-17T09:09:00","date_gmt":"2012-09-17T06:09:00","guid":{"rendered":"https:\/\/www.enerjigazetesi.ist\/?p=2072"},"modified":"2012-09-17T09:09:52","modified_gmt":"2012-09-17T06:09:52","slug":"dunyanin-enerjisi-istanbulda-toplanacak","status":"publish","type":"post","link":"https:\/\/www.enerjigazetesi.ist\/en\/dunyanin-enerjisi-istanbulda-toplanacak\/","title":{"rendered":"(Turkish) D\u00fcnyan\u0131n &#8216;Enerji&#8217;si \u0130stanbul&#8217;da Toplanacak"},"content":{"rendered":"<p class=\"qtranxs-available-languages-message qtranxs-available-languages-message-en\">Sorry, this entry is only available in <a href=\"https:\/\/www.enerjigazetesi.ist\/tr\/wp-json\/wp\/v2\/posts\/2072\" class=\"qtranxs-available-language-link qtranxs-available-language-link-tr\" title=\"Turkish\">Turkish<\/a>. For the sake of viewer convenience, the content is shown below in the alternative language. You may click the link to switch the active language.<\/p><p><strong>Global enerji \u015firketlerinin temsilcileri ve \u00f6nemli bilim adamlar\u0131 17-19 Eyl\u00fcl tarihleri aras\u0131nda \u0130stanbul Uluslararas\u0131 Jeofizik Konferans\u0131&#8217;nda bir araya gelecek.<\/strong><\/p>\n<div id=\"news_content\">\n<p><img loading=\"lazy\" class=\"alignright size-medium wp-image-2073\" title=\"global-enerji-sirketleri-bulusmasi\" src=\"https:\/\/www.enerjigazetesi.ist\/wp-content\/uploads\/2012\/09\/global-enerji-sirketleri-bulusmasi-300x200.jpg\" alt=\"\" width=\"300\" height=\"200\" srcset=\"https:\/\/www.enerjigazetesi.ist\/wp-content\/uploads\/2012\/09\/global-enerji-sirketleri-bulusmasi-300x200.jpg 300w, https:\/\/www.enerjigazetesi.ist\/wp-content\/uploads\/2012\/09\/global-enerji-sirketleri-bulusmasi-75x50.jpg 75w, https:\/\/www.enerjigazetesi.ist\/wp-content\/uploads\/2012\/09\/global-enerji-sirketleri-bulusmasi.jpg 420w\" sizes=\"(max-width: 300px) 100vw, 300px\" \/>Anahtarl\u0131k G\u00f6r\u00fcn\u00fcm\u00fcnde Casus Kamera Global enerji \u015firketlerinin temsilcileri ve \u00f6nemli bilim adamlar\u0131 17-19Eyl\u00fcl tarihleri aras\u0131nda \u0130stanbul Uluslararas\u0131 Jeofizik Konferans\u0131&#8217;nda bir araya gelecek. Yap\u0131lan a\u00e7\u0131klamaya g\u00f6re, \u0130stanbul Uluslararas\u0131 Jeofizik Konferans\u0131 ve Petrol-Gaz Sergisi, T\u00fcrk M\u00fchendis ve Mimar Odalar\u0131 Birli\u011fi (Tmmob) Jeofizik M\u00fchendisleri Odas\u0131 ve Jeofizik\u00e7iler Ara\u015ft\u0131rma Derne\u011fi(SEG) i\u015fbirli\u011finde, T\u00fcrkiye Petrolleri Anonim Ortakl\u0131\u011f\u0131 (Tpao) ana sponsorlu\u011fu ile 17-19 eyl\u00fcl tarihleri aras\u0131nda \u0130stanbul L\u00fctfi K\u0131rdar Kongre ve Sergi Saray\u0131&#8217;nda ger\u00e7ekle\u015ftirilecek.<\/p>\n<p>Yerli ve yabanc\u0131 firmalar\u0131n yer alaca\u011f\u0131 konferans ve sergide, jeofizik,petrolve do\u011fal gaz alan\u0131ndaki son geli\u015fmeler, teknik oturumlar, tart\u0131\u015fmalar ve at\u00f6lye \u00e7al\u0131\u015fmalar\u0131yla ele al\u0131nacak.<\/p>\n<p><strong>-&#8220;T\u00fcrkiye, enerjinin talep merkezi Avrupa ile enerji kayna\u011f\u0131 \u00fclkeler aras\u0131nda bir k\u00f6pr\u00fc&#8221;-<\/strong><\/p>\n<p>A\u00e7\u0131klamada, konuya ili\u015fkin g\u00f6r\u00fc\u015flerine yer verilen Jeofizik M\u00fchendisleri Odas\u0131 Y\u00f6netim Kurulu Ba\u015fkan\u0131 \u015eevket Demirba\u015f, d\u00fcnyan\u0131n \u00f6nemli k\u00f6m\u00fcr, petrol ve do\u011fal gaz kaynaklar\u0131n\u0131n Ortado\u011fu, Kafkaslar, Orta Asya, Kuzey Afrika \u00fclkelerinde bulundu\u011funu ve bu b\u00f6lgelerin merkezi konumunda yer alan T\u00fcrkiye&#8217;nin, enerjinin ana talep merkezi olan Avrupa ile bu \u00fclkeler aras\u0131nda bir k\u00f6pr\u00fc g\u00f6revi g\u00f6rd\u00fc\u011f\u00fcn\u00fc kaydetti.<\/p>\n<p>Ana temas\u0131 fosil yak\u0131tlar olan organizasyona, d\u00fcnyan\u0131n farkl\u0131 \u00fclkelerinden \u00fcst d\u00fczey y\u00f6neticiler, uluslararas\u0131 firmalar ve \u00f6nemli bilim insanlar\u0131n\u0131n kat\u0131laca\u011f\u0131n\u0131 bildiren Demirba\u015f, kongrede, T\u00fcrkiye, ABD, Avrupa, Asya ve Ortado\u011fu \u00fclkelerinden tan\u0131nm\u0131\u015f bilim insanlar\u0131n\u0131n 160&#8217;dan fazla bildiri sunaca\u011f\u0131n\u0131 ifade etti.<\/p>\n<p>Demirba\u015f, de\u011ferlendirmesinde, &#8220;Bu bildirilerde fosil yak\u0131tlar ve jeotermal gibi do\u011fal kaynaklar\u0131n aranmas\u0131nda kullan\u0131lan jeofizik y\u00f6ntemlerde veri toplama, veri i\u015flem ve yorum tekniklerindeki yeni geli\u015fmeler tart\u0131\u015f\u0131lacak ve T\u00fcrkiye&#8217;ye kom\u015fu \u00fclkelerdeki ilgin\u00e7 petrol arama uygulamalar\u0131 anlat\u0131lacak- ifadelerini kulland\u0131.<\/p>\n<p><strong>-\u00d6nemli anla\u015fma ve i\u015fbirlikleri bekleniyor-<\/strong><\/p>\n<p>Kongrenin temel amac\u0131n\u0131n T\u00fcrkiye&#8217;nin \u00e7evresinde fosil yak\u0131tlar \u00fcreten \u00fclkelerdeki ulusal ve uluslararas\u0131 firmalar\u0131 ve jeofizik m\u00fchendislerini bir araya getirmek ve bir \u00e7e\u015fit mihmandarl\u0131k yapmak oldu\u011funu belirten Demirba\u015f, &#8220;B\u00f6ylece, \u00fclkemizin bu sekt\u00f6rde bir ana merkez olmas\u0131n\u0131, \u00f6nemli anla\u015fma ve g\u00f6r\u00fc\u015fmelerin \u00fclkemizde yap\u0131lmas\u0131n\u0131 sa\u011flamay\u0131 ama\u00e7l\u0131yoruz. D\u00fczenlenecek kongre ve sergi ile Karadeniz ve Akdeniz&#8217;e kom\u015fu \u00fclkelerin bilgi ve teknoloji al\u0131\u015fveri\u015finin sa\u011flanmas\u0131, mevcut i\u015fbirli\u011fi ba\u011flar\u0131n\u0131n g\u00fc\u00e7lenmesi ve yeni i\u015fbirli\u011fi imkanlar\u0131n\u0131n ortaya \u00e7\u0131kart\u0131lmas\u0131 i\u00e7in uluslararas\u0131 bir platform olu\u015fturan b\u00f6ylesi bir organizasyon b\u00fcy\u00fck \u00f6nem arz etmektedir&#8221; de\u011ferlendirmesinde bulundu.<\/p>\n<p>\u0130stanbul Uluslararas\u0131 Jeofizik Konferans\u0131 ve Petrol-Gaz Sergisi&#8217;nin a\u00e7\u0131l\u0131\u015f t\u00f6reni 17 Eyl\u00fcl Pazartesi g\u00fcn\u00fc saat 09.00&#8217;da ba\u015flayacak. A\u00e7\u0131l\u0131\u015fta, Kongre Y\u00fcr\u00fctme Kurulu Ba\u015fkan\u0131 Do\u00e7. Dr. M. Emin Candansayar, Jeofizik M\u00fchendisleri Odas\u0131 Y\u00f6netim Ba\u015fkan\u0131 \u015eevket Demirba\u015f, SEG Ba\u015fkan Yard\u0131mc\u0131s\u0131 Bill Abriel, \u0130stanbul IGC 2012 Onursal Ba\u015fkan\u0131 \u00d6z Y\u0131lmaz, Tpao Genel M\u00fcd\u00fcr\u00fc Mehmet Uysal da birer konu\u015fma yapacak ve a\u00e7\u0131l\u0131\u015f\u0131n ard\u0131ndan, saat 11.30&#8217;da, d\u00fcnyan\u0131n \u00f6nde gelen enerji firmalar\u0131n\u0131n stantlar\u0131n\u0131n yer ald\u0131\u011f\u0131 serginin a\u00e7\u0131l\u0131\u015f\u0131 yap\u0131lacak.<\/p>\n<p>Kaynak: <a href=\"http:\/\/www.aksam.com.tr\/dunyanin-enerjisi-istanbulda-toplanacak--139108h.html\" target=\"_blank\">Ak\u015fam<\/a><\/p>\n<\/div>\n<p><\/p>","protected":false},"excerpt":{"rendered":"<p>Sorry, this entry is only available in Turkish. For the sake of viewer convenience, the content is shown below in the alternative language. You may click the link to switch the active language.Global enerji \u015firketlerinin temsilcileri ve \u00f6nemli bilim adamlar\u0131 17-19 Eyl\u00fcl tarihleri aras\u0131nda \u0130stanbul Uluslararas\u0131 Jeofizik Konferans\u0131&#8217;nda bir araya gelecek. Anahtarl\u0131k G\u00f6r\u00fcn\u00fcm\u00fcnde Casus Kamera [&hellip;]<\/p>\n","protected":false},"author":1,"featured_media":2073,"comment_status":"open","ping_status":"open","sticky":false,"template":"","format":"standard","meta":[],"categories":[53],"tags":[67,552,553,551],"views":490,"_links":{"self":[{"href":"https:\/\/www.enerjigazetesi.ist\/en\/wp-json\/wp\/v2\/posts\/2072"}],"collection":[{"href":"https:\/\/www.enerjigazetesi.ist\/en\/wp-json\/wp\/v2\/posts"}],"about":[{"href":"https:\/\/www.enerjigazetesi.ist\/en\/wp-json\/wp\/v2\/types\/post"}],"author":[{"embeddable":true,"href":"https:\/\/www.enerjigazetesi.ist\/en\/wp-json\/wp\/v2\/users\/1"}],"replies":[{"embeddable":true,"href":"https:\/\/www.enerjigazetesi.ist\/en\/wp-json\/wp\/v2\/comments?post=2072"}],"version-history":[{"count":2,"href":"https:\/\/www.enerjigazetesi.ist\/en\/wp-json\/wp\/v2\/posts\/2072\/revisions"}],"predecessor-version":[{"id":2075,"href":"https:\/\/www.enerjigazetesi.ist\/en\/wp-json\/wp\/v2\/posts\/2072\/revisions\/2075"}],"wp:featuredmedia":[{"embeddable":true,"href":"https:\/\/www.enerjigazetesi.ist\/en\/wp-json\/wp\/v2\/media\/2073"}],"wp:attachment":[{"href":"https:\/\/www.enerjigazetesi.ist\/en\/wp-json\/wp\/v2\/media?parent=2072"}],"wp:term":[{"taxonomy":"category","embeddable":true,"href":"https:\/\/www.enerjigazetesi.ist\/en\/wp-json\/wp\/v2\/categories?post=2072"},{"taxonomy":"post_tag","embeddable":true,"href":"https:\/\/www.enerjigazetesi.ist\/en\/wp-json\/wp\/v2\/tags?post=2072"}],"curies":[{"name":"wp","href":"https:\/\/api.w.org\/{rel}","templated":true}]}}