{"id":20705,"date":"2014-01-10T15:20:44","date_gmt":"2014-01-10T12:20:44","guid":{"rendered":"https:\/\/www.enerjigazetesi.ist\/?p=20705"},"modified":"2014-01-10T15:22:59","modified_gmt":"2014-01-10T12:22:59","slug":"kose-yazisi-sorularla-isi-yalitiminin-faydalari","status":"publish","type":"post","link":"https:\/\/www.enerjigazetesi.ist\/en\/kose-yazisi-sorularla-isi-yalitiminin-faydalari\/","title":{"rendered":"(Turkish) K\u00f6\u015fe Yaz\u0131s\u0131: Sorularla Is\u0131 Yal\u0131t\u0131m\u0131n\u0131n Faydalar\u0131&#8230;"},"content":{"rendered":"<p class=\"qtranxs-available-languages-message qtranxs-available-languages-message-en\">Sorry, this entry is only available in <a href=\"https:\/\/www.enerjigazetesi.ist\/tr\/wp-json\/wp\/v2\/posts\/20705\" class=\"qtranxs-available-language-link qtranxs-available-language-link-tr\" title=\"Turkish\">Turkish<\/a>. For the sake of viewer convenience, the content is shown below in the alternative language. You may click the link to switch the active language.<\/p><p><strong>1-Is\u0131 yal\u0131t\u0131m\u0131 nedir?<\/strong><\/p>\n<p>Binalar\u0131m\u0131z k\u0131\u015f\u0131n so\u011fur, yaz\u0131n ise \u0131s\u0131n\u0131r. K\u0131\u015f\u0131n k\u00f6m\u00fcr, do\u011falgaz gibi yak\u0131tlar kullanarak evimizi so\u011fumamas\u0131 i\u00e7in \u0131s\u0131t\u0131r; yaz\u0131n ise \u0131s\u0131nan evimizi klimalarla so\u011futuruz.<\/p>\n<p>Is\u0131 yal\u0131t\u0131m\u0131, k\u0131\u015f\u0131n \u0131s\u0131nmak yaz\u0131n da serinlemek i\u00e7in harcad\u0131\u011f\u0131m\u0131z enerjiyi azaltmak ve daha rahat ortamlarda ya\u015famak amac\u0131yla binalar\u0131n d\u0131\u015f cephe duvarlar\u0131, cam ve do<a href=\"https:\/\/www.enerjigazetesi.ist\/wp-content\/uploads\/2014\/01\/kose-yazisi-sorularla-isi-yalitiminin-faydalari.png\"><img loading=\"lazy\" class=\"alignleft  wp-image-20706\" title=\"kose-yazisi-sorularla-isi-yalitiminin-faydalari\" src=\"https:\/\/www.enerjigazetesi.ist\/wp-content\/uploads\/2014\/01\/kose-yazisi-sorularla-isi-yalitiminin-faydalari.png\" alt=\"\" width=\"269\" height=\"187\" srcset=\"https:\/\/www.enerjigazetesi.ist\/wp-content\/uploads\/2014\/01\/kose-yazisi-sorularla-isi-yalitiminin-faydalari.png 269w, https:\/\/www.enerjigazetesi.ist\/wp-content\/uploads\/2014\/01\/kose-yazisi-sorularla-isi-yalitiminin-faydalari-71x50.png 71w\" sizes=\"(max-width: 269px) 100vw, 269px\" \/><\/a>\u011framalar\u0131, \u00e7at\u0131lar\u0131, d\u00f6\u015femeleri ve tesisatlar\u0131nda, \u0131s\u0131 ge\u00e7i\u015fini azaltan \u00f6nlemler almakt\u0131r.<\/p>\n<p><strong>2- Is\u0131 yal\u0131t\u0131m\u0131n\u0131n faydalar\u0131 nelerdir?<\/strong><\/p>\n<p>Y\u00f6netmeliklere uygun yap\u0131lacak \u0131s\u0131 yal\u0131t\u0131m\u0131, \u0131s\u0131nma veya serinleme amac\u0131yla yapt\u0131\u011f\u0131m\u0131z harcamalardan ortalama % 50-60 tasarruf ederek yaz\u0131n serin kalmaya k\u0131\u015f\u0131n daha iyi \u0131s\u0131nmaya imkan sa\u011flar. Dengeli oda s\u0131cakl\u0131klar\u0131 yaratarak konforlu ve sa\u011fl\u0131kl\u0131 mekanlar olu\u015fturur. Evlerde k\u00fcflenme, siyah leke ve mantar olu\u015fmas\u0131na neden olan yo\u011fu\u015fmay\u0131 \u00f6nler. Is\u0131 yal\u0131t\u0131m\u0131yla ayr\u0131ca yak\u0131t t\u00fcketimi ve dolay\u0131s\u0131yla at\u0131k gazlar azalt\u0131larak \u00e7evrenin korunmas\u0131na katk\u0131da bulunulur.<\/p>\n<p><strong>3- Is\u0131 yal\u0131t\u0131m\u0131 binan\u0131n nerelerine yap\u0131l\u0131r?<\/strong><\/p>\n<p>Is\u0131 yal\u0131t\u0131m\u0131<\/p>\n<p>&#8211; Binalar\u0131n \u00e7at\u0131 ve duvarlar\u0131na<\/p>\n<p>&#8211; Toprak temasl\u0131 mahallere<\/p>\n<p>&#8211; Katlar\u0131 ay\u0131ran d\u00f6\u015femelere<\/p>\n<p>&#8211; Tesisat borular\u0131 ve havaland\u0131rma kanallar\u0131na<\/p>\n<p>&#8211; Garaj, depo gibi \u0131s\u0131t\u0131lmayan b\u00f6l\u00fcmlere bakan duvarlara yap\u0131l\u0131r.<\/p>\n<p>Ayr\u0131ca \u00f6zel kaplamal\u0131 yal\u0131t\u0131m cam\u0131 \u00fcniteleri ve yal\u0131t\u0131ml\u0131 do\u011framalar kullan\u0131larak k\u0131\u015f\u0131n pencerelerden olu\u015fan \u0131s\u0131 kay\u0131plar\u0131 azalt\u0131l\u0131r, yaz\u0131n binaya g\u00fcne\u015f \u0131s\u0131s\u0131 giri\u015fi s\u0131n\u0131rlan\u0131r.<\/p>\n<p><strong>4- Is\u0131 yal\u0131t\u0131m\u0131 nas\u0131l yap\u0131l\u0131r?<\/strong><\/p>\n<p>Is\u0131 yal\u0131t\u0131m\u0131 evlerimizin \u00e7at\u0131, d\u00f6\u015feme ve d\u0131\u015fa bakan t\u00fcm duvarlar\u0131na \u0131s\u0131 ge\u00e7irmeyen malzeme uygulanmas\u0131yla yap\u0131l\u0131r. Pencerelerde de \u00f6zel kaplamal\u0131 yal\u0131t\u0131m cam\u0131 \u00fcniteleri ve yal\u0131t\u0131ml\u0131 do\u011framalar kullan\u0131lmal\u0131d\u0131r. Is\u0131 yal\u0131t\u0131m\u0131 binalar\u0131n i\u00e7inden veya d\u0131\u015f\u0131ndan uygulanabilir. Is\u0131 yal\u0131t\u0131m\u0131n\u0131n \u00f6nemli bir unsuru da tesisatlar\u0131n yal\u0131t\u0131lmas\u0131d\u0131r.<\/p>\n<p><strong>5- Is\u0131 yal\u0131t\u0131m\u0131n\u0131n maliyeti nedir?<\/strong><\/p>\n<p>Is\u0131 yal\u0131t\u0131m\u0131n\u0131n binan\u0131n yap\u0131m a\u015famas\u0131ndaki maliyeti, bina maliyetinin % 2\u2019si ile 5\u2019i aras\u0131ndad\u0131r. \u0130n\u015faat a\u015famas\u0131nda \u0131s\u0131 yal\u0131t\u0131m\u0131 yap\u0131lm\u0131\u015f bir binada; d\u00fc\u015f\u00fck kapasiteli kazan, klima, k\u00fc\u00e7\u00fck radyat\u00f6r ve tesisat kullan\u0131laca\u011f\u0131 i\u00e7in yat\u0131r\u0131m ve i\u015fletme maliyeti de azalacakt\u0131r. Is\u0131 yal\u0131t\u0131m\u0131 i\u00e7in yapaca\u011f\u0131n\u0131z harcamalar, sa\u011flanan enerji tasarrufu ile 2-5 y\u0131l i\u00e7inde kendini geri \u00f6der.<\/p>\n<p><strong>7- Is\u0131 yal\u0131t\u0131m\u0131n\u0131n \u00fclkemiz i\u00e7in faydalar\u0131 nelerdir?<\/strong><\/p>\n<p>Hesaplamalar, t\u00fcm konutlar\u0131n standart ve y\u00f6netmeliklere uygun olarak yal\u0131t\u0131lmas\u0131 durumunda, \u00fclkemizin y\u0131ll\u0131k 3-10\u00a0 milyar dolar aras\u0131nda tasarruf yapaca\u011f\u0131n\u0131 g\u00f6stermi\u015ftir. Ekonominin canlanmas\u0131, istihdam\u0131n artmas\u0131, \u00fcretim ve uygulama ile birlikte artacak vergi gelirleri di\u011fer \u00f6nemli faydalar aras\u0131ndad\u0131r.<\/p>\n<p>Bu tasarrufun e\u011fitim, sa\u011fl\u0131k vb. zorunlu ihtiya\u00e7lar\u0131m\u0131za aktar\u0131laca\u011f\u0131n\u0131 g\u00f6z \u00f6n\u00fcne ald\u0131\u011f\u0131m\u0131zda, yal\u0131t\u0131m\u0131n toplumsal refah\u0131m\u0131z i\u00e7in de \u00f6nemli katk\u0131lar\u0131n\u0131n olaca\u011f\u0131 bir ger\u00e7ektir.<\/p>\n<p>Is\u0131 yal\u0131t\u0131m\u0131, binalar\u0131n daha az yak\u0131tla \u0131s\u0131t\u0131lmas\u0131n\u0131 sa\u011flayaca\u011f\u0131ndan atmosfere yay\u0131lan karbondioksit (CO<sub>2<\/sub>), k\u00fck\u00fcrtdioksit (SO<sub>2<\/sub>) ve di\u011fer gazlar azal\u0131r. B\u00f6ylece atmosferde olu\u015fan sera etkisi, k\u00fcresel \u0131s\u0131nma ve iklim de\u011fi\u015fikli\u011fi ile m\u00fccadeleye katk\u0131da bulunulur. D\u00fcnyan\u0131n \u0131s\u0131nmas\u0131 kutuplardaki buzullar\u0131n erimesine ve iklim de\u011fi\u015fikliklerine yol a\u00e7makta; buna ba\u011fl\u0131 olarak\u00a0 do\u011fal hayat giderek yok olmaktad\u0131r.<\/p>\n<p style=\"text-align: left;\" align=\"center\"><strong>ISI YALITIMININ ENERJ\u0130 YO\u011eUNLU\u011eUNU ARTTIRDI\u011eINI VE D\u00dcNYAMIZI, GELECE\u011e\u0130M\u0130Z\u0130 KORUDU\u011eUNU UNUTMAMALIYIZ!<\/strong><\/p>\n<p style=\"text-align: left;\" align=\"center\">Yazan: Fatih \u00c7A\u00c7AN &#8211; Enerji Sistemleri M\u00fchendisi \/ Enerji Gazetesi<\/p>\n<p style=\"text-align: left;\" align=\"center\">Yay\u0131nc\u0131: <a href=\"https:\/\/www.enerjigazetesi.ist\" target=\"_blank\">Enerji Gazetesi<\/a><\/p>\n<p>&nbsp;<\/p>","protected":false},"excerpt":{"rendered":"<p>Sorry, this entry is only available in Turkish. For the sake of viewer convenience, the content is shown below in the alternative language. You may click the link to switch the active language.1-Is\u0131 yal\u0131t\u0131m\u0131 nedir? Binalar\u0131m\u0131z k\u0131\u015f\u0131n so\u011fur, yaz\u0131n ise \u0131s\u0131n\u0131r. K\u0131\u015f\u0131n k\u00f6m\u00fcr, do\u011falgaz gibi yak\u0131tlar kullanarak evimizi so\u011fumamas\u0131 i\u00e7in \u0131s\u0131t\u0131r; yaz\u0131n ise \u0131s\u0131nan evimizi [&hellip;]<\/p>\n","protected":false},"author":1,"featured_media":20706,"comment_status":"open","ping_status":"open","sticky":false,"template":"","format":"standard","meta":[],"categories":[53,52],"tags":[63,67,1009,165,12,380],"views":1314,"_links":{"self":[{"href":"https:\/\/www.enerjigazetesi.ist\/en\/wp-json\/wp\/v2\/posts\/20705"}],"collection":[{"href":"https:\/\/www.enerjigazetesi.ist\/en\/wp-json\/wp\/v2\/posts"}],"about":[{"href":"https:\/\/www.enerjigazetesi.ist\/en\/wp-json\/wp\/v2\/types\/post"}],"author":[{"embeddable":true,"href":"https:\/\/www.enerjigazetesi.ist\/en\/wp-json\/wp\/v2\/users\/1"}],"replies":[{"embeddable":true,"href":"https:\/\/www.enerjigazetesi.ist\/en\/wp-json\/wp\/v2\/comments?post=20705"}],"version-history":[{"count":3,"href":"https:\/\/www.enerjigazetesi.ist\/en\/wp-json\/wp\/v2\/posts\/20705\/revisions"}],"predecessor-version":[{"id":20708,"href":"https:\/\/www.enerjigazetesi.ist\/en\/wp-json\/wp\/v2\/posts\/20705\/revisions\/20708"}],"wp:featuredmedia":[{"embeddable":true,"href":"https:\/\/www.enerjigazetesi.ist\/en\/wp-json\/wp\/v2\/media\/20706"}],"wp:attachment":[{"href":"https:\/\/www.enerjigazetesi.ist\/en\/wp-json\/wp\/v2\/media?parent=20705"}],"wp:term":[{"taxonomy":"category","embeddable":true,"href":"https:\/\/www.enerjigazetesi.ist\/en\/wp-json\/wp\/v2\/categories?post=20705"},{"taxonomy":"post_tag","embeddable":true,"href":"https:\/\/www.enerjigazetesi.ist\/en\/wp-json\/wp\/v2\/tags?post=20705"}],"curies":[{"name":"wp","href":"https:\/\/api.w.org\/{rel}","templated":true}]}}